{"id":21632,"date":"2014-09-06T11:56:16","date_gmt":"2014-09-06T14:56:16","guid":{"rendered":"http:\/\/www.notibras.com\/site\/?p=21632"},"modified":"2014-09-06T21:59:33","modified_gmt":"2014-09-07T00:59:33","slug":"mesmo-sem-risco-de-epidemia-hospital-se-prepara-contra-ebola","status":"publish","type":"post","link":"https:\/\/www.notibras.com\/site\/mesmo-sem-risco-de-epidemia-hospital-se-prepara-contra-ebola\/","title":{"rendered":"Mesmo sem risco de surto, hospital age contra o ebola"},"content":{"rendered":"<p>Apesar de ser muito remota a chance de uma epidemia de ebola no Brasil, o Instituto de Infectologia Em\u00edlio Ribas, de S\u00e3o Paulo, refer\u00eancia em diagn\u00f3stico e tratamento de doen\u00e7as infectocontagiosas, apresentou nesta sexta-feira orienta\u00e7\u00f5es e um plano de conting\u00eancia da doen\u00e7a a organiza\u00e7\u00f5es n\u00e3o governamentais e entidades que trabalham diretamente com imigrantes.<\/p>\n<p class=\"text\">Os refugiados ou imigrantes que chegarem dos pa\u00edses africanas com surto da doen\u00e7a (Guin\u00e9-Conacri, Lib\u00e9ria e Serra Leoa) dever\u00e3o ser acompanhados pelas entidades por 21 dias, com duas medi\u00e7\u00f5es di\u00e1rias da temperatura corp\u00f3rea para a aferi\u00e7\u00e3o de febre \u2013 principal sintoma da doen\u00e7a. Em caso positivo, o servi\u00e7o de sa\u00fade deve ser acionado e notificar o Centro de Vigil\u00e2ncia Epidemiol\u00f3gica (CVE), da Secretaria de Sa\u00fade.<\/p>\n<blockquote>\n<p class=\"text\">\u201cA partir do momento em que o paciente cumpra os crit\u00e9rios de caso suspeito de ebola, n\u00f3s vamos busc\u00e1-lo no local com um grupo de resgate de urg\u00eancias do estado, preparado para resgatar pessoas com alto risco de transmiss\u00e3o no per\u00edodo da Copa (<em>do Mundo<\/em>)\u201d, destacou a m\u00e9dica do CVE, Gizelda Katz.<\/p>\n<\/blockquote>\n<p class=\"text\">\u201cN\u00f3s aqui, internamente, vamos trabalhar com prote\u00e7\u00e3o m\u00e1xima, com sala e antessala de isolamento. O equipamento m\u00e9dico consta de macac\u00e3o fechado com gorro, duas luvas sobrepostas, duas botas sobrepostas, material imperme\u00e1vel, \u00f3culos, m\u00e1scara e, por cima, um visor. Dessa forma a equipe est\u00e1 protegida\u201d, ressaltou o diretor t\u00e9cnico do Hospital Em\u00edlio Ribas, o infectologista Luiz Carlos Pereira.<\/p>\n<p class=\"text\">De acordo com o coordenador do N\u00facleo de Medicina do Viajante daquele hospital, Jess\u00e9 Reis Alves, o v\u00edrus s\u00f3 \u00e9 transmitido quando a pessoa infectada est\u00e1 manifestando os sintomas da doen\u00e7a, o que facilita o controle da dissemina\u00e7\u00e3o. Os sintomas podem aparecer at\u00e9 21 dias ap\u00f3s o cont\u00e1gio, mas normalmente se manifestam no sexto ou s\u00e9timo dia ap\u00f3s a infec\u00e7\u00e3o. Como as fronteiras dos pa\u00edses onde h\u00e1 surto est\u00e3o fechadas, e n\u00e3o h\u00e1 voos diretos para o Brasil, as chances de o v\u00edrus chegar ao pa\u00eds s\u00e3o remotas.<\/p>\n<p class=\"text\">&#8220;Uma pessoa que vem da \u00c1frica para o Brasil gasta bastante tempo, pois n\u00e3o temos voos diretos para os pa\u00edses afetados. Quase todos os voos da Costa Oeste africana v\u00e3o primeiro para \u00c1frica do Sul, e depois \u00e9 que v\u00eam para c\u00e1&#8221;, explicou.<\/p>\n<p class=\"text\">Para a educadora Isabel Abalos, do Centro Social Nossa Senhora Aparecida, que recebe imigrantes africanos, havia d\u00favidas sobre como proceder com os casos suspeitos. \u201cO que nos preocupava \u00e9 que os africanos est\u00e3o chegando ao Brasil, e eles transitam pela \u00c1frica; e a not\u00edcia estava avan\u00e7ando, o que nos deu essa motiva\u00e7\u00e3o para pedir esclarecimentos ao Em\u00edlio Ribas\u201d, disse. \u201cAgora sei que posso telefonar e tenho de controlar a temperatura da pessoa\u201d, acrescentou.<\/p>\n<p class=\"text\">O ebola n\u00e3o \u00e9 transmitido pelo ar e nem pela \u00e1gua. O cont\u00e1gio ocorre no contato com fluidos corporais da pessoa infectada. Al\u00e9m da febre, os sintomas s\u00e3o dores de cabe\u00e7a, dores musculares, fraqueza, diarreia, v\u00f4mitos, dores abdominais, perda de apetite e sinais de sangramento nas mucosas e nas fezes.<\/p>\n","protected":false},"excerpt":{"rendered":"<p>Apesar de ser muito remota a chance de uma epidemia de ebola no Brasil, o Instituto de Infectologia Em\u00edlio Ribas, de S\u00e3o Paulo, refer\u00eancia em diagn\u00f3stico e tratamento de doen\u00e7as infectocontagiosas, apresentou nesta sexta-feira orienta\u00e7\u00f5es e um plano de conting\u00eancia da doen\u00e7a a organiza\u00e7\u00f5es n\u00e3o governamentais e entidades que trabalham diretamente com imigrantes. Os refugiados [&hellip;]<\/p>\n","protected":false},"author":2,"featured_media":21633,"comment_status":"open","ping_status":"closed","sticky":false,"template":"","format":"standard","meta":{"_acf_changed":false,"footnotes":""},"categories":[16],"tags":[],"class_list":["post-21632","post","type-post","status-publish","format-standard","has-post-thumbnail","hentry","category-brasil"],"acf":[],"_links":{"self":[{"href":"https:\/\/www.notibras.com\/site\/wp-json\/wp\/v2\/posts\/21632","targetHints":{"allow":["GET"]}}],"collection":[{"href":"https:\/\/www.notibras.com\/site\/wp-json\/wp\/v2\/posts"}],"about":[{"href":"https:\/\/www.notibras.com\/site\/wp-json\/wp\/v2\/types\/post"}],"author":[{"embeddable":true,"href":"https:\/\/www.notibras.com\/site\/wp-json\/wp\/v2\/users\/2"}],"replies":[{"embeddable":true,"href":"https:\/\/www.notibras.com\/site\/wp-json\/wp\/v2\/comments?post=21632"}],"version-history":[{"count":0,"href":"https:\/\/www.notibras.com\/site\/wp-json\/wp\/v2\/posts\/21632\/revisions"}],"wp:featuredmedia":[{"embeddable":true,"href":"https:\/\/www.notibras.com\/site\/wp-json\/wp\/v2\/media\/21633"}],"wp:attachment":[{"href":"https:\/\/www.notibras.com\/site\/wp-json\/wp\/v2\/media?parent=21632"}],"wp:term":[{"taxonomy":"category","embeddable":true,"href":"https:\/\/www.notibras.com\/site\/wp-json\/wp\/v2\/categories?post=21632"},{"taxonomy":"post_tag","embeddable":true,"href":"https:\/\/www.notibras.com\/site\/wp-json\/wp\/v2\/tags?post=21632"}],"curies":[{"name":"wp","href":"https:\/\/api.w.org\/{rel}","templated":true}]}}