{"id":21685,"date":"2014-09-07T18:46:22","date_gmt":"2014-09-07T21:46:22","guid":{"rendered":"http:\/\/www.notibras.com\/site\/?p=21685"},"modified":"2014-09-07T19:03:47","modified_gmt":"2014-09-07T22:03:47","slug":"grito-dos-excluidos-acaba-em-pancadaria-e-prisoes-no-rio","status":"publish","type":"post","link":"https:\/\/www.notibras.com\/site\/grito-dos-excluidos-acaba-em-pancadaria-e-prisoes-no-rio\/","title":{"rendered":"Grito dos Exclu\u00eddos acaba em briga e pris\u00f5es de ativistas"},"content":{"rendered":"<p>A passeata da 20\u00aa edi\u00e7\u00e3o do Grito dos Exclu\u00eddos, realizada no centro do Rio de Janeiro depois do desfile\u00a0c\u00edvico de 7 de setembro,\u00a0foi marcada por um\u00a0confronto entre policiais e manifestantes no in\u00edcio da tarde de domingo. Ap\u00f3s\u00a0queimaram a bandeira nacional,\u00a0dois integrantes do protesto\u00a0foram presos. Para conter o empurra-empurra, que ocorreu na altura da Central do Brasil,\u00a0os policiais usaram spray de pimenta.<\/p>\n<p class=\"text\">O jornalista Patrick Granja disse ter sido agredido por um policial militar. &#8220;Estava terminando o ato pr\u00f3ximo ao Hospital Municipal Souza Aguiar, quando os policiais come\u00e7aram a bater nas pessoas. Um deles me atingiu com o cassetete. Tentei film\u00e1-lo e ele me deu outra cassetada&#8221;, afirmou.\u00a0Granja mostrou as imagens a um coronel da Pol\u00edcia Militar, respons\u00e1vel pela tropa, e foi aconselhado a procurar a corregedoria da corpora\u00e7\u00e3o, mostrando as imagens.<\/p>\n<p class=\"text\">Na confus\u00e3o, uma terceira pessoa tamb\u00e9m foi detida. Parte dos manifestantes se dispersou depois do tumulto, enquanto outro grupo manteve a caminhada at\u00e9 a est\u00e1tua de Zumbi dos Palmares, onde houve discursos.<\/p>\n<p class=\"text\">Os manifestantes levavam cartazes com fotos de v\u00edtimas da ditadura militar de 1964 e da pol\u00edcia nos recentes protestos ocorridos desde junho do ano passado. Houve cartazes tamb\u00e9m pedindo o voto nulo para as elei\u00e7\u00f5es de outubro, mais dinheiro para a educa\u00e7\u00e3o p\u00fablica, o fim das rodadas de licita\u00e7\u00e3o do petr\u00f3leo e outras melhorias.<\/p>\n<p class=\"text\">A jornalista Ieda Raro diz que foi ao protesto para chamar a aten\u00e7\u00e3o da popula\u00e7\u00e3o sobre a situa\u00e7\u00e3o do Hospital Municipal Salles Neto, na zona norte da capital fluminense. &#8220;A gente tem que ter transpar\u00eancia. As pessoas t\u00eam que saber o que est\u00e1 acontecendo com a sa\u00fade p\u00fablica no Rio de Janeiro&#8221;, disse.<\/p>\n<p class=\"text\">A servidora p\u00fablica Solange Jacques levou as tr\u00eas netas para o protesto. &#8220;\u00c9 de crian\u00e7a que se aprende. As minhas netas j\u00e1 foram h\u00e1 v\u00e1rias manifesta\u00e7\u00f5es&#8221;, contou.<\/p>\n<p class=\"text\">J\u00e1 o morador da Ilha do Governador Ricardo Novaes aproveitou o Grito dos Exclu\u00eddos para pedir melhorias no transporte p\u00fablico. &#8220;Com a instala\u00e7\u00e3o\u00a0 do BRT [Bus Rapid Transit] na Ilha do Governador, as kombis e vans [de transporte alternativo] n\u00e3o v\u00e3o poder mais circular pelo bairro. Vai ficar dif\u00edcil para os moradores. N\u00e3o \u00e9 s\u00f3 a quest\u00e3o do transporte. Querem mostrar que o Brasil n\u00e3o tem problema algum. A cidade do Rio de Janeiro, por exemplo, est\u00e1 cheia de problema&#8221;, avaliou.<\/p>\n<blockquote>\n<p class=\"text\">Na capital paulista, a\u00a0passeata do Grito dos Exclu\u00eddos reuniu 200 pessoas. O grupo caminhou, por volta do meio-dia,\u00a0da Pra\u00e7a da S\u00e9\u00a0ao Largo do Caf\u00e9, na regi\u00e3o central da cidade. Esta foi a 18\u00aa edi\u00e7\u00e3o do Grito em S\u00e3o Paulo e teve como tema a quest\u00e3o da criminaliza\u00e7\u00e3o das manifesta\u00e7\u00f5es.<\/p>\n<\/blockquote>\n<p class=\"text\">De acordo com Paulo C\u00e9sar Pedrini, coordenador da Pastoral Oper\u00e1ria Metropolitana de S\u00e3o Paulo e integrante da organiza\u00e7\u00e3o, o lema foi ocupar ruas e pra\u00e7as na luta por direitos. \u201cEm S\u00e3o Paulo, a gente resolveu priorizar tr\u00eas eixos: a criminaliza\u00e7\u00e3o do movimento sindical e social, o direito de greve e tamb\u00e9m a quest\u00e3o da \u00e1gua, que h\u00e1 muito tempo n\u00e3o se investe seriamente\u201d, disse.<\/p>\n<p class=\"text\">\u201cN\u00f3s viemos aqui para representar a nossa aldeia, mas as outras etnias tamb\u00e9m. Estamos reivindicando melhorias para n\u00f3s. Reivindicamos sa\u00fade, transporte, escola para os nossos filhos. Somos muito discriminados. Reivindicamos tamb\u00e9m a demarca\u00e7\u00e3o das nossas terras\u201d, completou o \u00edndio Salvador, da etnia Kaimb\u00ea,\u00a0que tem 1,2 mil integrantes vivendo em uma aldeia da regi\u00e3o de Heli\u00f3polis, zona sul.<\/p>\n<p class=\"text\">O ato teve participa\u00e7\u00e3o das pastorais sociais da Arquidiocese de S\u00e3o Paulo, das centrais sindicais e de outros movimentos.<\/p>\n","protected":false},"excerpt":{"rendered":"<p>A passeata da 20\u00aa edi\u00e7\u00e3o do Grito dos Exclu\u00eddos, realizada no centro do Rio de Janeiro depois do desfile\u00a0c\u00edvico de 7 de setembro,\u00a0foi marcada por um\u00a0confronto entre policiais e manifestantes no in\u00edcio da tarde de domingo. Ap\u00f3s\u00a0queimaram a bandeira nacional,\u00a0dois integrantes do protesto\u00a0foram presos. Para conter o empurra-empurra, que ocorreu na altura da Central do [&hellip;]<\/p>\n","protected":false},"author":2,"featured_media":21686,"comment_status":"open","ping_status":"closed","sticky":false,"template":"","format":"standard","meta":{"_acf_changed":false,"footnotes":""},"categories":[16],"tags":[],"class_list":["post-21685","post","type-post","status-publish","format-standard","has-post-thumbnail","hentry","category-brasil"],"acf":[],"_links":{"self":[{"href":"https:\/\/www.notibras.com\/site\/wp-json\/wp\/v2\/posts\/21685","targetHints":{"allow":["GET"]}}],"collection":[{"href":"https:\/\/www.notibras.com\/site\/wp-json\/wp\/v2\/posts"}],"about":[{"href":"https:\/\/www.notibras.com\/site\/wp-json\/wp\/v2\/types\/post"}],"author":[{"embeddable":true,"href":"https:\/\/www.notibras.com\/site\/wp-json\/wp\/v2\/users\/2"}],"replies":[{"embeddable":true,"href":"https:\/\/www.notibras.com\/site\/wp-json\/wp\/v2\/comments?post=21685"}],"version-history":[{"count":0,"href":"https:\/\/www.notibras.com\/site\/wp-json\/wp\/v2\/posts\/21685\/revisions"}],"wp:featuredmedia":[{"embeddable":true,"href":"https:\/\/www.notibras.com\/site\/wp-json\/wp\/v2\/media\/21686"}],"wp:attachment":[{"href":"https:\/\/www.notibras.com\/site\/wp-json\/wp\/v2\/media?parent=21685"}],"wp:term":[{"taxonomy":"category","embeddable":true,"href":"https:\/\/www.notibras.com\/site\/wp-json\/wp\/v2\/categories?post=21685"},{"taxonomy":"post_tag","embeddable":true,"href":"https:\/\/www.notibras.com\/site\/wp-json\/wp\/v2\/tags?post=21685"}],"curies":[{"name":"wp","href":"https:\/\/api.w.org\/{rel}","templated":true}]}}