{"id":21713,"date":"2014-09-08T11:23:31","date_gmt":"2014-09-08T14:23:31","guid":{"rendered":"http:\/\/www.notibras.com\/site\/?p=21713"},"modified":"2014-09-09T21:08:17","modified_gmt":"2014-09-10T00:08:17","slug":"russia-adverte-que-novas-sancoes-colocam-em-risco-seguranca-mundial","status":"publish","type":"post","link":"https:\/\/www.notibras.com\/site\/russia-adverte-que-novas-sancoes-colocam-em-risco-seguranca-mundial\/","title":{"rendered":"R\u00fassia adverte que san\u00e7\u00f5es colocam paz mundial em risco"},"content":{"rendered":"<p>O primeiro-ministro russo, Dmitri Medvedev, advertiu que a ado\u00e7\u00e3o de novas san\u00e7\u00f5es contra o seu pa\u00eds podem amea\u00e7ar a seguran\u00e7a internacional.<\/p>\n<p>\u201cSabemos que as san\u00e7\u00f5es primeiro s\u00e3o econ\u00f4micas, depois continuam com respostas pol\u00edticas que s\u00e3o sempre assim\u00e9tricas. E isso \u00e9 pior que a restri\u00e7\u00e3o de bens: pode produzir a quebra do sistema de seguran\u00e7a no mundo\u201d, disse o chefe do governo russo.<\/p>\n<p>Por outro lado, ele manifestou confian\u00e7a de que os parceiros ocidentais de Moscou n\u00e3o querem perturbar a seguran\u00e7a internacional, pois \u201centre os que tomam decis\u00f5es n\u00e3o h\u00e1 loucos\u201d.<\/p>\n<blockquote><p>Na sexta-feira (5), a Uni\u00e3o Europeia aprovou uma nova rodada de san\u00e7\u00f5es contra a R\u00fassia devido \u00e0 crise ucraniana e que ser\u00e3o aplicadas formalmente a partir de hoje (8), mas podem ser suspensas se o cessar-fogo acordado entre Kiev e Moscou for colocado em pr\u00e1tica de forma est\u00e1vel.<\/p><\/blockquote>\n<p>Representantes do governo da Ucr\u00e2nia e dos separatistas pr\u00f3-russos firmaram na sexta-feira um acordo de cessar-fogo no Leste do pa\u00eds, com media\u00e7\u00e3o da R\u00fassia e da Organiza\u00e7\u00e3o para Seguran\u00e7a e Coopera\u00e7\u00e3o na Europa.<\/p>\n","protected":false},"excerpt":{"rendered":"<p>O primeiro-ministro russo, Dmitri Medvedev, advertiu que a ado\u00e7\u00e3o de novas san\u00e7\u00f5es contra o seu pa\u00eds podem amea\u00e7ar a seguran\u00e7a internacional. \u201cSabemos que as san\u00e7\u00f5es primeiro s\u00e3o econ\u00f4micas, depois continuam com respostas pol\u00edticas que s\u00e3o sempre assim\u00e9tricas. E isso \u00e9 pior que a restri\u00e7\u00e3o de bens: pode produzir a quebra do sistema de seguran\u00e7a no [&hellip;]<\/p>\n","protected":false},"author":2,"featured_media":21714,"comment_status":"open","ping_status":"closed","sticky":false,"template":"","format":"standard","meta":{"_acf_changed":false,"footnotes":""},"categories":[17],"tags":[],"class_list":["post-21713","post","type-post","status-publish","format-standard","has-post-thumbnail","hentry","category-mundo"],"acf":[],"_links":{"self":[{"href":"https:\/\/www.notibras.com\/site\/wp-json\/wp\/v2\/posts\/21713","targetHints":{"allow":["GET"]}}],"collection":[{"href":"https:\/\/www.notibras.com\/site\/wp-json\/wp\/v2\/posts"}],"about":[{"href":"https:\/\/www.notibras.com\/site\/wp-json\/wp\/v2\/types\/post"}],"author":[{"embeddable":true,"href":"https:\/\/www.notibras.com\/site\/wp-json\/wp\/v2\/users\/2"}],"replies":[{"embeddable":true,"href":"https:\/\/www.notibras.com\/site\/wp-json\/wp\/v2\/comments?post=21713"}],"version-history":[{"count":0,"href":"https:\/\/www.notibras.com\/site\/wp-json\/wp\/v2\/posts\/21713\/revisions"}],"wp:featuredmedia":[{"embeddable":true,"href":"https:\/\/www.notibras.com\/site\/wp-json\/wp\/v2\/media\/21714"}],"wp:attachment":[{"href":"https:\/\/www.notibras.com\/site\/wp-json\/wp\/v2\/media?parent=21713"}],"wp:term":[{"taxonomy":"category","embeddable":true,"href":"https:\/\/www.notibras.com\/site\/wp-json\/wp\/v2\/categories?post=21713"},{"taxonomy":"post_tag","embeddable":true,"href":"https:\/\/www.notibras.com\/site\/wp-json\/wp\/v2\/tags?post=21713"}],"curies":[{"name":"wp","href":"https:\/\/api.w.org\/{rel}","templated":true}]}}