{"id":21724,"date":"2014-09-08T12:54:03","date_gmt":"2014-09-08T15:54:03","guid":{"rendered":"http:\/\/www.notibras.com\/site\/?p=21724"},"modified":"2014-09-08T12:54:03","modified_gmt":"2014-09-08T15:54:03","slug":"erika-tem-faixa-propria-e-votos-sao-de-jackie-e-lili-nao-de-patricia","status":"publish","type":"post","link":"https:\/\/www.notibras.com\/site\/erika-tem-faixa-propria-e-votos-sao-de-jackie-e-lili-nao-de-patricia\/","title":{"rendered":"\u00c9rika tem faixa pr\u00f3pria. E votos s\u00e3o de Jackie e Lili, n\u00e3o de Patr\u00edcia"},"content":{"rendered":"<p>\u00c9rika Kokay, por exemplo, n\u00e3o esconde as bandeiras que levanta. Uma delas, em defesa das causas dos gays, uma parcela da sociedade que vinha sendo discriminada, mas que mostrou sua for\u00e7a, uni\u00e3o e capacidade de aglutina\u00e7\u00e3o inclusive na hora de escolher seus representantes. E enquanto a deputada Nota 10 trabalha incans\u00e1vel por mais um mandato, o ex-secret\u00e1rio, que n\u00e3o \u00e9 t\u00e3o fam\u00edlia como apregoa, se esconde em goles de u\u00edsque e vodca, na esperan\u00e7a de conquistar o cl\u00e3 Roriz via sorrisos de Patr\u00edcia, sonhando levar a reboque votos que s\u00e3o na verdade de Jackie e Lili.<\/p>\n","protected":false},"excerpt":{"rendered":"<p>\u00c9rika Kokay, por exemplo, n\u00e3o esconde as bandeiras que levanta. Uma delas, em defesa das causas dos gays, uma parcela da sociedade que vinha sendo discriminada, mas que mostrou sua for\u00e7a, uni\u00e3o e capacidade de aglutina\u00e7\u00e3o inclusive na hora de escolher seus representantes. E enquanto a deputada Nota 10 trabalha incans\u00e1vel por mais um mandato, [&hellip;]<\/p>\n","protected":false},"author":2,"featured_media":21725,"comment_status":"open","ping_status":"closed","sticky":false,"template":"","format":"standard","meta":{"_acf_changed":false,"footnotes":""},"categories":[26],"tags":[],"class_list":["post-21724","post","type-post","status-publish","format-standard","has-post-thumbnail","hentry","category-eleicoes-2022"],"acf":[],"_links":{"self":[{"href":"https:\/\/www.notibras.com\/site\/wp-json\/wp\/v2\/posts\/21724","targetHints":{"allow":["GET"]}}],"collection":[{"href":"https:\/\/www.notibras.com\/site\/wp-json\/wp\/v2\/posts"}],"about":[{"href":"https:\/\/www.notibras.com\/site\/wp-json\/wp\/v2\/types\/post"}],"author":[{"embeddable":true,"href":"https:\/\/www.notibras.com\/site\/wp-json\/wp\/v2\/users\/2"}],"replies":[{"embeddable":true,"href":"https:\/\/www.notibras.com\/site\/wp-json\/wp\/v2\/comments?post=21724"}],"version-history":[{"count":0,"href":"https:\/\/www.notibras.com\/site\/wp-json\/wp\/v2\/posts\/21724\/revisions"}],"wp:featuredmedia":[{"embeddable":true,"href":"https:\/\/www.notibras.com\/site\/wp-json\/wp\/v2\/media\/21725"}],"wp:attachment":[{"href":"https:\/\/www.notibras.com\/site\/wp-json\/wp\/v2\/media?parent=21724"}],"wp:term":[{"taxonomy":"category","embeddable":true,"href":"https:\/\/www.notibras.com\/site\/wp-json\/wp\/v2\/categories?post=21724"},{"taxonomy":"post_tag","embeddable":true,"href":"https:\/\/www.notibras.com\/site\/wp-json\/wp\/v2\/tags?post=21724"}],"curies":[{"name":"wp","href":"https:\/\/api.w.org\/{rel}","templated":true}]}}