{"id":21766,"date":"2014-09-08T23:00:42","date_gmt":"2014-09-09T02:00:42","guid":{"rendered":"http:\/\/www.notibras.com\/site\/?p=21766"},"modified":"2014-09-08T23:00:42","modified_gmt":"2014-09-09T02:00:42","slug":"putin-mostra-independencia-e-faz-tremer-o-governo-americano","status":"publish","type":"post","link":"https:\/\/www.notibras.com\/site\/putin-mostra-independencia-e-faz-tremer-o-governo-americano\/","title":{"rendered":"Putin mostra independ\u00eancia e faz tremer o governo americano"},"content":{"rendered":"<p>Esque\u00e7am a alegada \u2018agress\u00e3o\u2019 da R\u00fassia, com ocupa\u00e7\u00e3o na Ucr\u00e2nia. O verdadeiro problema para os EUA \u00e9 Vladimir Putin. Mais precisamente: o verdadeiro problema \u00e9 uma R\u00fassia forte e independente sob a presid\u00eancia de Putin, uma R\u00fassia que defende os pr\u00f3prios direitos nacionais, respeito \u00e0 lei internacional e que n\u00e3o d\u00e1 sinais de disposi\u00e7\u00e3o para ceder aos interesses hegemonistas autistas dos EUA, como, por exemplo, defender o d\u00f3lar decadente-fracassante norte-americano.<\/p>\n<p>Com a alian\u00e7a OTAN\/EUA reunida essa semana em Gales, \u00e9 \u00f3bvio que Washington e seus vassalos europeus dar\u00e3o tratos \u00e0 bola para encontrar novo objetivo para uma organiza\u00e7\u00e3o criada h\u00e1 65 anos, durante a Guerra Fria. A reuni\u00e3o de c\u00fapula na cidade galesa de Newport est\u00e1 sendo vendida como \u201ca mais importante reuni\u00e3o da OTAN desde o fim da Guerra Fria\u201d \u2013 e por que tudo isso?! \u2013 h\u00e1 mais de vinte anos.<\/p>\n<p>O presidente Barack Obama dos EUA l\u00e1 estar\u00e1, al\u00e9m de 60 l\u00edderes mundiais , a\u00ed contados os dos 28 estados-membros da OTAN. Esc\u00e2ndalo dos esc\u00e2ndalos e vergonha para o \u2018ocidente\u2019, a coisa ali fervilha com uma ret\u00f3rica super inflada de\u00a0 \u201cdefender a Europa contra agress\u00e3o russa\u201d. O secret\u00e1rio-geral da OTAN Anders Fogh Rasmussen teve a petul\u00e2ncia de \u2018declarar\u2019, na abertura da confer\u00eancia, que \u201ca R\u00fassia est\u00e1 atacando a Ucr\u00e2nia\u201d.<\/p>\n<p>\u201cAssim sendo, continuamos a conclamar a R\u00fassia para que recolha suas tropas de volta para dentro das fronteiras russas\u00a0 e ponha fim ao fluxo de armas e soldados para dentro da Ucr\u00e2nia\u201d \u2013 disse deslavadamente Rasmussen, sem nem um fragmento de prova a oferecer.<\/p>\n<p>Um dia antes da abertura da reuni\u00e3o da OTAN, falando ainda da Est\u00f4nia, o presidente Barack Obama usou a mesma ret\u00f3rica de provoca\u00e7\u00e3o, acusando a R\u00fassia de agredir a Ucr\u00e2nia e de violar a lei internacional. O presidente dos EUA n\u00e3o economizou ret\u00f3rica e cal\u00fanias, sem qualquer prova, sobre \u201cseparatistas na Ucr\u00e2nia, pagos pela R\u00fassia, armados pela R\u00fassia, treinados pela R\u00fassia, apoiados pela R\u00fassia e com frequ\u00eancia comandados pela R\u00fassia.\u201d<\/p>\n<p>Como disse o enviado da R\u00fassia \u00e0 OTAN, Alexandr Grushko, dessas acusa\u00e7\u00f5es que v\u00e1rios l\u00edderes ocidentais v\u00eam vociferando, \u201cn\u00e3o s\u00e3o fatos, s\u00e3o inven\u00e7\u00f5es\u201d. Grushko disse que a OTAN estava escalando as tens\u00f5es com a R\u00fassia sem qualquer prova de conduta indevida. \u201cN\u00e3o houve aumento de tropas nem movimento de armamento militar\u201d \u2013 disse ele.<\/p>\n<p>\u00c9 quase inacredit\u00e1vel que todo o furor militarista insuflado em torno da confer\u00eanciada OTAN, e as declara\u00e7\u00f5es bomb\u00e1sticas de seguran\u00e7a coletiva com votos e brados de proteger \u201cnossos membros no Leste da Europa\u201d esteja sendo invocado absolutamente sem qualquer tipo de prova confi\u00e1vel, como imagens de sat\u00e9lite, por exemplo, de tropas russas e movimento de tanques, lan\u00e7amento de m\u00edsseis ou incurs\u00f5es a\u00e9reas em territ\u00f3rio da Ucr\u00e2nia. \u00c9 fazer pol\u00edtica \u00e0 base de fantasias e preconceitos.<\/p>\n<p>Isso n\u00e3o implica dizer que n\u00e3o haja a\u00ed, em jogo, preocupa\u00e7\u00f5es muito reais. Com certeza, h\u00e1. Mas as pot\u00eancias ocidentais e seu aparelho de imprensa-empresa est\u00e3o tomados de total furor de propaganda, decididos a esconder aquelas preocupa\u00e7\u00f5es, elas, sim, bem reais.<\/p>\n<p>O que Obama e outras altas figuras dos EUA t\u00eam repetido enfaticamente ao longo dos \u00faltimos seis meses \u00e9 a necessidade de os pa\u00edses membros da OTAN \u201ccomparecerem no que lhes cabe\u201d, em termos de financiar a OTAN.<\/p>\n<p>Durante quase todos os 65 anos da OTAN, os EUA foram os principais mantenedores da OTAN e, de longe, o membro mais importante. H\u00e1 boas raz\u00f5es para essa prodigalidade hist\u00f3rica dos EUA. A OTAN sempre foi ve\u00edculo mediante o qual os EUA exerceram presen\u00e7a militar, pol\u00edtica e econ\u00f4mica dominante sobre a Europa. Sem a OTAN, Washington veria consideravelmente reduzida a sua influ\u00eancia sobre seus \u201caliados\u201d europeus. De modo especial, Washington veria aumentar uma tend\u00eancia hist\u00f3rica \u00f3bvia de aproxima\u00e7\u00e3o pol\u00edtica e econ\u00f4mica entre a Europa e a R\u00fassia, se n\u00e3o houvesse as garras da \u2018alian\u00e7a\u2019 cravadas no continente.<\/p>\n<p>\u00c9 significativo que ao longo das duas \u00faltimas d\u00e9cadas, desde o fim da Guerra Fria \u2013 e, claro, desde que a OTAN deixou de ter objetivo e raz\u00e3o de ser \u2013 o financiamento europeu para a organiza\u00e7\u00e3o tenha ca\u00eddo, de mais de 30%, para quase 20%. Em outras palavras, isso sugere que os estados europeus est\u00e3o perdendo o interesse que a OTAN lhes inspirava no p\u00f3s-Guerra-Fria, quando ainda acreditavam que pudesse ter alguma serventia.<\/p>\n<p>Tudo sugere tamb\u00e9m, hoje, correspondentemente, que Washington est\u00e1 decidida a fazer reviver a \u2018import\u00e2ncia\u2019 da OTAN falando sem parar sobre alguma \u2018amea\u00e7a\u2019 que a R\u00fassia representaria \u00e0 seguran\u00e7a europeia. OTAN ressuscitada significa presen\u00e7a ressuscitada dos EUA na Europa, o que \u00e9 essencial para manter a hegemonia dos EUA sobre o planeta.<\/p>\n<p>S\u00f3 assim se v\u00ea algum sentido real na a\u00e7\u00e3o, visivelmente comandada pelos EUA, de fazer aumentar sempre as tens\u00f5es com a R\u00fassia \u2013 usando como pretexto, a Ucr\u00e2nia. A a\u00e7\u00e3o dos EUA gerou um cisma sempre crescente entre Moscou e a Europa, onde at\u00e9 bem pouco tempo havia rela\u00e7\u00f5es diplom\u00e1ticas cordiais baseadas em substanciais parcerias econ\u00f4micas e comerciais.<\/p>\n<p>Claro que o trabalho pol\u00edtico de Washington encontrou c\u00famplices europeus para empurrar o mundo em dire\u00e7\u00e3o \u00e0 guerra e fazer aumentar as tens\u00f5es. O governo brit\u00e2nico obrou como lacaio dedicado a servi\u00e7o da agenda de guerra dos EUA, como a Junta em Kiev liderada por Arseniy Yatsenyuk e, tamb\u00e9m, os governos pr\u00f3 EUA na Pol\u00f4nia e nos estados b\u00e1lticos.<\/p>\n<p>\u00c9 essa agenda oculta, da hegemonia geopol\u00edtica dos EUA \u2013 n\u00e3o alguma inexistente agress\u00e3o russa \u2013 que se viu bem clara essa semana, na fala de Barack Obama ao lado do presidente\u00a0 Toomas Hendrik Ilves. Quando os dois foram perguntados sobre o que pensam sobre o que disp\u00f5e o Ato de Cria\u00e7\u00e3o da OTAN, de 1997, assinado entre OTAN e R\u00fassia, disseram que o compromisso assumido naquele momento, de que a \u2018alian\u00e7a\u2019 n\u00e3o avan\u00e7aria na dire\u00e7\u00e3o das fronteiras russas, j\u00e1 n\u00e3o se aplica(ria) hoje, porque \u201ca paisagem mudou\u201d.<\/p>\n<p>O presidente da Est\u00f4nia, que estudou nos EUA, disse: \u201cAquele era o ambiente de seguran\u00e7a de 1997, quando Boris Ieltsin era presidente da R\u00fassia e n\u00e3o havia viola\u00e7\u00f5es, nem da Carta da ONU nem Acordo de Helsinki de 1975 ou da Carta de Paris de 1990.\u201d<\/p>\n<p>Deve-se observar que Ilves s\u00f3 faz repetir assertivas sem nenhuma prova ou reconhecimento legal de que a R\u00fassia tivesse algum dia violado a Carta da ONU ou qualquer tratado. O que o homem faz \u00e9 repor em cena o personagem Boris Ieltsin. Ieltsin \u2018interessava\u2019 a norte-americanos e europeus porque era presidente fraco, servil, que deu r\u00e9dea solta ao capital ocidental para que avan\u00e7asse como bem entendesse sobre o territ\u00f3rio da R\u00fassia, imediatamente depois do colapso da URSS. O tempo de Ielstin tamb\u00e9m foi tempo de corrup\u00e7\u00e3o rampante pelos oligarcas russos, todos intimamente associados ao capital ocidental. Essa cultura corrosiva teve fim com a elei\u00e7\u00e3o de Vladimir Putin duas vezes como presidente, entre 2000-2008, e novamente em 2012.<\/p>\n<p>Na sua fala, Obama repetiu que \u201cmuita coisa mudou\u201d desde o Tratado OTAN-R\u00fassia de Funda\u00e7\u00e3o da OTAN de 1997, que o teria tornado inaplic\u00e1vel. Mas \u2013 mentiroso que muito fala sempre acaba dizendo o que n\u00e3o lhe interessava dizer \u2013 Obama revelou tamb\u00e9m parte importante de suas preocupa\u00e7\u00f5es \u2018de base\u2019: \u201cJ\u00e1 disse v\u00e1rias vezes que preferir\u00edamos sempre uma R\u00fassia forte, produtiva e cooperativa. Mas o caminho para tudo isso \u00e9 respeitar normas internacionais, melhorar a economia, focar em como eles podem produzir bens e servi\u00e7os de que outros carecem, e dar oportunidades ao pr\u00f3prio povo e educar a pr\u00f3pria popula\u00e7\u00e3o. Infelizmente, n\u00e3o \u00e9 a via que eles [os russos] v\u00eam seguindo nos \u00faltimos v\u00e1rios anos. N\u00e3o \u00e9, com certeza, se se considera a estrat\u00e9gia deles [dos russos] na Ucr\u00e2nia\u201d.<\/p>\n<p>Quer dizer&#8230; Obama, melhor dizendo, Washington, n\u00e3o est\u00e1 preocupada com a Ucr\u00e2nia ou alguma suposta \u2018agress\u00e3o russa\u2019, mas com quest\u00f5es de \u201cprodu\u00e7\u00e3o econ\u00f4mica e coopera\u00e7\u00e3o\u201d \u2013 e quem diz \u201ccoopera\u00e7\u00e3o\u201d est\u00e1 falando, a\u00ed, de coopera\u00e7\u00e3o com o capital ocidental. Al\u00e9m de n\u00e3o estar \u2018cooperando\u2019, o governo russo j\u00e1 n\u00e3o \u2018coopera\u2019 nos \u201c\u00faltimos v\u00e1rios anos\u201d! \u00c9 o mesmo que dizer que o problema \u00e9 que o governo do presidente Putin n\u00e3o \u2018coopera\u2019 com o capital ocidental&#8230; Tudo isso come\u00e7ou antes da atual crise na Ucr\u00e2nia.<\/p>\n<p>Essas s\u00e3o as preocupa\u00e7\u00f5es reais que subjazem ao que os EUA est\u00e3o fazendo, e j\u00e1 transpareciam claramente em coluna publicada em mar\u00e7o no New York Times assinada por Michael McFaul, ex-embaixador dos EUA em Moscou.<\/p>\n<p>Depois de protestos contra a \u2018anexa\u00e7\u00e3o\u2019 [na verdade, tratou-se de reintegra\u00e7\u00e3o \u00e0 Federa\u00e7\u00e3o Russa, decidida por referendo] da Crimeia, McFaul escreve: \u201cA decis\u00e3o do presidente Vladimir Putin da R\u00fassia de anexar a Crimeia p\u00f4s fim \u00e0 era do p\u00f3s-Guerra Fria na Europa. Desde o final dos anos Gorbachev-Reagan, a era definida por ziguezagues de coopera\u00e7\u00e3o e disputas entre R\u00fassia e o ocidente, mas sempre preservando a ideia subjacente de que a R\u00fassia ia-se integrando aos poucos \u00e0 ordem internacional. Agora, isso acabou.\u201d<\/p>\n<p>O ex-embaixador prossegue e lamenta que \u201co colapso da ordem sovi\u00e9tica n\u00e3o tenha levado a uma transi\u00e7\u00e3o suave para a democracia e aos mercados, dentro da R\u00fassia, nem \u00e0 integra\u00e7\u00e3o da R\u00fassia ao ocidente.\u201d Em outras palavras: \u00e9 uma pena que a R\u00fassia n\u00e3o tenha sa\u00eddo do mundo sovi\u00e9tico e cuidado de fazer uma transi\u00e7\u00e3o suave em alguma dire\u00e7\u00e3o que satisfizesse os interesses do capital norte-americano&#8230;<\/p>\n<p>McFaul atribui a culpa por essa falta de \u201cintegra\u00e7\u00e3o da R\u00fassia ao ocidente\u201d ao presidente Putin, acusado de ser \u201cum autocrata\u201d e de querer voltar aos dias da velha Uni\u00e3o Sovi\u00e9tica. O ataque de McFaul contra Putin \u00e9 tolice, um amontoado de bobagens. Mas \u00fatil, porque deixa ver com clareza que o que atormenta mais agudamente Washington \u00e9 que os EUA veem que a R\u00fassia de Putin n\u00e3o age como estado-vassalo, como a R\u00fassia dos tempos de Ieltsin, de quando foi assinado o Ato de Funda\u00e7\u00e3o entre OTAN e R\u00fassia.<\/p>\n<p>Por isso, exatamente, \u00e9 que Washington quer agora rasgar o documento assinado em 1997, e empurrar a OTAN para bem junto das fronteiras russas.<\/p>\n<p>McFaul conclui sua coluna no NY Times exigindo que Putin seja \u2018isolado\u2019 e que se apliquem san\u00e7\u00f5es punitivas contra a R\u00fassia \u2013 pol\u00edtica que Obama aplicaria com violenta determina\u00e7\u00e3o nos meses seguintes.<\/p>\n<p>H\u00e1 a\u00ed mais que simples coincid\u00eancia: o governo dos EUA escalou na agress\u00e3o contra a R\u00fassia a partir do momento em que o presidente Putin passou a expor ao mundo as muitas alian\u00e7as de com\u00e9rcio e desenvolvimento regional que est\u00e1 construindo com pa\u00edses eurasianos, o Ir\u00e3, a China, outros pa\u00edses BRICS e na\u00e7\u00f5es da Am\u00e9rica Latina. O movimento declarado de Putin, de substituir o d\u00f3lar norte-americano por moedas bilaterais para as transa\u00e7\u00f5es do com\u00e9rcio de energia, tamb\u00e9m o marcaram como amea\u00e7a viva contra os interesses hegemonistas dos EUA. E a R\u00fassia de Putin tamb\u00e9m se posicionou ao lado de seu aliado \u00e1rabe s\u00edrio ao longo de at\u00e9 agora tr\u00eas anos de guerra \u2013 resultado da agenda criminosa de EUA-OTAN que tentam \u2018mudar o regime\u2019 naquele pa\u00eds.<\/p>\n<p>Esse \u00e9 o contexto dos motivos pelos quais tenta envolver a OTAN na \u201ccrise na Ucr\u00e2nia\u201d. N\u00e3o \u00e9 quest\u00e3o de alguma \u2018agress\u00e3o\u2019 russa. \u00c9 quest\u00e3o de Putin ser l\u00edder mundial independente que n\u00e3o se curva aodiktat imperial dos EUA.<\/p>\n<p><span style=\"font-size: medium;\"><span style=\"color: black; font-family: Georgia, serif;\">Finian Cunningham<\/span><\/span><\/p>\n","protected":false},"excerpt":{"rendered":"<p>Esque\u00e7am a alegada \u2018agress\u00e3o\u2019 da R\u00fassia, com ocupa\u00e7\u00e3o na Ucr\u00e2nia. O verdadeiro problema para os EUA \u00e9 Vladimir Putin. Mais precisamente: o verdadeiro problema \u00e9 uma R\u00fassia forte e independente sob a presid\u00eancia de Putin, uma R\u00fassia que defende os pr\u00f3prios direitos nacionais, respeito \u00e0 lei internacional e que n\u00e3o d\u00e1 sinais de disposi\u00e7\u00e3o para [&hellip;]<\/p>\n","protected":false},"author":2,"featured_media":21767,"comment_status":"open","ping_status":"closed","sticky":false,"template":"","format":"standard","meta":{"_acf_changed":false,"footnotes":""},"categories":[25],"tags":[],"class_list":["post-21766","post","type-post","status-publish","format-standard","has-post-thumbnail","hentry","category-opina-ai"],"acf":[],"yoast_head":"<!-- This site is optimized with the Yoast SEO plugin v27.5 - https:\/\/yoast.com\/product\/yoast-seo-wordpress\/ -->\n<title>Putin mostra independ\u00eancia e faz tremer o governo americano - Notibras<\/title>\n<meta name=\"robots\" content=\"index, follow, max-snippet:-1, max-image-preview:large, max-video-preview:-1\" \/>\n<link rel=\"canonical\" href=\"https:\/\/www.notibras.com\/site\/putin-mostra-independencia-e-faz-tremer-o-governo-americano\/\" \/>\n<meta property=\"og:locale\" content=\"pt_BR\" \/>\n<meta property=\"og:type\" content=\"article\" \/>\n<meta property=\"og:title\" content=\"Putin mostra independ\u00eancia e faz tremer o governo americano - Notibras\" \/>\n<meta property=\"og:description\" content=\"Esque\u00e7am a alegada \u2018agress\u00e3o\u2019 da R\u00fassia, com ocupa\u00e7\u00e3o na Ucr\u00e2nia. O verdadeiro problema para os EUA \u00e9 Vladimir Putin. Mais precisamente: o verdadeiro problema \u00e9 uma R\u00fassia forte e independente sob a presid\u00eancia de Putin, uma R\u00fassia que defende os pr\u00f3prios direitos nacionais, respeito \u00e0 lei internacional e que n\u00e3o d\u00e1 sinais de disposi\u00e7\u00e3o para [&hellip;]\" \/>\n<meta property=\"og:url\" content=\"https:\/\/www.notibras.com\/site\/putin-mostra-independencia-e-faz-tremer-o-governo-americano\/\" \/>\n<meta property=\"og:site_name\" content=\"Notibras\" \/>\n<meta property=\"article:publisher\" content=\"https:\/\/www.facebook.com\/notibras\/\" \/>\n<meta property=\"article:published_time\" content=\"2014-09-09T02:00:42+00:00\" \/>\n<meta property=\"og:image\" content=\"https:\/\/www.notibras.com\/site\/wp-content\/uploads\/2014\/09\/130606170427-04-putin-horizontal-gallery.jpg\" \/>\n\t<meta property=\"og:image:width\" content=\"640\" \/>\n\t<meta property=\"og:image:height\" content=\"360\" \/>\n\t<meta property=\"og:image:type\" content=\"image\/jpeg\" \/>\n<meta name=\"author\" content=\"Reda\u00e7\u00e3o\" \/>\n<meta name=\"twitter:card\" content=\"summary_large_image\" \/>\n<meta name=\"twitter:creator\" content=\"@Notibras\" \/>\n<meta name=\"twitter:site\" content=\"@Notibras\" \/>\n<meta name=\"twitter:label1\" content=\"Escrito por\" \/>\n\t<meta name=\"twitter:data1\" content=\"Reda\u00e7\u00e3o\" \/>\n\t<meta name=\"twitter:label2\" content=\"Est. tempo de leitura\" \/>\n\t<meta name=\"twitter:data2\" content=\"10 minutos\" \/>\n<script type=\"application\/ld+json\" class=\"yoast-schema-graph\">{\"@context\":\"https:\\\/\\\/schema.org\",\"@graph\":[{\"@type\":\"Article\",\"@id\":\"https:\\\/\\\/www.notibras.com\\\/site\\\/putin-mostra-independencia-e-faz-tremer-o-governo-americano\\\/#article\",\"isPartOf\":{\"@id\":\"https:\\\/\\\/www.notibras.com\\\/site\\\/putin-mostra-independencia-e-faz-tremer-o-governo-americano\\\/\"},\"author\":{\"name\":\"Reda\u00e7\u00e3o\",\"@id\":\"https:\\\/\\\/www.notibras.com\\\/site\\\/#\\\/schema\\\/person\\\/36ab0979449956132d3e5b517ea76ac8\"},\"headline\":\"Putin mostra independ\u00eancia e faz tremer o governo americano\",\"datePublished\":\"2014-09-09T02:00:42+00:00\",\"mainEntityOfPage\":{\"@id\":\"https:\\\/\\\/www.notibras.com\\\/site\\\/putin-mostra-independencia-e-faz-tremer-o-governo-americano\\\/\"},\"wordCount\":2034,\"commentCount\":0,\"publisher\":{\"@id\":\"https:\\\/\\\/www.notibras.com\\\/site\\\/#organization\"},\"image\":{\"@id\":\"https:\\\/\\\/www.notibras.com\\\/site\\\/putin-mostra-independencia-e-faz-tremer-o-governo-americano\\\/#primaryimage\"},\"thumbnailUrl\":\"https:\\\/\\\/www.notibras.com\\\/site\\\/wp-content\\\/uploads\\\/2014\\\/09\\\/130606170427-04-putin-horizontal-gallery.jpg\",\"articleSection\":[\"Opina a\u00ed\"],\"inLanguage\":\"pt-BR\",\"potentialAction\":[{\"@type\":\"CommentAction\",\"name\":\"Comment\",\"target\":[\"https:\\\/\\\/www.notibras.com\\\/site\\\/putin-mostra-independencia-e-faz-tremer-o-governo-americano\\\/#respond\"]}]},{\"@type\":\"WebPage\",\"@id\":\"https:\\\/\\\/www.notibras.com\\\/site\\\/putin-mostra-independencia-e-faz-tremer-o-governo-americano\\\/\",\"url\":\"https:\\\/\\\/www.notibras.com\\\/site\\\/putin-mostra-independencia-e-faz-tremer-o-governo-americano\\\/\",\"name\":\"Putin mostra independ\u00eancia e faz tremer o governo americano - Notibras\",\"isPartOf\":{\"@id\":\"https:\\\/\\\/www.notibras.com\\\/site\\\/#website\"},\"primaryImageOfPage\":{\"@id\":\"https:\\\/\\\/www.notibras.com\\\/site\\\/putin-mostra-independencia-e-faz-tremer-o-governo-americano\\\/#primaryimage\"},\"image\":{\"@id\":\"https:\\\/\\\/www.notibras.com\\\/site\\\/putin-mostra-independencia-e-faz-tremer-o-governo-americano\\\/#primaryimage\"},\"thumbnailUrl\":\"https:\\\/\\\/www.notibras.com\\\/site\\\/wp-content\\\/uploads\\\/2014\\\/09\\\/130606170427-04-putin-horizontal-gallery.jpg\",\"datePublished\":\"2014-09-09T02:00:42+00:00\",\"breadcrumb\":{\"@id\":\"https:\\\/\\\/www.notibras.com\\\/site\\\/putin-mostra-independencia-e-faz-tremer-o-governo-americano\\\/#breadcrumb\"},\"inLanguage\":\"pt-BR\",\"potentialAction\":[{\"@type\":\"ReadAction\",\"target\":[\"https:\\\/\\\/www.notibras.com\\\/site\\\/putin-mostra-independencia-e-faz-tremer-o-governo-americano\\\/\"]}]},{\"@type\":\"ImageObject\",\"inLanguage\":\"pt-BR\",\"@id\":\"https:\\\/\\\/www.notibras.com\\\/site\\\/putin-mostra-independencia-e-faz-tremer-o-governo-americano\\\/#primaryimage\",\"url\":\"https:\\\/\\\/www.notibras.com\\\/site\\\/wp-content\\\/uploads\\\/2014\\\/09\\\/130606170427-04-putin-horizontal-gallery.jpg\",\"contentUrl\":\"https:\\\/\\\/www.notibras.com\\\/site\\\/wp-content\\\/uploads\\\/2014\\\/09\\\/130606170427-04-putin-horizontal-gallery.jpg\",\"width\":640,\"height\":360},{\"@type\":\"BreadcrumbList\",\"@id\":\"https:\\\/\\\/www.notibras.com\\\/site\\\/putin-mostra-independencia-e-faz-tremer-o-governo-americano\\\/#breadcrumb\",\"itemListElement\":[{\"@type\":\"ListItem\",\"position\":1,\"name\":\"In\u00edcio\",\"item\":\"https:\\\/\\\/www.notibras.com\\\/site\\\/\"},{\"@type\":\"ListItem\",\"position\":2,\"name\":\"Putin mostra independ\u00eancia e faz tremer o governo americano\"}]},{\"@type\":\"WebSite\",\"@id\":\"https:\\\/\\\/www.notibras.com\\\/site\\\/#website\",\"url\":\"https:\\\/\\\/www.notibras.com\\\/site\\\/\",\"name\":\"Notibras\",\"description\":\"Not\u00edcias de Bras\u00edlia, do Brasil e do Mundo\",\"publisher\":{\"@id\":\"https:\\\/\\\/www.notibras.com\\\/site\\\/#organization\"},\"potentialAction\":[{\"@type\":\"SearchAction\",\"target\":{\"@type\":\"EntryPoint\",\"urlTemplate\":\"https:\\\/\\\/www.notibras.com\\\/site\\\/?s={search_term_string}\"},\"query-input\":{\"@type\":\"PropertyValueSpecification\",\"valueRequired\":true,\"valueName\":\"search_term_string\"}}],\"inLanguage\":\"pt-BR\"},{\"@type\":\"Organization\",\"@id\":\"https:\\\/\\\/www.notibras.com\\\/site\\\/#organization\",\"name\":\"Grupo Notibras de Comunica\u00e7\u00e3o\",\"url\":\"https:\\\/\\\/www.notibras.com\\\/site\\\/\",\"logo\":{\"@type\":\"ImageObject\",\"inLanguage\":\"pt-BR\",\"@id\":\"https:\\\/\\\/www.notibras.com\\\/site\\\/#\\\/schema\\\/logo\\\/image\\\/\",\"url\":\"https:\\\/\\\/www.notibras.com\\\/site\\\/wp-content\\\/uploads\\\/2023\\\/01\\\/notibras23.png\",\"contentUrl\":\"https:\\\/\\\/www.notibras.com\\\/site\\\/wp-content\\\/uploads\\\/2023\\\/01\\\/notibras23.png\",\"width\":350,\"height\":87,\"caption\":\"Grupo Notibras de Comunica\u00e7\u00e3o\"},\"image\":{\"@id\":\"https:\\\/\\\/www.notibras.com\\\/site\\\/#\\\/schema\\\/logo\\\/image\\\/\"},\"sameAs\":[\"https:\\\/\\\/www.facebook.com\\\/notibras\\\/\",\"https:\\\/\\\/x.com\\\/Notibras\",\"https:\\\/\\\/www.instagram.com\\\/notibras\\\/\"]},{\"@type\":\"Person\",\"@id\":\"https:\\\/\\\/www.notibras.com\\\/site\\\/#\\\/schema\\\/person\\\/36ab0979449956132d3e5b517ea76ac8\",\"name\":\"Reda\u00e7\u00e3o\",\"image\":{\"@type\":\"ImageObject\",\"inLanguage\":\"pt-BR\",\"@id\":\"https:\\\/\\\/secure.gravatar.com\\\/avatar\\\/e0a867bdedb85fd243eadf09663511f96fc81e0720a4a42581f334ad4303aa6b?s=96&d=mm&r=g\",\"url\":\"https:\\\/\\\/secure.gravatar.com\\\/avatar\\\/e0a867bdedb85fd243eadf09663511f96fc81e0720a4a42581f334ad4303aa6b?s=96&d=mm&r=g\",\"contentUrl\":\"https:\\\/\\\/secure.gravatar.com\\\/avatar\\\/e0a867bdedb85fd243eadf09663511f96fc81e0720a4a42581f334ad4303aa6b?s=96&d=mm&r=g\",\"caption\":\"Reda\u00e7\u00e3o\"}}]}<\/script>\n<!-- \/ Yoast SEO plugin. -->","yoast_head_json":{"title":"Putin mostra independ\u00eancia e faz tremer o governo americano - Notibras","robots":{"index":"index","follow":"follow","max-snippet":"max-snippet:-1","max-image-preview":"max-image-preview:large","max-video-preview":"max-video-preview:-1"},"canonical":"https:\/\/www.notibras.com\/site\/putin-mostra-independencia-e-faz-tremer-o-governo-americano\/","og_locale":"pt_BR","og_type":"article","og_title":"Putin mostra independ\u00eancia e faz tremer o governo americano - Notibras","og_description":"Esque\u00e7am a alegada \u2018agress\u00e3o\u2019 da R\u00fassia, com ocupa\u00e7\u00e3o na Ucr\u00e2nia. O verdadeiro problema para os EUA \u00e9 Vladimir Putin. Mais precisamente: o verdadeiro problema \u00e9 uma R\u00fassia forte e independente sob a presid\u00eancia de Putin, uma R\u00fassia que defende os pr\u00f3prios direitos nacionais, respeito \u00e0 lei internacional e que n\u00e3o d\u00e1 sinais de disposi\u00e7\u00e3o para [&hellip;]","og_url":"https:\/\/www.notibras.com\/site\/putin-mostra-independencia-e-faz-tremer-o-governo-americano\/","og_site_name":"Notibras","article_publisher":"https:\/\/www.facebook.com\/notibras\/","article_published_time":"2014-09-09T02:00:42+00:00","og_image":[{"width":640,"height":360,"url":"https:\/\/www.notibras.com\/site\/wp-content\/uploads\/2014\/09\/130606170427-04-putin-horizontal-gallery.jpg","type":"image\/jpeg"}],"author":"Reda\u00e7\u00e3o","twitter_card":"summary_large_image","twitter_creator":"@Notibras","twitter_site":"@Notibras","twitter_misc":{"Escrito por":"Reda\u00e7\u00e3o","Est. tempo de leitura":"10 minutos"},"schema":{"@context":"https:\/\/schema.org","@graph":[{"@type":"Article","@id":"https:\/\/www.notibras.com\/site\/putin-mostra-independencia-e-faz-tremer-o-governo-americano\/#article","isPartOf":{"@id":"https:\/\/www.notibras.com\/site\/putin-mostra-independencia-e-faz-tremer-o-governo-americano\/"},"author":{"name":"Reda\u00e7\u00e3o","@id":"https:\/\/www.notibras.com\/site\/#\/schema\/person\/36ab0979449956132d3e5b517ea76ac8"},"headline":"Putin mostra independ\u00eancia e faz tremer o governo americano","datePublished":"2014-09-09T02:00:42+00:00","mainEntityOfPage":{"@id":"https:\/\/www.notibras.com\/site\/putin-mostra-independencia-e-faz-tremer-o-governo-americano\/"},"wordCount":2034,"commentCount":0,"publisher":{"@id":"https:\/\/www.notibras.com\/site\/#organization"},"image":{"@id":"https:\/\/www.notibras.com\/site\/putin-mostra-independencia-e-faz-tremer-o-governo-americano\/#primaryimage"},"thumbnailUrl":"https:\/\/www.notibras.com\/site\/wp-content\/uploads\/2014\/09\/130606170427-04-putin-horizontal-gallery.jpg","articleSection":["Opina a\u00ed"],"inLanguage":"pt-BR","potentialAction":[{"@type":"CommentAction","name":"Comment","target":["https:\/\/www.notibras.com\/site\/putin-mostra-independencia-e-faz-tremer-o-governo-americano\/#respond"]}]},{"@type":"WebPage","@id":"https:\/\/www.notibras.com\/site\/putin-mostra-independencia-e-faz-tremer-o-governo-americano\/","url":"https:\/\/www.notibras.com\/site\/putin-mostra-independencia-e-faz-tremer-o-governo-americano\/","name":"Putin mostra independ\u00eancia e faz tremer o governo americano - Notibras","isPartOf":{"@id":"https:\/\/www.notibras.com\/site\/#website"},"primaryImageOfPage":{"@id":"https:\/\/www.notibras.com\/site\/putin-mostra-independencia-e-faz-tremer-o-governo-americano\/#primaryimage"},"image":{"@id":"https:\/\/www.notibras.com\/site\/putin-mostra-independencia-e-faz-tremer-o-governo-americano\/#primaryimage"},"thumbnailUrl":"https:\/\/www.notibras.com\/site\/wp-content\/uploads\/2014\/09\/130606170427-04-putin-horizontal-gallery.jpg","datePublished":"2014-09-09T02:00:42+00:00","breadcrumb":{"@id":"https:\/\/www.notibras.com\/site\/putin-mostra-independencia-e-faz-tremer-o-governo-americano\/#breadcrumb"},"inLanguage":"pt-BR","potentialAction":[{"@type":"ReadAction","target":["https:\/\/www.notibras.com\/site\/putin-mostra-independencia-e-faz-tremer-o-governo-americano\/"]}]},{"@type":"ImageObject","inLanguage":"pt-BR","@id":"https:\/\/www.notibras.com\/site\/putin-mostra-independencia-e-faz-tremer-o-governo-americano\/#primaryimage","url":"https:\/\/www.notibras.com\/site\/wp-content\/uploads\/2014\/09\/130606170427-04-putin-horizontal-gallery.jpg","contentUrl":"https:\/\/www.notibras.com\/site\/wp-content\/uploads\/2014\/09\/130606170427-04-putin-horizontal-gallery.jpg","width":640,"height":360},{"@type":"BreadcrumbList","@id":"https:\/\/www.notibras.com\/site\/putin-mostra-independencia-e-faz-tremer-o-governo-americano\/#breadcrumb","itemListElement":[{"@type":"ListItem","position":1,"name":"In\u00edcio","item":"https:\/\/www.notibras.com\/site\/"},{"@type":"ListItem","position":2,"name":"Putin mostra independ\u00eancia e faz tremer o governo americano"}]},{"@type":"WebSite","@id":"https:\/\/www.notibras.com\/site\/#website","url":"https:\/\/www.notibras.com\/site\/","name":"Notibras","description":"Not\u00edcias de Bras\u00edlia, do Brasil e do Mundo","publisher":{"@id":"https:\/\/www.notibras.com\/site\/#organization"},"potentialAction":[{"@type":"SearchAction","target":{"@type":"EntryPoint","urlTemplate":"https:\/\/www.notibras.com\/site\/?s={search_term_string}"},"query-input":{"@type":"PropertyValueSpecification","valueRequired":true,"valueName":"search_term_string"}}],"inLanguage":"pt-BR"},{"@type":"Organization","@id":"https:\/\/www.notibras.com\/site\/#organization","name":"Grupo Notibras de Comunica\u00e7\u00e3o","url":"https:\/\/www.notibras.com\/site\/","logo":{"@type":"ImageObject","inLanguage":"pt-BR","@id":"https:\/\/www.notibras.com\/site\/#\/schema\/logo\/image\/","url":"https:\/\/www.notibras.com\/site\/wp-content\/uploads\/2023\/01\/notibras23.png","contentUrl":"https:\/\/www.notibras.com\/site\/wp-content\/uploads\/2023\/01\/notibras23.png","width":350,"height":87,"caption":"Grupo Notibras de Comunica\u00e7\u00e3o"},"image":{"@id":"https:\/\/www.notibras.com\/site\/#\/schema\/logo\/image\/"},"sameAs":["https:\/\/www.facebook.com\/notibras\/","https:\/\/x.com\/Notibras","https:\/\/www.instagram.com\/notibras\/"]},{"@type":"Person","@id":"https:\/\/www.notibras.com\/site\/#\/schema\/person\/36ab0979449956132d3e5b517ea76ac8","name":"Reda\u00e7\u00e3o","image":{"@type":"ImageObject","inLanguage":"pt-BR","@id":"https:\/\/secure.gravatar.com\/avatar\/e0a867bdedb85fd243eadf09663511f96fc81e0720a4a42581f334ad4303aa6b?s=96&d=mm&r=g","url":"https:\/\/secure.gravatar.com\/avatar\/e0a867bdedb85fd243eadf09663511f96fc81e0720a4a42581f334ad4303aa6b?s=96&d=mm&r=g","contentUrl":"https:\/\/secure.gravatar.com\/avatar\/e0a867bdedb85fd243eadf09663511f96fc81e0720a4a42581f334ad4303aa6b?s=96&d=mm&r=g","caption":"Reda\u00e7\u00e3o"}}]}},"amp_enabled":true,"_links":{"self":[{"href":"https:\/\/www.notibras.com\/site\/wp-json\/wp\/v2\/posts\/21766","targetHints":{"allow":["GET"]}}],"collection":[{"href":"https:\/\/www.notibras.com\/site\/wp-json\/wp\/v2\/posts"}],"about":[{"href":"https:\/\/www.notibras.com\/site\/wp-json\/wp\/v2\/types\/post"}],"author":[{"embeddable":true,"href":"https:\/\/www.notibras.com\/site\/wp-json\/wp\/v2\/users\/2"}],"replies":[{"embeddable":true,"href":"https:\/\/www.notibras.com\/site\/wp-json\/wp\/v2\/comments?post=21766"}],"version-history":[{"count":0,"href":"https:\/\/www.notibras.com\/site\/wp-json\/wp\/v2\/posts\/21766\/revisions"}],"wp:featuredmedia":[{"embeddable":true,"href":"https:\/\/www.notibras.com\/site\/wp-json\/wp\/v2\/media\/21767"}],"wp:attachment":[{"href":"https:\/\/www.notibras.com\/site\/wp-json\/wp\/v2\/media?parent=21766"}],"wp:term":[{"taxonomy":"category","embeddable":true,"href":"https:\/\/www.notibras.com\/site\/wp-json\/wp\/v2\/categories?post=21766"},{"taxonomy":"post_tag","embeddable":true,"href":"https:\/\/www.notibras.com\/site\/wp-json\/wp\/v2\/tags?post=21766"}],"curies":[{"name":"wp","href":"https:\/\/api.w.org\/{rel}","templated":true}]}}