{"id":21777,"date":"2014-09-08T19:15:47","date_gmt":"2014-09-08T22:15:47","guid":{"rendered":"http:\/\/www.notibras.com\/site\/?p=21777"},"modified":"2014-09-08T23:19:11","modified_gmt":"2014-09-09T02:19:11","slug":"janot-promete-manter-cerco-aos-ladroes-da-operacao-lava-jato","status":"publish","type":"post","link":"https:\/\/www.notibras.com\/site\/janot-promete-manter-cerco-aos-ladroes-da-operacao-lava-jato\/","title":{"rendered":"Janot promete manter cerco a gangue da Opera\u00e7\u00e3o Lava Jato"},"content":{"rendered":"<p>O procurador-geral da Rep\u00fablica, Rodrigo Janot, discutiu com integrantes do Minist\u00e9rio P\u00fablico medidas para garantir o prosseguimento das investiga\u00e7\u00f5es da Opera\u00e7\u00e3o Lava Jato ap\u00f3s a divulga\u00e7\u00e3o do depoimento em que o ex-diretor da Petrobras, Paulo Roberto Costa, cita nomes de pol\u00edticos que receberam propina no suposto esquema. Em maio, Janot criou uma for\u00e7a-tarefa para auxiliar nas investiga\u00e7\u00f5es.<\/p>\n<p>De acordo com nota divulgada \u00e0 imprensa, durante a reuni\u00e3o foram \u201cavaliadas medidas para garantir a efetividade das investiga\u00e7\u00f5es\u201d. Os nomes de pol\u00edticos citados pelo ex-diretor foram divulgados no s\u00e1bado (6) pela revista <em>Veja.<\/em><\/p>\n<blockquote><p>O procurador tamb\u00e9m declarou, por meio de nota, que n\u00e3o vai se manifestar sobre a divulga\u00e7\u00e3o dos nomes. Segundo Janot, o Minist\u00e9rio P\u00fablico vai continuar a investiga\u00e7\u00e3o de forma imparcial e respeitando a presun\u00e7\u00e3o de inoc\u00eancia dos envolvidos.<\/p><\/blockquote>\n","protected":false},"excerpt":{"rendered":"<p>O procurador-geral da Rep\u00fablica, Rodrigo Janot, discutiu com integrantes do Minist\u00e9rio P\u00fablico medidas para garantir o prosseguimento das investiga\u00e7\u00f5es da Opera\u00e7\u00e3o Lava Jato ap\u00f3s a divulga\u00e7\u00e3o do depoimento em que o ex-diretor da Petrobras, Paulo Roberto Costa, cita nomes de pol\u00edticos que receberam propina no suposto esquema. Em maio, Janot criou uma for\u00e7a-tarefa para auxiliar [&hellip;]<\/p>\n","protected":false},"author":2,"featured_media":21778,"comment_status":"open","ping_status":"closed","sticky":false,"template":"","format":"standard","meta":{"_acf_changed":false,"footnotes":""},"categories":[16],"tags":[],"class_list":["post-21777","post","type-post","status-publish","format-standard","has-post-thumbnail","hentry","category-brasil"],"acf":[],"_links":{"self":[{"href":"https:\/\/www.notibras.com\/site\/wp-json\/wp\/v2\/posts\/21777","targetHints":{"allow":["GET"]}}],"collection":[{"href":"https:\/\/www.notibras.com\/site\/wp-json\/wp\/v2\/posts"}],"about":[{"href":"https:\/\/www.notibras.com\/site\/wp-json\/wp\/v2\/types\/post"}],"author":[{"embeddable":true,"href":"https:\/\/www.notibras.com\/site\/wp-json\/wp\/v2\/users\/2"}],"replies":[{"embeddable":true,"href":"https:\/\/www.notibras.com\/site\/wp-json\/wp\/v2\/comments?post=21777"}],"version-history":[{"count":0,"href":"https:\/\/www.notibras.com\/site\/wp-json\/wp\/v2\/posts\/21777\/revisions"}],"wp:featuredmedia":[{"embeddable":true,"href":"https:\/\/www.notibras.com\/site\/wp-json\/wp\/v2\/media\/21778"}],"wp:attachment":[{"href":"https:\/\/www.notibras.com\/site\/wp-json\/wp\/v2\/media?parent=21777"}],"wp:term":[{"taxonomy":"category","embeddable":true,"href":"https:\/\/www.notibras.com\/site\/wp-json\/wp\/v2\/categories?post=21777"},{"taxonomy":"post_tag","embeddable":true,"href":"https:\/\/www.notibras.com\/site\/wp-json\/wp\/v2\/tags?post=21777"}],"curies":[{"name":"wp","href":"https:\/\/api.w.org\/{rel}","templated":true}]}}