{"id":21811,"date":"2014-09-09T17:17:26","date_gmt":"2014-09-09T20:17:26","guid":{"rendered":"http:\/\/www.notibras.com\/site\/?p=21811"},"modified":"2014-09-09T18:27:22","modified_gmt":"2014-09-09T21:27:22","slug":"arruda-perde-mais-uma-briga-e-fica-inelegivel-tambem-em-decisao-do-stj","status":"publish","type":"post","link":"https:\/\/www.notibras.com\/site\/arruda-perde-mais-uma-briga-e-fica-inelegivel-tambem-em-decisao-do-stj\/","title":{"rendered":"Arruda perde mais uma briga e fica ineleg\u00edvel tamb\u00e9m em ato do STJ"},"content":{"rendered":"<p>O ex-governador Jos\u00e9 Roberto Arruda (PR) teve negado nesta ter\u00e7a-feira 9 recurso apresentado ao Superior Tribunal de Justi\u00e7a, em que colocava sob suspei\u00e7\u00e3o o juiz \u00c1lvaro Ciarlini, que o condenou em segunda inst\u00e2ncia por improbidade administrativa. O resultado da vota\u00e7\u00e3o foi 3 a 1.<\/p>\n<p>O ministro Napole\u00e3o Nunes, relator do recurso do ex-governador no Superior Tribunal de Justi\u00e7a, votou a favor do recurso, apontando a suspei\u00e7\u00e3o do juiz. Seu voto, por\u00e9m, n\u00e3o foi seguido por outros tr\u00eas magistrados.<\/p>\n<p>O ministro Benedito Gon\u00e7alves negou provimento ao recurso, entendo que Ciarlini n\u00e3o \u00e9 suspeito. O desempate de 1 a 1 foi decidido pelo ministro S\u00e9rgio Kukina, que tamb\u00e9m votou contra Arruda.<\/p>\n<blockquote><p>O &#8216;martelo&#8217;\u00a0 foi batido pela ministra Regina C\u00e9lia, que acompanhou a posi\u00e7\u00e3o de Benedito e Kukina, confirmando a inelegibilidade de Jos\u00e9 Roberto Arruda.<\/p><\/blockquote>\n<p>O advogado de Arruda, Jos\u00e9 Eduardo Alckmin, afirmou que ir\u00e1 recorrer da decis\u00e3o desta quinta ao STF. A defesa do ex-governador\u00a0 tamb\u00e9m deve entrar com recurso para tentar reverter a decis\u00e3o do Tribunal de Justi\u00e7a do DF, que o condenou em segunda inst\u00e2ncia.<\/p>\n<p>O advogado considerou que ainda &#8220;h\u00e1 esperan\u00e7a&#8221; na candidatura de Arruda. &#8220;Os candidatos deveriam estar mais preocupados em buscar votos na popula\u00e7\u00e3o do que votos em tribunais&#8221;, disse.<\/p>\n<p>Apesar da condena\u00e7\u00e3o em primeira e segunda inst\u00e2ncias que podem tir\u00e1-lo da disputa pelo governo do DF, Arruda lidera as inten\u00e7\u00f5es de voto com ampla vantagem sobre o segundo colocado, segundo pesquisas do Datafolha e Ibope.<\/p>\n","protected":false},"excerpt":{"rendered":"<p>O ex-governador Jos\u00e9 Roberto Arruda (PR) teve negado nesta ter\u00e7a-feira 9 recurso apresentado ao Superior Tribunal de Justi\u00e7a, em que colocava sob suspei\u00e7\u00e3o o juiz \u00c1lvaro Ciarlini, que o condenou em segunda inst\u00e2ncia por improbidade administrativa. O resultado da vota\u00e7\u00e3o foi 3 a 1. O ministro Napole\u00e3o Nunes, relator do recurso do ex-governador no Superior [&hellip;]<\/p>\n","protected":false},"author":2,"featured_media":21812,"comment_status":"open","ping_status":"closed","sticky":false,"template":"","format":"standard","meta":{"_acf_changed":false,"footnotes":""},"categories":[33],"tags":[],"class_list":["post-21811","post","type-post","status-publish","format-standard","has-post-thumbnail","hentry","category-eleicoes-2014"],"acf":[],"_links":{"self":[{"href":"https:\/\/www.notibras.com\/site\/wp-json\/wp\/v2\/posts\/21811","targetHints":{"allow":["GET"]}}],"collection":[{"href":"https:\/\/www.notibras.com\/site\/wp-json\/wp\/v2\/posts"}],"about":[{"href":"https:\/\/www.notibras.com\/site\/wp-json\/wp\/v2\/types\/post"}],"author":[{"embeddable":true,"href":"https:\/\/www.notibras.com\/site\/wp-json\/wp\/v2\/users\/2"}],"replies":[{"embeddable":true,"href":"https:\/\/www.notibras.com\/site\/wp-json\/wp\/v2\/comments?post=21811"}],"version-history":[{"count":0,"href":"https:\/\/www.notibras.com\/site\/wp-json\/wp\/v2\/posts\/21811\/revisions"}],"wp:featuredmedia":[{"embeddable":true,"href":"https:\/\/www.notibras.com\/site\/wp-json\/wp\/v2\/media\/21812"}],"wp:attachment":[{"href":"https:\/\/www.notibras.com\/site\/wp-json\/wp\/v2\/media?parent=21811"}],"wp:term":[{"taxonomy":"category","embeddable":true,"href":"https:\/\/www.notibras.com\/site\/wp-json\/wp\/v2\/categories?post=21811"},{"taxonomy":"post_tag","embeddable":true,"href":"https:\/\/www.notibras.com\/site\/wp-json\/wp\/v2\/tags?post=21811"}],"curies":[{"name":"wp","href":"https:\/\/api.w.org\/{rel}","templated":true}]}}