{"id":21834,"date":"2014-09-09T21:12:42","date_gmt":"2014-09-10T00:12:42","guid":{"rendered":"http:\/\/www.notibras.com\/site\/?p=21834"},"modified":"2014-09-09T21:13:24","modified_gmt":"2014-09-10T00:13:24","slug":"menino-que-teve-braco-arrancado-por-tigre-recebe-protese-de-presente","status":"publish","type":"post","link":"https:\/\/www.notibras.com\/site\/menino-que-teve-braco-arrancado-por-tigre-recebe-protese-de-presente\/","title":{"rendered":"Menino que teve bra\u00e7o arrancado por tigre vai ter pr\u00f3tese de presente"},"content":{"rendered":"<p>O menino Vrajamany Fernandes Rocha, 11 anos, que teve seu bra\u00e7o arrancado em julho por um tigre no zool\u00f3gico de Cascavel, no Paran\u00e1, ganhou na semana passada uma ajuda importante para recome\u00e7ar a vida. Ele esteve em Sorocaba, a 98 quil\u00f4metros de S\u00e3o Paulo, para escolher a pr\u00f3tese que vai substituir o bra\u00e7o perdido.<\/p>\n<p>O membro foi doado por uma empresa da cidade, a mesma que ajudou o ciclista que teve parte do bra\u00e7o arrancado em um acidente na ciclofaixa da avenida Paulista.<\/p>\n<p>Na quinta-feira (4), Vrajamany conheceu o tipo de pr\u00f3tese que vai usar e tirou todas as medidas.<\/p>\n<p>De acordo com Nelson Tuzino Nol\u00e9, respons\u00e1vel pela pe\u00e7a, como o bra\u00e7o do menino foi totalmente amputado, a pr\u00f3tese ter\u00e1 uma fun\u00e7\u00e3o mais est\u00e9tica do que funcional. &#8220;A m\u00e3o n\u00e3o poder\u00e1 ser movimentada, porque n\u00e3o ficaram termina\u00e7\u00f5es nervosas para enviar o est\u00edmulo. Esse bra\u00e7o vai dar a harmonia do corpo e evitar desvios na coluna por causa do peso em apenas um dos lados do corpo&#8221;, explicou.<\/p>\n<p>O especialista explicou ainda que a pr\u00f3tese ser\u00e1 feita em fibra de carbono, respeitando ao m\u00e1ximo as caracter\u00edsticas do outro bra\u00e7o, como os detalhes da m\u00e3o e a cor da pele.<\/p>\n<blockquote><p>Al\u00e9m disso, a pe\u00e7a vai ajudar a combater a chamada dor do membro fantasma, que tem incomodado bastante o garoto. &#8220;A pessoa sente como se o membro estivesse ali. No caso dele, houve um impacto muito grande, porque o bra\u00e7o foi arrancado. Essa mem\u00f3ria fica no c\u00e9rebro e nos nervos. A presen\u00e7a da pr\u00f3tese vai ajudar a amenizar esse inc\u00f4modo&#8221;, disse.<\/p><\/blockquote>\n<p>O garoto se mostrou animado com a possibilidade de recome\u00e7ar e disse que gostaria at\u00e9 de ter desenhos em seu novo bra\u00e7o. &#8220;Eu acho que vou querer que tenha caveira como aquela&#8221;, diz apontando para uma das pr\u00f3teses.<\/p>\n<p>Segundo a m\u00e3e dele, M\u00f4nica Fernandes Santos, agora o que ferimento cicatrizou, Vrajamany, que \u00e9 destro, come\u00e7a a ganhar independ\u00eancia. Ele j\u00e1 toma banho e se alimenta sozinho e tenta, aos poucos, melhorar a habilidade para escrever com a m\u00e3o esquerda.<\/p>\n<p>&#8220;Ele est\u00e1 treinando em casa, mas acredito que isso n\u00e3o vai demorar para acontecer&#8221;, afirmou ela.<\/p>\n","protected":false},"excerpt":{"rendered":"<p>O menino Vrajamany Fernandes Rocha, 11 anos, que teve seu bra\u00e7o arrancado em julho por um tigre no zool\u00f3gico de Cascavel, no Paran\u00e1, ganhou na semana passada uma ajuda importante para recome\u00e7ar a vida. Ele esteve em Sorocaba, a 98 quil\u00f4metros de S\u00e3o Paulo, para escolher a pr\u00f3tese que vai substituir o bra\u00e7o perdido. O [&hellip;]<\/p>\n","protected":false},"author":2,"featured_media":21835,"comment_status":"open","ping_status":"closed","sticky":false,"template":"","format":"standard","meta":{"_acf_changed":false,"footnotes":""},"categories":[16],"tags":[],"class_list":["post-21834","post","type-post","status-publish","format-standard","has-post-thumbnail","hentry","category-brasil"],"acf":[],"yoast_head":"<!-- This site is optimized with the Yoast SEO plugin v27.2 - https:\/\/yoast.com\/product\/yoast-seo-wordpress\/ -->\n<title>Menino que teve bra\u00e7o arrancado por tigre vai ter pr\u00f3tese de presente - Notibras<\/title>\n<meta name=\"robots\" content=\"index, follow, max-snippet:-1, max-image-preview:large, max-video-preview:-1\" \/>\n<link rel=\"canonical\" href=\"https:\/\/www.notibras.com\/site\/menino-que-teve-braco-arrancado-por-tigre-recebe-protese-de-presente\/\" \/>\n<meta property=\"og:locale\" content=\"pt_BR\" \/>\n<meta property=\"og:type\" content=\"article\" \/>\n<meta property=\"og:title\" content=\"Menino que teve bra\u00e7o arrancado por tigre vai ter pr\u00f3tese de presente - Notibras\" \/>\n<meta property=\"og:description\" content=\"O menino Vrajamany Fernandes Rocha, 11 anos, que teve seu bra\u00e7o arrancado em julho por um tigre no zool\u00f3gico de Cascavel, no Paran\u00e1, ganhou na semana passada uma ajuda importante para recome\u00e7ar a vida. Ele esteve em Sorocaba, a 98 quil\u00f4metros de S\u00e3o Paulo, para escolher a pr\u00f3tese que vai substituir o bra\u00e7o perdido. O [&hellip;]\" \/>\n<meta property=\"og:url\" content=\"https:\/\/www.notibras.com\/site\/menino-que-teve-braco-arrancado-por-tigre-recebe-protese-de-presente\/\" \/>\n<meta property=\"og:site_name\" content=\"Notibras\" \/>\n<meta property=\"article:publisher\" content=\"https:\/\/www.facebook.com\/notibras\/\" \/>\n<meta property=\"article:published_time\" content=\"2014-09-10T00:12:42+00:00\" \/>\n<meta property=\"article:modified_time\" content=\"2014-09-10T00:13:24+00:00\" \/>\n<meta property=\"og:image\" content=\"https:\/\/www.notibras.com\/site\/wp-content\/uploads\/2014\/09\/menino.jpg\" \/>\n\t<meta property=\"og:image:width\" content=\"615\" \/>\n\t<meta property=\"og:image:height\" content=\"300\" \/>\n\t<meta property=\"og:image:type\" content=\"image\/jpeg\" \/>\n<meta name=\"author\" content=\"Reda\u00e7\u00e3o\" \/>\n<meta name=\"twitter:card\" content=\"summary_large_image\" \/>\n<meta name=\"twitter:creator\" content=\"@Notibras\" \/>\n<meta name=\"twitter:site\" content=\"@Notibras\" \/>\n<meta name=\"twitter:label1\" content=\"Escrito por\" \/>\n\t<meta name=\"twitter:data1\" content=\"Reda\u00e7\u00e3o\" \/>\n\t<meta name=\"twitter:label2\" content=\"Est. tempo de leitura\" \/>\n\t<meta name=\"twitter:data2\" content=\"2 minutos\" \/>\n<script type=\"application\/ld+json\" class=\"yoast-schema-graph\">{\"@context\":\"https:\/\/schema.org\",\"@graph\":[{\"@type\":\"Article\",\"@id\":\"https:\/\/www.notibras.com\/site\/menino-que-teve-braco-arrancado-por-tigre-recebe-protese-de-presente\/#article\",\"isPartOf\":{\"@id\":\"https:\/\/www.notibras.com\/site\/menino-que-teve-braco-arrancado-por-tigre-recebe-protese-de-presente\/\"},\"author\":{\"name\":\"Reda\u00e7\u00e3o\",\"@id\":\"https:\/\/www.notibras.com\/site\/#\/schema\/person\/36ab0979449956132d3e5b517ea76ac8\"},\"headline\":\"Menino que teve bra\u00e7o arrancado por tigre vai ter pr\u00f3tese de presente\",\"datePublished\":\"2014-09-10T00:12:42+00:00\",\"dateModified\":\"2014-09-10T00:13:24+00:00\",\"mainEntityOfPage\":{\"@id\":\"https:\/\/www.notibras.com\/site\/menino-que-teve-braco-arrancado-por-tigre-recebe-protese-de-presente\/\"},\"wordCount\":407,\"commentCount\":0,\"publisher\":{\"@id\":\"https:\/\/www.notibras.com\/site\/#organization\"},\"image\":{\"@id\":\"https:\/\/www.notibras.com\/site\/menino-que-teve-braco-arrancado-por-tigre-recebe-protese-de-presente\/#primaryimage\"},\"thumbnailUrl\":\"https:\/\/www.notibras.com\/site\/wp-content\/uploads\/2014\/09\/menino.jpg\",\"articleSection\":[\"Brasil\"],\"inLanguage\":\"pt-BR\",\"potentialAction\":[{\"@type\":\"CommentAction\",\"name\":\"Comment\",\"target\":[\"https:\/\/www.notibras.com\/site\/menino-que-teve-braco-arrancado-por-tigre-recebe-protese-de-presente\/#respond\"]}]},{\"@type\":\"WebPage\",\"@id\":\"https:\/\/www.notibras.com\/site\/menino-que-teve-braco-arrancado-por-tigre-recebe-protese-de-presente\/\",\"url\":\"https:\/\/www.notibras.com\/site\/menino-que-teve-braco-arrancado-por-tigre-recebe-protese-de-presente\/\",\"name\":\"Menino que teve bra\u00e7o arrancado por tigre vai ter pr\u00f3tese de presente - Notibras\",\"isPartOf\":{\"@id\":\"https:\/\/www.notibras.com\/site\/#website\"},\"primaryImageOfPage\":{\"@id\":\"https:\/\/www.notibras.com\/site\/menino-que-teve-braco-arrancado-por-tigre-recebe-protese-de-presente\/#primaryimage\"},\"image\":{\"@id\":\"https:\/\/www.notibras.com\/site\/menino-que-teve-braco-arrancado-por-tigre-recebe-protese-de-presente\/#primaryimage\"},\"thumbnailUrl\":\"https:\/\/www.notibras.com\/site\/wp-content\/uploads\/2014\/09\/menino.jpg\",\"datePublished\":\"2014-09-10T00:12:42+00:00\",\"dateModified\":\"2014-09-10T00:13:24+00:00\",\"breadcrumb\":{\"@id\":\"https:\/\/www.notibras.com\/site\/menino-que-teve-braco-arrancado-por-tigre-recebe-protese-de-presente\/#breadcrumb\"},\"inLanguage\":\"pt-BR\",\"potentialAction\":[{\"@type\":\"ReadAction\",\"target\":[\"https:\/\/www.notibras.com\/site\/menino-que-teve-braco-arrancado-por-tigre-recebe-protese-de-presente\/\"]}]},{\"@type\":\"ImageObject\",\"inLanguage\":\"pt-BR\",\"@id\":\"https:\/\/www.notibras.com\/site\/menino-que-teve-braco-arrancado-por-tigre-recebe-protese-de-presente\/#primaryimage\",\"url\":\"https:\/\/www.notibras.com\/site\/wp-content\/uploads\/2014\/09\/menino.jpg\",\"contentUrl\":\"https:\/\/www.notibras.com\/site\/wp-content\/uploads\/2014\/09\/menino.jpg\",\"width\":615,\"height\":300},{\"@type\":\"BreadcrumbList\",\"@id\":\"https:\/\/www.notibras.com\/site\/menino-que-teve-braco-arrancado-por-tigre-recebe-protese-de-presente\/#breadcrumb\",\"itemListElement\":[{\"@type\":\"ListItem\",\"position\":1,\"name\":\"In\u00edcio\",\"item\":\"https:\/\/www.notibras.com\/site\/\"},{\"@type\":\"ListItem\",\"position\":2,\"name\":\"Menino que teve bra\u00e7o arrancado por tigre vai ter pr\u00f3tese de presente\"}]},{\"@type\":\"WebSite\",\"@id\":\"https:\/\/www.notibras.com\/site\/#website\",\"url\":\"https:\/\/www.notibras.com\/site\/\",\"name\":\"Notibras\",\"description\":\"Not\u00edcias de Bras\u00edlia, do Brasil e do Mundo\",\"publisher\":{\"@id\":\"https:\/\/www.notibras.com\/site\/#organization\"},\"potentialAction\":[{\"@type\":\"SearchAction\",\"target\":{\"@type\":\"EntryPoint\",\"urlTemplate\":\"https:\/\/www.notibras.com\/site\/?s={search_term_string}\"},\"query-input\":{\"@type\":\"PropertyValueSpecification\",\"valueRequired\":true,\"valueName\":\"search_term_string\"}}],\"inLanguage\":\"pt-BR\"},{\"@type\":\"Organization\",\"@id\":\"https:\/\/www.notibras.com\/site\/#organization\",\"name\":\"Grupo Notibras de Comunica\u00e7\u00e3o\",\"url\":\"https:\/\/www.notibras.com\/site\/\",\"logo\":{\"@type\":\"ImageObject\",\"inLanguage\":\"pt-BR\",\"@id\":\"https:\/\/www.notibras.com\/site\/#\/schema\/logo\/image\/\",\"url\":\"https:\/\/www.notibras.com\/site\/wp-content\/uploads\/2023\/01\/notibras23.png\",\"contentUrl\":\"https:\/\/www.notibras.com\/site\/wp-content\/uploads\/2023\/01\/notibras23.png\",\"width\":350,\"height\":87,\"caption\":\"Grupo Notibras de Comunica\u00e7\u00e3o\"},\"image\":{\"@id\":\"https:\/\/www.notibras.com\/site\/#\/schema\/logo\/image\/\"},\"sameAs\":[\"https:\/\/www.facebook.com\/notibras\/\",\"https:\/\/x.com\/Notibras\",\"https:\/\/www.instagram.com\/notibras\/\"]},{\"@type\":\"Person\",\"@id\":\"https:\/\/www.notibras.com\/site\/#\/schema\/person\/36ab0979449956132d3e5b517ea76ac8\",\"name\":\"Reda\u00e7\u00e3o\",\"image\":{\"@type\":\"ImageObject\",\"inLanguage\":\"pt-BR\",\"@id\":\"https:\/\/secure.gravatar.com\/avatar\/e0a867bdedb85fd243eadf09663511f96fc81e0720a4a42581f334ad4303aa6b?s=96&d=mm&r=g\",\"url\":\"https:\/\/secure.gravatar.com\/avatar\/e0a867bdedb85fd243eadf09663511f96fc81e0720a4a42581f334ad4303aa6b?s=96&d=mm&r=g\",\"contentUrl\":\"https:\/\/secure.gravatar.com\/avatar\/e0a867bdedb85fd243eadf09663511f96fc81e0720a4a42581f334ad4303aa6b?s=96&d=mm&r=g\",\"caption\":\"Reda\u00e7\u00e3o\"}}]}<\/script>\n<!-- \/ Yoast SEO plugin. -->","yoast_head_json":{"title":"Menino que teve bra\u00e7o arrancado por tigre vai ter pr\u00f3tese de presente - Notibras","robots":{"index":"index","follow":"follow","max-snippet":"max-snippet:-1","max-image-preview":"max-image-preview:large","max-video-preview":"max-video-preview:-1"},"canonical":"https:\/\/www.notibras.com\/site\/menino-que-teve-braco-arrancado-por-tigre-recebe-protese-de-presente\/","og_locale":"pt_BR","og_type":"article","og_title":"Menino que teve bra\u00e7o arrancado por tigre vai ter pr\u00f3tese de presente - Notibras","og_description":"O menino Vrajamany Fernandes Rocha, 11 anos, que teve seu bra\u00e7o arrancado em julho por um tigre no zool\u00f3gico de Cascavel, no Paran\u00e1, ganhou na semana passada uma ajuda importante para recome\u00e7ar a vida. Ele esteve em Sorocaba, a 98 quil\u00f4metros de S\u00e3o Paulo, para escolher a pr\u00f3tese que vai substituir o bra\u00e7o perdido. O [&hellip;]","og_url":"https:\/\/www.notibras.com\/site\/menino-que-teve-braco-arrancado-por-tigre-recebe-protese-de-presente\/","og_site_name":"Notibras","article_publisher":"https:\/\/www.facebook.com\/notibras\/","article_published_time":"2014-09-10T00:12:42+00:00","article_modified_time":"2014-09-10T00:13:24+00:00","og_image":[{"width":615,"height":300,"url":"https:\/\/www.notibras.com\/site\/wp-content\/uploads\/2014\/09\/menino.jpg","type":"image\/jpeg"}],"author":"Reda\u00e7\u00e3o","twitter_card":"summary_large_image","twitter_creator":"@Notibras","twitter_site":"@Notibras","twitter_misc":{"Escrito por":"Reda\u00e7\u00e3o","Est. tempo de leitura":"2 minutos"},"schema":{"@context":"https:\/\/schema.org","@graph":[{"@type":"Article","@id":"https:\/\/www.notibras.com\/site\/menino-que-teve-braco-arrancado-por-tigre-recebe-protese-de-presente\/#article","isPartOf":{"@id":"https:\/\/www.notibras.com\/site\/menino-que-teve-braco-arrancado-por-tigre-recebe-protese-de-presente\/"},"author":{"name":"Reda\u00e7\u00e3o","@id":"https:\/\/www.notibras.com\/site\/#\/schema\/person\/36ab0979449956132d3e5b517ea76ac8"},"headline":"Menino que teve bra\u00e7o arrancado por tigre vai ter pr\u00f3tese de presente","datePublished":"2014-09-10T00:12:42+00:00","dateModified":"2014-09-10T00:13:24+00:00","mainEntityOfPage":{"@id":"https:\/\/www.notibras.com\/site\/menino-que-teve-braco-arrancado-por-tigre-recebe-protese-de-presente\/"},"wordCount":407,"commentCount":0,"publisher":{"@id":"https:\/\/www.notibras.com\/site\/#organization"},"image":{"@id":"https:\/\/www.notibras.com\/site\/menino-que-teve-braco-arrancado-por-tigre-recebe-protese-de-presente\/#primaryimage"},"thumbnailUrl":"https:\/\/www.notibras.com\/site\/wp-content\/uploads\/2014\/09\/menino.jpg","articleSection":["Brasil"],"inLanguage":"pt-BR","potentialAction":[{"@type":"CommentAction","name":"Comment","target":["https:\/\/www.notibras.com\/site\/menino-que-teve-braco-arrancado-por-tigre-recebe-protese-de-presente\/#respond"]}]},{"@type":"WebPage","@id":"https:\/\/www.notibras.com\/site\/menino-que-teve-braco-arrancado-por-tigre-recebe-protese-de-presente\/","url":"https:\/\/www.notibras.com\/site\/menino-que-teve-braco-arrancado-por-tigre-recebe-protese-de-presente\/","name":"Menino que teve bra\u00e7o arrancado por tigre vai ter pr\u00f3tese de presente - Notibras","isPartOf":{"@id":"https:\/\/www.notibras.com\/site\/#website"},"primaryImageOfPage":{"@id":"https:\/\/www.notibras.com\/site\/menino-que-teve-braco-arrancado-por-tigre-recebe-protese-de-presente\/#primaryimage"},"image":{"@id":"https:\/\/www.notibras.com\/site\/menino-que-teve-braco-arrancado-por-tigre-recebe-protese-de-presente\/#primaryimage"},"thumbnailUrl":"https:\/\/www.notibras.com\/site\/wp-content\/uploads\/2014\/09\/menino.jpg","datePublished":"2014-09-10T00:12:42+00:00","dateModified":"2014-09-10T00:13:24+00:00","breadcrumb":{"@id":"https:\/\/www.notibras.com\/site\/menino-que-teve-braco-arrancado-por-tigre-recebe-protese-de-presente\/#breadcrumb"},"inLanguage":"pt-BR","potentialAction":[{"@type":"ReadAction","target":["https:\/\/www.notibras.com\/site\/menino-que-teve-braco-arrancado-por-tigre-recebe-protese-de-presente\/"]}]},{"@type":"ImageObject","inLanguage":"pt-BR","@id":"https:\/\/www.notibras.com\/site\/menino-que-teve-braco-arrancado-por-tigre-recebe-protese-de-presente\/#primaryimage","url":"https:\/\/www.notibras.com\/site\/wp-content\/uploads\/2014\/09\/menino.jpg","contentUrl":"https:\/\/www.notibras.com\/site\/wp-content\/uploads\/2014\/09\/menino.jpg","width":615,"height":300},{"@type":"BreadcrumbList","@id":"https:\/\/www.notibras.com\/site\/menino-que-teve-braco-arrancado-por-tigre-recebe-protese-de-presente\/#breadcrumb","itemListElement":[{"@type":"ListItem","position":1,"name":"In\u00edcio","item":"https:\/\/www.notibras.com\/site\/"},{"@type":"ListItem","position":2,"name":"Menino que teve bra\u00e7o arrancado por tigre vai ter pr\u00f3tese de presente"}]},{"@type":"WebSite","@id":"https:\/\/www.notibras.com\/site\/#website","url":"https:\/\/www.notibras.com\/site\/","name":"Notibras","description":"Not\u00edcias de Bras\u00edlia, do Brasil e do Mundo","publisher":{"@id":"https:\/\/www.notibras.com\/site\/#organization"},"potentialAction":[{"@type":"SearchAction","target":{"@type":"EntryPoint","urlTemplate":"https:\/\/www.notibras.com\/site\/?s={search_term_string}"},"query-input":{"@type":"PropertyValueSpecification","valueRequired":true,"valueName":"search_term_string"}}],"inLanguage":"pt-BR"},{"@type":"Organization","@id":"https:\/\/www.notibras.com\/site\/#organization","name":"Grupo Notibras de Comunica\u00e7\u00e3o","url":"https:\/\/www.notibras.com\/site\/","logo":{"@type":"ImageObject","inLanguage":"pt-BR","@id":"https:\/\/www.notibras.com\/site\/#\/schema\/logo\/image\/","url":"https:\/\/www.notibras.com\/site\/wp-content\/uploads\/2023\/01\/notibras23.png","contentUrl":"https:\/\/www.notibras.com\/site\/wp-content\/uploads\/2023\/01\/notibras23.png","width":350,"height":87,"caption":"Grupo Notibras de Comunica\u00e7\u00e3o"},"image":{"@id":"https:\/\/www.notibras.com\/site\/#\/schema\/logo\/image\/"},"sameAs":["https:\/\/www.facebook.com\/notibras\/","https:\/\/x.com\/Notibras","https:\/\/www.instagram.com\/notibras\/"]},{"@type":"Person","@id":"https:\/\/www.notibras.com\/site\/#\/schema\/person\/36ab0979449956132d3e5b517ea76ac8","name":"Reda\u00e7\u00e3o","image":{"@type":"ImageObject","inLanguage":"pt-BR","@id":"https:\/\/secure.gravatar.com\/avatar\/e0a867bdedb85fd243eadf09663511f96fc81e0720a4a42581f334ad4303aa6b?s=96&d=mm&r=g","url":"https:\/\/secure.gravatar.com\/avatar\/e0a867bdedb85fd243eadf09663511f96fc81e0720a4a42581f334ad4303aa6b?s=96&d=mm&r=g","contentUrl":"https:\/\/secure.gravatar.com\/avatar\/e0a867bdedb85fd243eadf09663511f96fc81e0720a4a42581f334ad4303aa6b?s=96&d=mm&r=g","caption":"Reda\u00e7\u00e3o"}}]}},"amp_enabled":true,"_links":{"self":[{"href":"https:\/\/www.notibras.com\/site\/wp-json\/wp\/v2\/posts\/21834","targetHints":{"allow":["GET"]}}],"collection":[{"href":"https:\/\/www.notibras.com\/site\/wp-json\/wp\/v2\/posts"}],"about":[{"href":"https:\/\/www.notibras.com\/site\/wp-json\/wp\/v2\/types\/post"}],"author":[{"embeddable":true,"href":"https:\/\/www.notibras.com\/site\/wp-json\/wp\/v2\/users\/2"}],"replies":[{"embeddable":true,"href":"https:\/\/www.notibras.com\/site\/wp-json\/wp\/v2\/comments?post=21834"}],"version-history":[{"count":0,"href":"https:\/\/www.notibras.com\/site\/wp-json\/wp\/v2\/posts\/21834\/revisions"}],"wp:featuredmedia":[{"embeddable":true,"href":"https:\/\/www.notibras.com\/site\/wp-json\/wp\/v2\/media\/21835"}],"wp:attachment":[{"href":"https:\/\/www.notibras.com\/site\/wp-json\/wp\/v2\/media?parent=21834"}],"wp:term":[{"taxonomy":"category","embeddable":true,"href":"https:\/\/www.notibras.com\/site\/wp-json\/wp\/v2\/categories?post=21834"},{"taxonomy":"post_tag","embeddable":true,"href":"https:\/\/www.notibras.com\/site\/wp-json\/wp\/v2\/tags?post=21834"}],"curies":[{"name":"wp","href":"https:\/\/api.w.org\/{rel}","templated":true}]}}