{"id":21842,"date":"2014-09-09T19:22:47","date_gmt":"2014-09-09T22:22:47","guid":{"rendered":"http:\/\/www.notibras.com\/site\/?p=21842"},"modified":"2014-09-09T21:27:53","modified_gmt":"2014-09-10T00:27:53","slug":"lideres-de-cultos-afro-criticam-discriminacao-de-escola-publica-do-rio","status":"publish","type":"post","link":"https:\/\/www.notibras.com\/site\/lideres-de-cultos-afro-criticam-discriminacao-de-escola-publica-do-rio\/","title":{"rendered":"L\u00edderes de cultos afro criticam discrimina\u00e7\u00e3o em escola da rede p\u00fablica do Rio de Janeiro"},"content":{"rendered":"<p>Fi\u00e9is de religi\u00f5es afro-brasileiras e pessoas de outros credos distribu\u00edram doces e fizeram roda de afox\u00e9 na porta da Escola Municipal Francisco Campos, na zona norte do Rio de Janeiro, onde um adolescente afirma ter sido barrado por usar colares de candombl\u00e9. No ato, os manifestantes pediram a aplica\u00e7\u00e3o da Lei 10.639, que prev\u00ea o ensino da hist\u00f3ria do negro e da cultura afro-brasileira nas escolas.<\/p>\n<p>&#8220;N\u00e3o podemos ficar s\u00f3 defendendo ou acusando, \u00e9 preciso saber o que fica de positivo para a escola, como um s\u00edmbolo, e o que fica de positivo para a sociedade na luta contra a intoler\u00e2ncia&#8221;, disse o babala\u00f4 Ivanir dos Santos, da Comiss\u00e3o de Combate \u00e0 Intoler\u00e2ncia Religiosa.<\/p>\n<p>O babala\u00f4 disse que conversou pela primeira vez com a diretora da unidade de ensino, e ela explicou ter barrado o aluno por estar de bon\u00e9, e n\u00e3o por usar guias religiosas. &#8220;Se \u00e9 mal entendido ou n\u00e3o, o fato ocorreu e marcou de forma negativa. Agora \u00e9 preciso ter algo que marque de forma positiva&#8221;, defendeu Ivanir. Segundo ele, a aplica\u00e7\u00e3o da lei evitaria epis\u00f3dios de discrimina\u00e7\u00e3o religiosa.<\/p>\n<blockquote><p>&#8220;Queremos que a prefeitura tenha uma postura positiva na implementa\u00e7\u00e3o da Lei 10.639, que prev\u00ea capacita\u00e7\u00e3o de professores, compra de material did\u00e1tico e inclus\u00e3o no projeto pedag\u00f3gico da escola. Queremos essa implementa\u00e7\u00e3o&#8221;.<\/p><\/blockquote>\n<p>A Secretaria Municipal de Educa\u00e7\u00e3o do Rio de Janeiro informou que o ensino religioso \u00e9 facultado aos alunos, conforme determina a Lei 5.303\/2011 do munic\u00edpio, e vem sendo oferecido apenas nas escolas de turno \u00fanico da rede municipal. No momento da matr\u00edcula o pai ou respons\u00e1vel decide se o filho ir\u00e1 cursar a disciplina e em qual credo.<\/p>\n<p>Atualmente, essa modalidade de ensino \u00e9 oferecida nas religi\u00f5es cat\u00f3lica, evang\u00e9lica\/protestante e afro-brasileira. As aulas s\u00e3o para os alunos do 4\u00ba e 5\u00ba anos do ensino fundamental, que neste ano atendem 8.217 estudantes, ante 7.769 que optaram pelo ensino religioso no ano passado. A secretaria salientou que a cultura africana e suas manifesta\u00e7\u00f5es, inclusive religiosas, \u00e9 um &#8220;tema trabalhado de forma pedag\u00f3gica e interdisciplinar em todas as escolas da rede\u201d.<\/p>\n<p>Amanh\u00e3 (10), \u00e0s 18h, o grupo promover\u00e1 um ato contra a intoler\u00e2ncia religiosa na Universidade Estadual do Rio de Janeiro e, na sexta-feira (12), \u00e0s 16h, a comiss\u00e3o ter\u00e1 audi\u00eancia com o chefe de Pol\u00edcia Civil, Fernando Veloso, para tratar do combate \u00e0 intoler\u00e2ncia religiosa.<\/p>\n<p>&#8220;Primeiro, \u00e9 fundamental registrar as ocorr\u00eancias, j\u00e1 que algumas delegacias t\u00eam resist\u00eancia em registrar. Depois, \u00e9 preciso fazer os processos andarem&#8221;, disse Ivanir, para quem os casos do g\u00eanero t\u00eam tido tratamento secund\u00e1rio.<\/p>\n<p>Procurada, a chefia de Pol\u00edcia Civil informou que a orienta\u00e7\u00e3o dada pelo \u00f3rg\u00e3o \u00e9 que \u201ctodas as delegacias registrem os casos de intoler\u00e2ncia religiosa, e que o atendimento dispensado seja o mesmo para todos\u201d.<\/p>\n<p><strong>Vinicius Lisboa, ABr<br \/>\n<\/strong><\/p>\n","protected":false},"excerpt":{"rendered":"<p>Fi\u00e9is de religi\u00f5es afro-brasileiras e pessoas de outros credos distribu\u00edram doces e fizeram roda de afox\u00e9 na porta da Escola Municipal Francisco Campos, na zona norte do Rio de Janeiro, onde um adolescente afirma ter sido barrado por usar colares de candombl\u00e9. No ato, os manifestantes pediram a aplica\u00e7\u00e3o da Lei 10.639, que prev\u00ea o [&hellip;]<\/p>\n","protected":false},"author":2,"featured_media":21843,"comment_status":"open","ping_status":"closed","sticky":false,"template":"","format":"standard","meta":{"_acf_changed":false,"footnotes":""},"categories":[16],"tags":[],"class_list":["post-21842","post","type-post","status-publish","format-standard","has-post-thumbnail","hentry","category-brasil"],"acf":[],"_links":{"self":[{"href":"https:\/\/www.notibras.com\/site\/wp-json\/wp\/v2\/posts\/21842","targetHints":{"allow":["GET"]}}],"collection":[{"href":"https:\/\/www.notibras.com\/site\/wp-json\/wp\/v2\/posts"}],"about":[{"href":"https:\/\/www.notibras.com\/site\/wp-json\/wp\/v2\/types\/post"}],"author":[{"embeddable":true,"href":"https:\/\/www.notibras.com\/site\/wp-json\/wp\/v2\/users\/2"}],"replies":[{"embeddable":true,"href":"https:\/\/www.notibras.com\/site\/wp-json\/wp\/v2\/comments?post=21842"}],"version-history":[{"count":0,"href":"https:\/\/www.notibras.com\/site\/wp-json\/wp\/v2\/posts\/21842\/revisions"}],"wp:featuredmedia":[{"embeddable":true,"href":"https:\/\/www.notibras.com\/site\/wp-json\/wp\/v2\/media\/21843"}],"wp:attachment":[{"href":"https:\/\/www.notibras.com\/site\/wp-json\/wp\/v2\/media?parent=21842"}],"wp:term":[{"taxonomy":"category","embeddable":true,"href":"https:\/\/www.notibras.com\/site\/wp-json\/wp\/v2\/categories?post=21842"},{"taxonomy":"post_tag","embeddable":true,"href":"https:\/\/www.notibras.com\/site\/wp-json\/wp\/v2\/tags?post=21842"}],"curies":[{"name":"wp","href":"https:\/\/api.w.org\/{rel}","templated":true}]}}