{"id":21851,"date":"2014-09-09T20:39:08","date_gmt":"2014-09-09T23:39:08","guid":{"rendered":"http:\/\/www.notibras.com\/site\/?p=21851"},"modified":"2014-09-09T21:41:55","modified_gmt":"2014-09-10T00:41:55","slug":"nautico-derrota-vila-nova-em-goiania-e-respira-mais-tranquilo","status":"publish","type":"post","link":"https:\/\/www.notibras.com\/site\/nautico-derrota-vila-nova-em-goiania-e-respira-mais-tranquilo\/","title":{"rendered":"N\u00e1utico derrota Vila Nova em Goi\u00e2nia e respira mais tranquilo"},"content":{"rendered":"<p>Ap\u00f3s dois jogos sem vencer na S\u00e9rie B do Campeonato Brasileiro (havia perdido por 2 a 0 para a Ponte Preta e empatado sem gols com o Bragantino), o N\u00e1utico aproveitou o fato de enfrentar o lanterna da competi\u00e7\u00e3o para se reabilitar. Na noite desta ter\u00e7a-feira, derrotou o Vila Nova por 1 a 0, no Serra Dourada.<\/p>\n<p>Com o resultado, o N\u00e1utico subiu na tabela de classifica\u00e7\u00e3o. Passou a computar 31 pontos, mais pr\u00f3ximo do grupo de acesso do que da zona de rebaixamento. J\u00e1 o Vila Nova continua em situa\u00e7\u00e3o complicada, com apenas 14, na \u00faltima coloca\u00e7\u00e3o.<\/p>\n<p>Apesar dos problemas enfrentados pelo advers\u00e1rio, o N\u00e1utico teve dificuldades para alcan\u00e7ar o resultado positivo no Centro-Oeste.<\/p>\n<p>O gol da vit\u00f3ria foi marcado por Crislan, que levou a melhor em uma sa\u00edda errada de jogo do Vila Nova, passou pelo goleiro Cleber Alves e conferiu.No segundo tempo, no entanto, o N\u00e1utico ficou com um jogador a menos. O defensor M\u00e1rio Risso levou o seu segundo cart\u00e3o amarelo na partida aos 24 minutos e acabou expulso. Ainda assim, o Vila Nova n\u00e3o conseguiu chegar ao empate.<\/p>\n<p>Os dois times voltar\u00e3o a campo pela S\u00e9rie B ainda nesta semana. O N\u00e1utico receber\u00e1 o Cear\u00e1 na Arena Pernambuco na sexta-feira, enquanto o Vila Nova ir\u00e1 \u00e0 Ressacada para enfrentar o Ava\u00ed no dia seguinte.<\/p>\n","protected":false},"excerpt":{"rendered":"<p>Ap\u00f3s dois jogos sem vencer na S\u00e9rie B do Campeonato Brasileiro (havia perdido por 2 a 0 para a Ponte Preta e empatado sem gols com o Bragantino), o N\u00e1utico aproveitou o fato de enfrentar o lanterna da competi\u00e7\u00e3o para se reabilitar. Na noite desta ter\u00e7a-feira, derrotou o Vila Nova por 1 a 0, no [&hellip;]<\/p>\n","protected":false},"author":2,"featured_media":21852,"comment_status":"open","ping_status":"closed","sticky":false,"template":"","format":"standard","meta":{"_acf_changed":false,"footnotes":""},"categories":[19,29],"tags":[],"class_list":["post-21851","post","type-post","status-publish","format-standard","has-post-thumbnail","hentry","category-esportes","category-futebol"],"acf":[],"yoast_head":"<!-- This site is optimized with the Yoast SEO plugin v27.2 - https:\/\/yoast.com\/product\/yoast-seo-wordpress\/ -->\n<title>N\u00e1utico derrota Vila Nova em Goi\u00e2nia e respira mais tranquilo - Notibras<\/title>\n<meta name=\"robots\" content=\"index, follow, max-snippet:-1, max-image-preview:large, max-video-preview:-1\" \/>\n<link rel=\"canonical\" href=\"https:\/\/www.notibras.com\/site\/nautico-derrota-vila-nova-em-goiania-e-respira-mais-tranquilo\/\" \/>\n<meta property=\"og:locale\" content=\"pt_BR\" \/>\n<meta property=\"og:type\" content=\"article\" \/>\n<meta property=\"og:title\" content=\"N\u00e1utico derrota Vila Nova em Goi\u00e2nia e respira mais tranquilo - Notibras\" \/>\n<meta property=\"og:description\" content=\"Ap\u00f3s dois jogos sem vencer na S\u00e9rie B do Campeonato Brasileiro (havia perdido por 2 a 0 para a Ponte Preta e empatado sem gols com o Bragantino), o N\u00e1utico aproveitou o fato de enfrentar o lanterna da competi\u00e7\u00e3o para se reabilitar. Na noite desta ter\u00e7a-feira, derrotou o Vila Nova por 1 a 0, no [&hellip;]\" \/>\n<meta property=\"og:url\" content=\"https:\/\/www.notibras.com\/site\/nautico-derrota-vila-nova-em-goiania-e-respira-mais-tranquilo\/\" \/>\n<meta property=\"og:site_name\" content=\"Notibras\" \/>\n<meta property=\"article:publisher\" content=\"https:\/\/www.facebook.com\/notibras\/\" \/>\n<meta property=\"article:published_time\" content=\"2014-09-09T23:39:08+00:00\" \/>\n<meta property=\"article:modified_time\" content=\"2014-09-10T00:41:55+00:00\" \/>\n<meta property=\"og:image\" content=\"https:\/\/www.notibras.com\/site\/wp-content\/uploads\/2014\/09\/nau.jpg\" \/>\n\t<meta property=\"og:image:width\" content=\"620\" \/>\n\t<meta property=\"og:image:height\" content=\"390\" \/>\n\t<meta property=\"og:image:type\" content=\"image\/jpeg\" \/>\n<meta name=\"author\" content=\"Reda\u00e7\u00e3o\" \/>\n<meta name=\"twitter:card\" content=\"summary_large_image\" \/>\n<meta name=\"twitter:creator\" content=\"@Notibras\" \/>\n<meta name=\"twitter:site\" content=\"@Notibras\" \/>\n<meta name=\"twitter:label1\" content=\"Escrito por\" \/>\n\t<meta name=\"twitter:data1\" content=\"Reda\u00e7\u00e3o\" \/>\n\t<meta name=\"twitter:label2\" content=\"Est. tempo de leitura\" \/>\n\t<meta name=\"twitter:data2\" content=\"1 minuto\" \/>\n<script type=\"application\/ld+json\" class=\"yoast-schema-graph\">{\"@context\":\"https:\/\/schema.org\",\"@graph\":[{\"@type\":\"Article\",\"@id\":\"https:\/\/www.notibras.com\/site\/nautico-derrota-vila-nova-em-goiania-e-respira-mais-tranquilo\/#article\",\"isPartOf\":{\"@id\":\"https:\/\/www.notibras.com\/site\/nautico-derrota-vila-nova-em-goiania-e-respira-mais-tranquilo\/\"},\"author\":{\"name\":\"Reda\u00e7\u00e3o\",\"@id\":\"https:\/\/www.notibras.com\/site\/#\/schema\/person\/36ab0979449956132d3e5b517ea76ac8\"},\"headline\":\"N\u00e1utico derrota Vila Nova em Goi\u00e2nia e respira mais tranquilo\",\"datePublished\":\"2014-09-09T23:39:08+00:00\",\"dateModified\":\"2014-09-10T00:41:55+00:00\",\"mainEntityOfPage\":{\"@id\":\"https:\/\/www.notibras.com\/site\/nautico-derrota-vila-nova-em-goiania-e-respira-mais-tranquilo\/\"},\"wordCount\":246,\"commentCount\":0,\"publisher\":{\"@id\":\"https:\/\/www.notibras.com\/site\/#organization\"},\"image\":{\"@id\":\"https:\/\/www.notibras.com\/site\/nautico-derrota-vila-nova-em-goiania-e-respira-mais-tranquilo\/#primaryimage\"},\"thumbnailUrl\":\"https:\/\/www.notibras.com\/site\/wp-content\/uploads\/2014\/09\/nau.jpg\",\"articleSection\":[\"Esportes\",\"Futebol\"],\"inLanguage\":\"pt-BR\",\"potentialAction\":[{\"@type\":\"CommentAction\",\"name\":\"Comment\",\"target\":[\"https:\/\/www.notibras.com\/site\/nautico-derrota-vila-nova-em-goiania-e-respira-mais-tranquilo\/#respond\"]}]},{\"@type\":\"WebPage\",\"@id\":\"https:\/\/www.notibras.com\/site\/nautico-derrota-vila-nova-em-goiania-e-respira-mais-tranquilo\/\",\"url\":\"https:\/\/www.notibras.com\/site\/nautico-derrota-vila-nova-em-goiania-e-respira-mais-tranquilo\/\",\"name\":\"N\u00e1utico derrota Vila Nova em Goi\u00e2nia e respira mais tranquilo - Notibras\",\"isPartOf\":{\"@id\":\"https:\/\/www.notibras.com\/site\/#website\"},\"primaryImageOfPage\":{\"@id\":\"https:\/\/www.notibras.com\/site\/nautico-derrota-vila-nova-em-goiania-e-respira-mais-tranquilo\/#primaryimage\"},\"image\":{\"@id\":\"https:\/\/www.notibras.com\/site\/nautico-derrota-vila-nova-em-goiania-e-respira-mais-tranquilo\/#primaryimage\"},\"thumbnailUrl\":\"https:\/\/www.notibras.com\/site\/wp-content\/uploads\/2014\/09\/nau.jpg\",\"datePublished\":\"2014-09-09T23:39:08+00:00\",\"dateModified\":\"2014-09-10T00:41:55+00:00\",\"breadcrumb\":{\"@id\":\"https:\/\/www.notibras.com\/site\/nautico-derrota-vila-nova-em-goiania-e-respira-mais-tranquilo\/#breadcrumb\"},\"inLanguage\":\"pt-BR\",\"potentialAction\":[{\"@type\":\"ReadAction\",\"target\":[\"https:\/\/www.notibras.com\/site\/nautico-derrota-vila-nova-em-goiania-e-respira-mais-tranquilo\/\"]}]},{\"@type\":\"ImageObject\",\"inLanguage\":\"pt-BR\",\"@id\":\"https:\/\/www.notibras.com\/site\/nautico-derrota-vila-nova-em-goiania-e-respira-mais-tranquilo\/#primaryimage\",\"url\":\"https:\/\/www.notibras.com\/site\/wp-content\/uploads\/2014\/09\/nau.jpg\",\"contentUrl\":\"https:\/\/www.notibras.com\/site\/wp-content\/uploads\/2014\/09\/nau.jpg\",\"width\":620,\"height\":390},{\"@type\":\"BreadcrumbList\",\"@id\":\"https:\/\/www.notibras.com\/site\/nautico-derrota-vila-nova-em-goiania-e-respira-mais-tranquilo\/#breadcrumb\",\"itemListElement\":[{\"@type\":\"ListItem\",\"position\":1,\"name\":\"In\u00edcio\",\"item\":\"https:\/\/www.notibras.com\/site\/\"},{\"@type\":\"ListItem\",\"position\":2,\"name\":\"N\u00e1utico derrota Vila Nova em Goi\u00e2nia e respira mais tranquilo\"}]},{\"@type\":\"WebSite\",\"@id\":\"https:\/\/www.notibras.com\/site\/#website\",\"url\":\"https:\/\/www.notibras.com\/site\/\",\"name\":\"Notibras\",\"description\":\"Not\u00edcias de Bras\u00edlia, do Brasil e do Mundo\",\"publisher\":{\"@id\":\"https:\/\/www.notibras.com\/site\/#organization\"},\"potentialAction\":[{\"@type\":\"SearchAction\",\"target\":{\"@type\":\"EntryPoint\",\"urlTemplate\":\"https:\/\/www.notibras.com\/site\/?s={search_term_string}\"},\"query-input\":{\"@type\":\"PropertyValueSpecification\",\"valueRequired\":true,\"valueName\":\"search_term_string\"}}],\"inLanguage\":\"pt-BR\"},{\"@type\":\"Organization\",\"@id\":\"https:\/\/www.notibras.com\/site\/#organization\",\"name\":\"Grupo Notibras de Comunica\u00e7\u00e3o\",\"url\":\"https:\/\/www.notibras.com\/site\/\",\"logo\":{\"@type\":\"ImageObject\",\"inLanguage\":\"pt-BR\",\"@id\":\"https:\/\/www.notibras.com\/site\/#\/schema\/logo\/image\/\",\"url\":\"https:\/\/www.notibras.com\/site\/wp-content\/uploads\/2023\/01\/notibras23.png\",\"contentUrl\":\"https:\/\/www.notibras.com\/site\/wp-content\/uploads\/2023\/01\/notibras23.png\",\"width\":350,\"height\":87,\"caption\":\"Grupo Notibras de Comunica\u00e7\u00e3o\"},\"image\":{\"@id\":\"https:\/\/www.notibras.com\/site\/#\/schema\/logo\/image\/\"},\"sameAs\":[\"https:\/\/www.facebook.com\/notibras\/\",\"https:\/\/x.com\/Notibras\",\"https:\/\/www.instagram.com\/notibras\/\"]},{\"@type\":\"Person\",\"@id\":\"https:\/\/www.notibras.com\/site\/#\/schema\/person\/36ab0979449956132d3e5b517ea76ac8\",\"name\":\"Reda\u00e7\u00e3o\",\"image\":{\"@type\":\"ImageObject\",\"inLanguage\":\"pt-BR\",\"@id\":\"https:\/\/secure.gravatar.com\/avatar\/e0a867bdedb85fd243eadf09663511f96fc81e0720a4a42581f334ad4303aa6b?s=96&d=mm&r=g\",\"url\":\"https:\/\/secure.gravatar.com\/avatar\/e0a867bdedb85fd243eadf09663511f96fc81e0720a4a42581f334ad4303aa6b?s=96&d=mm&r=g\",\"contentUrl\":\"https:\/\/secure.gravatar.com\/avatar\/e0a867bdedb85fd243eadf09663511f96fc81e0720a4a42581f334ad4303aa6b?s=96&d=mm&r=g\",\"caption\":\"Reda\u00e7\u00e3o\"}}]}<\/script>\n<!-- \/ Yoast SEO plugin. -->","yoast_head_json":{"title":"N\u00e1utico derrota Vila Nova em Goi\u00e2nia e respira mais tranquilo - Notibras","robots":{"index":"index","follow":"follow","max-snippet":"max-snippet:-1","max-image-preview":"max-image-preview:large","max-video-preview":"max-video-preview:-1"},"canonical":"https:\/\/www.notibras.com\/site\/nautico-derrota-vila-nova-em-goiania-e-respira-mais-tranquilo\/","og_locale":"pt_BR","og_type":"article","og_title":"N\u00e1utico derrota Vila Nova em Goi\u00e2nia e respira mais tranquilo - Notibras","og_description":"Ap\u00f3s dois jogos sem vencer na S\u00e9rie B do Campeonato Brasileiro (havia perdido por 2 a 0 para a Ponte Preta e empatado sem gols com o Bragantino), o N\u00e1utico aproveitou o fato de enfrentar o lanterna da competi\u00e7\u00e3o para se reabilitar. Na noite desta ter\u00e7a-feira, derrotou o Vila Nova por 1 a 0, no [&hellip;]","og_url":"https:\/\/www.notibras.com\/site\/nautico-derrota-vila-nova-em-goiania-e-respira-mais-tranquilo\/","og_site_name":"Notibras","article_publisher":"https:\/\/www.facebook.com\/notibras\/","article_published_time":"2014-09-09T23:39:08+00:00","article_modified_time":"2014-09-10T00:41:55+00:00","og_image":[{"width":620,"height":390,"url":"https:\/\/www.notibras.com\/site\/wp-content\/uploads\/2014\/09\/nau.jpg","type":"image\/jpeg"}],"author":"Reda\u00e7\u00e3o","twitter_card":"summary_large_image","twitter_creator":"@Notibras","twitter_site":"@Notibras","twitter_misc":{"Escrito por":"Reda\u00e7\u00e3o","Est. tempo de leitura":"1 minuto"},"schema":{"@context":"https:\/\/schema.org","@graph":[{"@type":"Article","@id":"https:\/\/www.notibras.com\/site\/nautico-derrota-vila-nova-em-goiania-e-respira-mais-tranquilo\/#article","isPartOf":{"@id":"https:\/\/www.notibras.com\/site\/nautico-derrota-vila-nova-em-goiania-e-respira-mais-tranquilo\/"},"author":{"name":"Reda\u00e7\u00e3o","@id":"https:\/\/www.notibras.com\/site\/#\/schema\/person\/36ab0979449956132d3e5b517ea76ac8"},"headline":"N\u00e1utico derrota Vila Nova em Goi\u00e2nia e respira mais tranquilo","datePublished":"2014-09-09T23:39:08+00:00","dateModified":"2014-09-10T00:41:55+00:00","mainEntityOfPage":{"@id":"https:\/\/www.notibras.com\/site\/nautico-derrota-vila-nova-em-goiania-e-respira-mais-tranquilo\/"},"wordCount":246,"commentCount":0,"publisher":{"@id":"https:\/\/www.notibras.com\/site\/#organization"},"image":{"@id":"https:\/\/www.notibras.com\/site\/nautico-derrota-vila-nova-em-goiania-e-respira-mais-tranquilo\/#primaryimage"},"thumbnailUrl":"https:\/\/www.notibras.com\/site\/wp-content\/uploads\/2014\/09\/nau.jpg","articleSection":["Esportes","Futebol"],"inLanguage":"pt-BR","potentialAction":[{"@type":"CommentAction","name":"Comment","target":["https:\/\/www.notibras.com\/site\/nautico-derrota-vila-nova-em-goiania-e-respira-mais-tranquilo\/#respond"]}]},{"@type":"WebPage","@id":"https:\/\/www.notibras.com\/site\/nautico-derrota-vila-nova-em-goiania-e-respira-mais-tranquilo\/","url":"https:\/\/www.notibras.com\/site\/nautico-derrota-vila-nova-em-goiania-e-respira-mais-tranquilo\/","name":"N\u00e1utico derrota Vila Nova em Goi\u00e2nia e respira mais tranquilo - Notibras","isPartOf":{"@id":"https:\/\/www.notibras.com\/site\/#website"},"primaryImageOfPage":{"@id":"https:\/\/www.notibras.com\/site\/nautico-derrota-vila-nova-em-goiania-e-respira-mais-tranquilo\/#primaryimage"},"image":{"@id":"https:\/\/www.notibras.com\/site\/nautico-derrota-vila-nova-em-goiania-e-respira-mais-tranquilo\/#primaryimage"},"thumbnailUrl":"https:\/\/www.notibras.com\/site\/wp-content\/uploads\/2014\/09\/nau.jpg","datePublished":"2014-09-09T23:39:08+00:00","dateModified":"2014-09-10T00:41:55+00:00","breadcrumb":{"@id":"https:\/\/www.notibras.com\/site\/nautico-derrota-vila-nova-em-goiania-e-respira-mais-tranquilo\/#breadcrumb"},"inLanguage":"pt-BR","potentialAction":[{"@type":"ReadAction","target":["https:\/\/www.notibras.com\/site\/nautico-derrota-vila-nova-em-goiania-e-respira-mais-tranquilo\/"]}]},{"@type":"ImageObject","inLanguage":"pt-BR","@id":"https:\/\/www.notibras.com\/site\/nautico-derrota-vila-nova-em-goiania-e-respira-mais-tranquilo\/#primaryimage","url":"https:\/\/www.notibras.com\/site\/wp-content\/uploads\/2014\/09\/nau.jpg","contentUrl":"https:\/\/www.notibras.com\/site\/wp-content\/uploads\/2014\/09\/nau.jpg","width":620,"height":390},{"@type":"BreadcrumbList","@id":"https:\/\/www.notibras.com\/site\/nautico-derrota-vila-nova-em-goiania-e-respira-mais-tranquilo\/#breadcrumb","itemListElement":[{"@type":"ListItem","position":1,"name":"In\u00edcio","item":"https:\/\/www.notibras.com\/site\/"},{"@type":"ListItem","position":2,"name":"N\u00e1utico derrota Vila Nova em Goi\u00e2nia e respira mais tranquilo"}]},{"@type":"WebSite","@id":"https:\/\/www.notibras.com\/site\/#website","url":"https:\/\/www.notibras.com\/site\/","name":"Notibras","description":"Not\u00edcias de Bras\u00edlia, do Brasil e do Mundo","publisher":{"@id":"https:\/\/www.notibras.com\/site\/#organization"},"potentialAction":[{"@type":"SearchAction","target":{"@type":"EntryPoint","urlTemplate":"https:\/\/www.notibras.com\/site\/?s={search_term_string}"},"query-input":{"@type":"PropertyValueSpecification","valueRequired":true,"valueName":"search_term_string"}}],"inLanguage":"pt-BR"},{"@type":"Organization","@id":"https:\/\/www.notibras.com\/site\/#organization","name":"Grupo Notibras de Comunica\u00e7\u00e3o","url":"https:\/\/www.notibras.com\/site\/","logo":{"@type":"ImageObject","inLanguage":"pt-BR","@id":"https:\/\/www.notibras.com\/site\/#\/schema\/logo\/image\/","url":"https:\/\/www.notibras.com\/site\/wp-content\/uploads\/2023\/01\/notibras23.png","contentUrl":"https:\/\/www.notibras.com\/site\/wp-content\/uploads\/2023\/01\/notibras23.png","width":350,"height":87,"caption":"Grupo Notibras de Comunica\u00e7\u00e3o"},"image":{"@id":"https:\/\/www.notibras.com\/site\/#\/schema\/logo\/image\/"},"sameAs":["https:\/\/www.facebook.com\/notibras\/","https:\/\/x.com\/Notibras","https:\/\/www.instagram.com\/notibras\/"]},{"@type":"Person","@id":"https:\/\/www.notibras.com\/site\/#\/schema\/person\/36ab0979449956132d3e5b517ea76ac8","name":"Reda\u00e7\u00e3o","image":{"@type":"ImageObject","inLanguage":"pt-BR","@id":"https:\/\/secure.gravatar.com\/avatar\/e0a867bdedb85fd243eadf09663511f96fc81e0720a4a42581f334ad4303aa6b?s=96&d=mm&r=g","url":"https:\/\/secure.gravatar.com\/avatar\/e0a867bdedb85fd243eadf09663511f96fc81e0720a4a42581f334ad4303aa6b?s=96&d=mm&r=g","contentUrl":"https:\/\/secure.gravatar.com\/avatar\/e0a867bdedb85fd243eadf09663511f96fc81e0720a4a42581f334ad4303aa6b?s=96&d=mm&r=g","caption":"Reda\u00e7\u00e3o"}}]}},"amp_enabled":true,"_links":{"self":[{"href":"https:\/\/www.notibras.com\/site\/wp-json\/wp\/v2\/posts\/21851","targetHints":{"allow":["GET"]}}],"collection":[{"href":"https:\/\/www.notibras.com\/site\/wp-json\/wp\/v2\/posts"}],"about":[{"href":"https:\/\/www.notibras.com\/site\/wp-json\/wp\/v2\/types\/post"}],"author":[{"embeddable":true,"href":"https:\/\/www.notibras.com\/site\/wp-json\/wp\/v2\/users\/2"}],"replies":[{"embeddable":true,"href":"https:\/\/www.notibras.com\/site\/wp-json\/wp\/v2\/comments?post=21851"}],"version-history":[{"count":0,"href":"https:\/\/www.notibras.com\/site\/wp-json\/wp\/v2\/posts\/21851\/revisions"}],"wp:featuredmedia":[{"embeddable":true,"href":"https:\/\/www.notibras.com\/site\/wp-json\/wp\/v2\/media\/21852"}],"wp:attachment":[{"href":"https:\/\/www.notibras.com\/site\/wp-json\/wp\/v2\/media?parent=21851"}],"wp:term":[{"taxonomy":"category","embeddable":true,"href":"https:\/\/www.notibras.com\/site\/wp-json\/wp\/v2\/categories?post=21851"},{"taxonomy":"post_tag","embeddable":true,"href":"https:\/\/www.notibras.com\/site\/wp-json\/wp\/v2\/tags?post=21851"}],"curies":[{"name":"wp","href":"https:\/\/api.w.org\/{rel}","templated":true}]}}