{"id":21854,"date":"2014-09-09T19:51:06","date_gmt":"2014-09-09T22:51:06","guid":{"rendered":"http:\/\/www.notibras.com\/site\/?p=21854"},"modified":"2014-09-09T21:52:37","modified_gmt":"2014-09-10T00:52:37","slug":"santa-vence-no-arruda-e-empurra-portuguesa-para-degola","status":"publish","type":"post","link":"https:\/\/www.notibras.com\/site\/santa-vence-no-arruda-e-empurra-portuguesa-para-degola\/","title":{"rendered":"Santa vence no Arruda e empurra Portuguesa para degola"},"content":{"rendered":"<p>A situa\u00e7\u00e3o da Portuguesa nesta S\u00e9rie B do Campeonato Brasileiro \u00e9 cada vez pior. Nesta ter\u00e7a-feira, o time comandado por Silas visitou o Santa Cruz, no est\u00e1dio do Arruda, em Pernambuco, e somou a sua 10\u00aa vit\u00f3ria na competi\u00e7\u00e3o. J\u00e1 no final do segundo tempo, L\u00e9o Gamalho completou de cabe\u00e7a para garantir o triunfo coral por 1 a 0 diante da torcida.<\/p>\n<p>A derrota mant\u00e9m a Portuguesa em situa\u00e7\u00e3o desesperadora na S\u00e9rie B do Campeonato Brasileiro. O time do Canind\u00e9 \u00e9 apenas o pen\u00faltimo colocado, com 17 pontos somados, a sete da primeira equipe fora da zona de rebaixamento. Na pr\u00f3xima rodada, a Lusa recebe o Bragantino, neste s\u00e1bado, \u00e0s 21 horas (de Bras\u00edlia).<\/p>\n<blockquote><p>O Santa Cruz, por sua vez, segue com uma campanha irregular na competi\u00e7\u00e3o, mas d\u00e1 um salto na tabela, cegando ao 11\u00ba lugar, com 30 pontos conquistados. Tamb\u00e9m neste s\u00e1bado, \u00e0s 16h30, a equipe pernambucana viaja a Curitiba para encarar o Paran\u00e1 Clube, no est\u00e1dio Durival Britto.<\/p><\/blockquote>\n","protected":false},"excerpt":{"rendered":"<p>A situa\u00e7\u00e3o da Portuguesa nesta S\u00e9rie B do Campeonato Brasileiro \u00e9 cada vez pior. Nesta ter\u00e7a-feira, o time comandado por Silas visitou o Santa Cruz, no est\u00e1dio do Arruda, em Pernambuco, e somou a sua 10\u00aa vit\u00f3ria na competi\u00e7\u00e3o. J\u00e1 no final do segundo tempo, L\u00e9o Gamalho completou de cabe\u00e7a para garantir o triunfo coral [&hellip;]<\/p>\n","protected":false},"author":2,"featured_media":21855,"comment_status":"open","ping_status":"closed","sticky":false,"template":"","format":"standard","meta":{"_acf_changed":false,"footnotes":""},"categories":[19,29],"tags":[],"class_list":["post-21854","post","type-post","status-publish","format-standard","has-post-thumbnail","hentry","category-esportes","category-futebol"],"acf":[],"yoast_head":"<!-- This site is optimized with the Yoast SEO plugin v27.2 - https:\/\/yoast.com\/product\/yoast-seo-wordpress\/ -->\n<title>Santa vence no Arruda e empurra Portuguesa para degola - Notibras<\/title>\n<meta name=\"robots\" content=\"index, follow, max-snippet:-1, max-image-preview:large, max-video-preview:-1\" \/>\n<link rel=\"canonical\" href=\"https:\/\/www.notibras.com\/site\/santa-vence-no-arruda-e-empurra-portuguesa-para-degola\/\" \/>\n<meta property=\"og:locale\" content=\"pt_BR\" \/>\n<meta property=\"og:type\" content=\"article\" \/>\n<meta property=\"og:title\" content=\"Santa vence no Arruda e empurra Portuguesa para degola - Notibras\" \/>\n<meta property=\"og:description\" content=\"A situa\u00e7\u00e3o da Portuguesa nesta S\u00e9rie B do Campeonato Brasileiro \u00e9 cada vez pior. Nesta ter\u00e7a-feira, o time comandado por Silas visitou o Santa Cruz, no est\u00e1dio do Arruda, em Pernambuco, e somou a sua 10\u00aa vit\u00f3ria na competi\u00e7\u00e3o. J\u00e1 no final do segundo tempo, L\u00e9o Gamalho completou de cabe\u00e7a para garantir o triunfo coral [&hellip;]\" \/>\n<meta property=\"og:url\" content=\"https:\/\/www.notibras.com\/site\/santa-vence-no-arruda-e-empurra-portuguesa-para-degola\/\" \/>\n<meta property=\"og:site_name\" content=\"Notibras\" \/>\n<meta property=\"article:publisher\" content=\"https:\/\/www.facebook.com\/notibras\/\" \/>\n<meta property=\"article:published_time\" content=\"2014-09-09T22:51:06+00:00\" \/>\n<meta property=\"article:modified_time\" content=\"2014-09-10T00:52:37+00:00\" \/>\n<meta property=\"og:image\" content=\"https:\/\/www.notibras.com\/site\/wp-content\/uploads\/2014\/09\/st.jpeg\" \/>\n\t<meta property=\"og:image:width\" content=\"275\" \/>\n\t<meta property=\"og:image:height\" content=\"183\" \/>\n\t<meta property=\"og:image:type\" content=\"image\/jpeg\" \/>\n<meta name=\"author\" content=\"Reda\u00e7\u00e3o\" \/>\n<meta name=\"twitter:card\" content=\"summary_large_image\" \/>\n<meta name=\"twitter:creator\" content=\"@Notibras\" \/>\n<meta name=\"twitter:site\" content=\"@Notibras\" \/>\n<meta name=\"twitter:label1\" content=\"Escrito por\" \/>\n\t<meta name=\"twitter:data1\" content=\"Reda\u00e7\u00e3o\" \/>\n\t<meta name=\"twitter:label2\" content=\"Est. tempo de leitura\" \/>\n\t<meta name=\"twitter:data2\" content=\"1 minuto\" \/>\n<script type=\"application\/ld+json\" class=\"yoast-schema-graph\">{\"@context\":\"https:\/\/schema.org\",\"@graph\":[{\"@type\":\"Article\",\"@id\":\"https:\/\/www.notibras.com\/site\/santa-vence-no-arruda-e-empurra-portuguesa-para-degola\/#article\",\"isPartOf\":{\"@id\":\"https:\/\/www.notibras.com\/site\/santa-vence-no-arruda-e-empurra-portuguesa-para-degola\/\"},\"author\":{\"name\":\"Reda\u00e7\u00e3o\",\"@id\":\"https:\/\/www.notibras.com\/site\/#\/schema\/person\/36ab0979449956132d3e5b517ea76ac8\"},\"headline\":\"Santa vence no Arruda e empurra Portuguesa para degola\",\"datePublished\":\"2014-09-09T22:51:06+00:00\",\"dateModified\":\"2014-09-10T00:52:37+00:00\",\"mainEntityOfPage\":{\"@id\":\"https:\/\/www.notibras.com\/site\/santa-vence-no-arruda-e-empurra-portuguesa-para-degola\/\"},\"wordCount\":180,\"commentCount\":0,\"publisher\":{\"@id\":\"https:\/\/www.notibras.com\/site\/#organization\"},\"image\":{\"@id\":\"https:\/\/www.notibras.com\/site\/santa-vence-no-arruda-e-empurra-portuguesa-para-degola\/#primaryimage\"},\"thumbnailUrl\":\"https:\/\/www.notibras.com\/site\/wp-content\/uploads\/2014\/09\/st.jpeg\",\"articleSection\":[\"Esportes\",\"Futebol\"],\"inLanguage\":\"pt-BR\",\"potentialAction\":[{\"@type\":\"CommentAction\",\"name\":\"Comment\",\"target\":[\"https:\/\/www.notibras.com\/site\/santa-vence-no-arruda-e-empurra-portuguesa-para-degola\/#respond\"]}]},{\"@type\":\"WebPage\",\"@id\":\"https:\/\/www.notibras.com\/site\/santa-vence-no-arruda-e-empurra-portuguesa-para-degola\/\",\"url\":\"https:\/\/www.notibras.com\/site\/santa-vence-no-arruda-e-empurra-portuguesa-para-degola\/\",\"name\":\"Santa vence no Arruda e empurra Portuguesa para degola - Notibras\",\"isPartOf\":{\"@id\":\"https:\/\/www.notibras.com\/site\/#website\"},\"primaryImageOfPage\":{\"@id\":\"https:\/\/www.notibras.com\/site\/santa-vence-no-arruda-e-empurra-portuguesa-para-degola\/#primaryimage\"},\"image\":{\"@id\":\"https:\/\/www.notibras.com\/site\/santa-vence-no-arruda-e-empurra-portuguesa-para-degola\/#primaryimage\"},\"thumbnailUrl\":\"https:\/\/www.notibras.com\/site\/wp-content\/uploads\/2014\/09\/st.jpeg\",\"datePublished\":\"2014-09-09T22:51:06+00:00\",\"dateModified\":\"2014-09-10T00:52:37+00:00\",\"breadcrumb\":{\"@id\":\"https:\/\/www.notibras.com\/site\/santa-vence-no-arruda-e-empurra-portuguesa-para-degola\/#breadcrumb\"},\"inLanguage\":\"pt-BR\",\"potentialAction\":[{\"@type\":\"ReadAction\",\"target\":[\"https:\/\/www.notibras.com\/site\/santa-vence-no-arruda-e-empurra-portuguesa-para-degola\/\"]}]},{\"@type\":\"ImageObject\",\"inLanguage\":\"pt-BR\",\"@id\":\"https:\/\/www.notibras.com\/site\/santa-vence-no-arruda-e-empurra-portuguesa-para-degola\/#primaryimage\",\"url\":\"https:\/\/www.notibras.com\/site\/wp-content\/uploads\/2014\/09\/st.jpeg\",\"contentUrl\":\"https:\/\/www.notibras.com\/site\/wp-content\/uploads\/2014\/09\/st.jpeg\",\"width\":275,\"height\":183},{\"@type\":\"BreadcrumbList\",\"@id\":\"https:\/\/www.notibras.com\/site\/santa-vence-no-arruda-e-empurra-portuguesa-para-degola\/#breadcrumb\",\"itemListElement\":[{\"@type\":\"ListItem\",\"position\":1,\"name\":\"In\u00edcio\",\"item\":\"https:\/\/www.notibras.com\/site\/\"},{\"@type\":\"ListItem\",\"position\":2,\"name\":\"Santa vence no Arruda e empurra Portuguesa para degola\"}]},{\"@type\":\"WebSite\",\"@id\":\"https:\/\/www.notibras.com\/site\/#website\",\"url\":\"https:\/\/www.notibras.com\/site\/\",\"name\":\"Notibras\",\"description\":\"Not\u00edcias de Bras\u00edlia, do Brasil e do Mundo\",\"publisher\":{\"@id\":\"https:\/\/www.notibras.com\/site\/#organization\"},\"potentialAction\":[{\"@type\":\"SearchAction\",\"target\":{\"@type\":\"EntryPoint\",\"urlTemplate\":\"https:\/\/www.notibras.com\/site\/?s={search_term_string}\"},\"query-input\":{\"@type\":\"PropertyValueSpecification\",\"valueRequired\":true,\"valueName\":\"search_term_string\"}}],\"inLanguage\":\"pt-BR\"},{\"@type\":\"Organization\",\"@id\":\"https:\/\/www.notibras.com\/site\/#organization\",\"name\":\"Grupo Notibras de Comunica\u00e7\u00e3o\",\"url\":\"https:\/\/www.notibras.com\/site\/\",\"logo\":{\"@type\":\"ImageObject\",\"inLanguage\":\"pt-BR\",\"@id\":\"https:\/\/www.notibras.com\/site\/#\/schema\/logo\/image\/\",\"url\":\"https:\/\/www.notibras.com\/site\/wp-content\/uploads\/2023\/01\/notibras23.png\",\"contentUrl\":\"https:\/\/www.notibras.com\/site\/wp-content\/uploads\/2023\/01\/notibras23.png\",\"width\":350,\"height\":87,\"caption\":\"Grupo Notibras de Comunica\u00e7\u00e3o\"},\"image\":{\"@id\":\"https:\/\/www.notibras.com\/site\/#\/schema\/logo\/image\/\"},\"sameAs\":[\"https:\/\/www.facebook.com\/notibras\/\",\"https:\/\/x.com\/Notibras\",\"https:\/\/www.instagram.com\/notibras\/\"]},{\"@type\":\"Person\",\"@id\":\"https:\/\/www.notibras.com\/site\/#\/schema\/person\/36ab0979449956132d3e5b517ea76ac8\",\"name\":\"Reda\u00e7\u00e3o\",\"image\":{\"@type\":\"ImageObject\",\"inLanguage\":\"pt-BR\",\"@id\":\"https:\/\/secure.gravatar.com\/avatar\/e0a867bdedb85fd243eadf09663511f96fc81e0720a4a42581f334ad4303aa6b?s=96&d=mm&r=g\",\"url\":\"https:\/\/secure.gravatar.com\/avatar\/e0a867bdedb85fd243eadf09663511f96fc81e0720a4a42581f334ad4303aa6b?s=96&d=mm&r=g\",\"contentUrl\":\"https:\/\/secure.gravatar.com\/avatar\/e0a867bdedb85fd243eadf09663511f96fc81e0720a4a42581f334ad4303aa6b?s=96&d=mm&r=g\",\"caption\":\"Reda\u00e7\u00e3o\"}}]}<\/script>\n<!-- \/ Yoast SEO plugin. -->","yoast_head_json":{"title":"Santa vence no Arruda e empurra Portuguesa para degola - Notibras","robots":{"index":"index","follow":"follow","max-snippet":"max-snippet:-1","max-image-preview":"max-image-preview:large","max-video-preview":"max-video-preview:-1"},"canonical":"https:\/\/www.notibras.com\/site\/santa-vence-no-arruda-e-empurra-portuguesa-para-degola\/","og_locale":"pt_BR","og_type":"article","og_title":"Santa vence no Arruda e empurra Portuguesa para degola - Notibras","og_description":"A situa\u00e7\u00e3o da Portuguesa nesta S\u00e9rie B do Campeonato Brasileiro \u00e9 cada vez pior. Nesta ter\u00e7a-feira, o time comandado por Silas visitou o Santa Cruz, no est\u00e1dio do Arruda, em Pernambuco, e somou a sua 10\u00aa vit\u00f3ria na competi\u00e7\u00e3o. J\u00e1 no final do segundo tempo, L\u00e9o Gamalho completou de cabe\u00e7a para garantir o triunfo coral [&hellip;]","og_url":"https:\/\/www.notibras.com\/site\/santa-vence-no-arruda-e-empurra-portuguesa-para-degola\/","og_site_name":"Notibras","article_publisher":"https:\/\/www.facebook.com\/notibras\/","article_published_time":"2014-09-09T22:51:06+00:00","article_modified_time":"2014-09-10T00:52:37+00:00","og_image":[{"width":275,"height":183,"url":"https:\/\/www.notibras.com\/site\/wp-content\/uploads\/2014\/09\/st.jpeg","type":"image\/jpeg"}],"author":"Reda\u00e7\u00e3o","twitter_card":"summary_large_image","twitter_creator":"@Notibras","twitter_site":"@Notibras","twitter_misc":{"Escrito por":"Reda\u00e7\u00e3o","Est. tempo de leitura":"1 minuto"},"schema":{"@context":"https:\/\/schema.org","@graph":[{"@type":"Article","@id":"https:\/\/www.notibras.com\/site\/santa-vence-no-arruda-e-empurra-portuguesa-para-degola\/#article","isPartOf":{"@id":"https:\/\/www.notibras.com\/site\/santa-vence-no-arruda-e-empurra-portuguesa-para-degola\/"},"author":{"name":"Reda\u00e7\u00e3o","@id":"https:\/\/www.notibras.com\/site\/#\/schema\/person\/36ab0979449956132d3e5b517ea76ac8"},"headline":"Santa vence no Arruda e empurra Portuguesa para degola","datePublished":"2014-09-09T22:51:06+00:00","dateModified":"2014-09-10T00:52:37+00:00","mainEntityOfPage":{"@id":"https:\/\/www.notibras.com\/site\/santa-vence-no-arruda-e-empurra-portuguesa-para-degola\/"},"wordCount":180,"commentCount":0,"publisher":{"@id":"https:\/\/www.notibras.com\/site\/#organization"},"image":{"@id":"https:\/\/www.notibras.com\/site\/santa-vence-no-arruda-e-empurra-portuguesa-para-degola\/#primaryimage"},"thumbnailUrl":"https:\/\/www.notibras.com\/site\/wp-content\/uploads\/2014\/09\/st.jpeg","articleSection":["Esportes","Futebol"],"inLanguage":"pt-BR","potentialAction":[{"@type":"CommentAction","name":"Comment","target":["https:\/\/www.notibras.com\/site\/santa-vence-no-arruda-e-empurra-portuguesa-para-degola\/#respond"]}]},{"@type":"WebPage","@id":"https:\/\/www.notibras.com\/site\/santa-vence-no-arruda-e-empurra-portuguesa-para-degola\/","url":"https:\/\/www.notibras.com\/site\/santa-vence-no-arruda-e-empurra-portuguesa-para-degola\/","name":"Santa vence no Arruda e empurra Portuguesa para degola - Notibras","isPartOf":{"@id":"https:\/\/www.notibras.com\/site\/#website"},"primaryImageOfPage":{"@id":"https:\/\/www.notibras.com\/site\/santa-vence-no-arruda-e-empurra-portuguesa-para-degola\/#primaryimage"},"image":{"@id":"https:\/\/www.notibras.com\/site\/santa-vence-no-arruda-e-empurra-portuguesa-para-degola\/#primaryimage"},"thumbnailUrl":"https:\/\/www.notibras.com\/site\/wp-content\/uploads\/2014\/09\/st.jpeg","datePublished":"2014-09-09T22:51:06+00:00","dateModified":"2014-09-10T00:52:37+00:00","breadcrumb":{"@id":"https:\/\/www.notibras.com\/site\/santa-vence-no-arruda-e-empurra-portuguesa-para-degola\/#breadcrumb"},"inLanguage":"pt-BR","potentialAction":[{"@type":"ReadAction","target":["https:\/\/www.notibras.com\/site\/santa-vence-no-arruda-e-empurra-portuguesa-para-degola\/"]}]},{"@type":"ImageObject","inLanguage":"pt-BR","@id":"https:\/\/www.notibras.com\/site\/santa-vence-no-arruda-e-empurra-portuguesa-para-degola\/#primaryimage","url":"https:\/\/www.notibras.com\/site\/wp-content\/uploads\/2014\/09\/st.jpeg","contentUrl":"https:\/\/www.notibras.com\/site\/wp-content\/uploads\/2014\/09\/st.jpeg","width":275,"height":183},{"@type":"BreadcrumbList","@id":"https:\/\/www.notibras.com\/site\/santa-vence-no-arruda-e-empurra-portuguesa-para-degola\/#breadcrumb","itemListElement":[{"@type":"ListItem","position":1,"name":"In\u00edcio","item":"https:\/\/www.notibras.com\/site\/"},{"@type":"ListItem","position":2,"name":"Santa vence no Arruda e empurra Portuguesa para degola"}]},{"@type":"WebSite","@id":"https:\/\/www.notibras.com\/site\/#website","url":"https:\/\/www.notibras.com\/site\/","name":"Notibras","description":"Not\u00edcias de Bras\u00edlia, do Brasil e do Mundo","publisher":{"@id":"https:\/\/www.notibras.com\/site\/#organization"},"potentialAction":[{"@type":"SearchAction","target":{"@type":"EntryPoint","urlTemplate":"https:\/\/www.notibras.com\/site\/?s={search_term_string}"},"query-input":{"@type":"PropertyValueSpecification","valueRequired":true,"valueName":"search_term_string"}}],"inLanguage":"pt-BR"},{"@type":"Organization","@id":"https:\/\/www.notibras.com\/site\/#organization","name":"Grupo Notibras de Comunica\u00e7\u00e3o","url":"https:\/\/www.notibras.com\/site\/","logo":{"@type":"ImageObject","inLanguage":"pt-BR","@id":"https:\/\/www.notibras.com\/site\/#\/schema\/logo\/image\/","url":"https:\/\/www.notibras.com\/site\/wp-content\/uploads\/2023\/01\/notibras23.png","contentUrl":"https:\/\/www.notibras.com\/site\/wp-content\/uploads\/2023\/01\/notibras23.png","width":350,"height":87,"caption":"Grupo Notibras de Comunica\u00e7\u00e3o"},"image":{"@id":"https:\/\/www.notibras.com\/site\/#\/schema\/logo\/image\/"},"sameAs":["https:\/\/www.facebook.com\/notibras\/","https:\/\/x.com\/Notibras","https:\/\/www.instagram.com\/notibras\/"]},{"@type":"Person","@id":"https:\/\/www.notibras.com\/site\/#\/schema\/person\/36ab0979449956132d3e5b517ea76ac8","name":"Reda\u00e7\u00e3o","image":{"@type":"ImageObject","inLanguage":"pt-BR","@id":"https:\/\/secure.gravatar.com\/avatar\/e0a867bdedb85fd243eadf09663511f96fc81e0720a4a42581f334ad4303aa6b?s=96&d=mm&r=g","url":"https:\/\/secure.gravatar.com\/avatar\/e0a867bdedb85fd243eadf09663511f96fc81e0720a4a42581f334ad4303aa6b?s=96&d=mm&r=g","contentUrl":"https:\/\/secure.gravatar.com\/avatar\/e0a867bdedb85fd243eadf09663511f96fc81e0720a4a42581f334ad4303aa6b?s=96&d=mm&r=g","caption":"Reda\u00e7\u00e3o"}}]}},"amp_enabled":true,"_links":{"self":[{"href":"https:\/\/www.notibras.com\/site\/wp-json\/wp\/v2\/posts\/21854","targetHints":{"allow":["GET"]}}],"collection":[{"href":"https:\/\/www.notibras.com\/site\/wp-json\/wp\/v2\/posts"}],"about":[{"href":"https:\/\/www.notibras.com\/site\/wp-json\/wp\/v2\/types\/post"}],"author":[{"embeddable":true,"href":"https:\/\/www.notibras.com\/site\/wp-json\/wp\/v2\/users\/2"}],"replies":[{"embeddable":true,"href":"https:\/\/www.notibras.com\/site\/wp-json\/wp\/v2\/comments?post=21854"}],"version-history":[{"count":0,"href":"https:\/\/www.notibras.com\/site\/wp-json\/wp\/v2\/posts\/21854\/revisions"}],"wp:featuredmedia":[{"embeddable":true,"href":"https:\/\/www.notibras.com\/site\/wp-json\/wp\/v2\/media\/21855"}],"wp:attachment":[{"href":"https:\/\/www.notibras.com\/site\/wp-json\/wp\/v2\/media?parent=21854"}],"wp:term":[{"taxonomy":"category","embeddable":true,"href":"https:\/\/www.notibras.com\/site\/wp-json\/wp\/v2\/categories?post=21854"},{"taxonomy":"post_tag","embeddable":true,"href":"https:\/\/www.notibras.com\/site\/wp-json\/wp\/v2\/tags?post=21854"}],"curies":[{"name":"wp","href":"https:\/\/api.w.org\/{rel}","templated":true}]}}