{"id":21916,"date":"2014-09-10T10:33:30","date_gmt":"2014-09-10T13:33:30","guid":{"rendered":"http:\/\/www.notibras.com\/site\/?p=21916"},"modified":"2014-09-10T14:35:32","modified_gmt":"2014-09-10T17:35:32","slug":"briga-de-candidato-no-facebook-vai-parar-em-delegacia-policial","status":"publish","type":"post","link":"https:\/\/www.notibras.com\/site\/briga-de-candidato-no-facebook-vai-parar-em-delegacia-policial\/","title":{"rendered":"Briga de candidato no Facebook vai parar em delegacia policial"},"content":{"rendered":"<p>Uma discuss\u00e3o no Facebook entre militantes de partidos pol\u00edticos foi parar na delegacia e na Justi\u00e7a Eleitoral. O candidato a deputado estadual do PP, Marcel Van Hattem, registrou boletim de ocorr\u00eancia na delegacia de Dois Irm\u00e3os\u00a0acusando de inj\u00faria pessoas que o chamaram de &#8220;gurizote mimado&#8221;, &#8220;branquelo de m&#8230;&#8221;,\u00a0&#8220;fascista&#8221; e nazista\u00a0no Facebook e no YouTube. O candidato postou nessas redes um v\u00eddeo no qual gritava em um megafone que a candidata do PT, Maria do Ros\u00e1rio, &#8220;defendia bandidos&#8221;.<\/p>\n","protected":false},"excerpt":{"rendered":"<p>Uma discuss\u00e3o no Facebook entre militantes de partidos pol\u00edticos foi parar na delegacia e na Justi\u00e7a Eleitoral. O candidato a deputado estadual do PP, Marcel Van Hattem, registrou boletim de ocorr\u00eancia na delegacia de Dois Irm\u00e3os\u00a0acusando de inj\u00faria pessoas que o chamaram de &#8220;gurizote mimado&#8221;, &#8220;branquelo de m&#8230;&#8221;,\u00a0&#8220;fascista&#8221; e nazista\u00a0no Facebook e no YouTube. O [&hellip;]<\/p>\n","protected":false},"author":2,"featured_media":21917,"comment_status":"open","ping_status":"closed","sticky":false,"template":"","format":"standard","meta":{"_acf_changed":false,"footnotes":""},"categories":[26],"tags":[],"class_list":["post-21916","post","type-post","status-publish","format-standard","has-post-thumbnail","hentry","category-eleicoes-2022"],"acf":[],"_links":{"self":[{"href":"https:\/\/www.notibras.com\/site\/wp-json\/wp\/v2\/posts\/21916","targetHints":{"allow":["GET"]}}],"collection":[{"href":"https:\/\/www.notibras.com\/site\/wp-json\/wp\/v2\/posts"}],"about":[{"href":"https:\/\/www.notibras.com\/site\/wp-json\/wp\/v2\/types\/post"}],"author":[{"embeddable":true,"href":"https:\/\/www.notibras.com\/site\/wp-json\/wp\/v2\/users\/2"}],"replies":[{"embeddable":true,"href":"https:\/\/www.notibras.com\/site\/wp-json\/wp\/v2\/comments?post=21916"}],"version-history":[{"count":0,"href":"https:\/\/www.notibras.com\/site\/wp-json\/wp\/v2\/posts\/21916\/revisions"}],"wp:featuredmedia":[{"embeddable":true,"href":"https:\/\/www.notibras.com\/site\/wp-json\/wp\/v2\/media\/21917"}],"wp:attachment":[{"href":"https:\/\/www.notibras.com\/site\/wp-json\/wp\/v2\/media?parent=21916"}],"wp:term":[{"taxonomy":"category","embeddable":true,"href":"https:\/\/www.notibras.com\/site\/wp-json\/wp\/v2\/categories?post=21916"},{"taxonomy":"post_tag","embeddable":true,"href":"https:\/\/www.notibras.com\/site\/wp-json\/wp\/v2\/tags?post=21916"}],"curies":[{"name":"wp","href":"https:\/\/api.w.org\/{rel}","templated":true}]}}