{"id":21919,"date":"2014-09-10T15:17:00","date_gmt":"2014-09-10T18:17:00","guid":{"rendered":"http:\/\/www.notibras.com\/site\/?p=21919"},"modified":"2014-09-12T03:05:24","modified_gmt":"2014-09-12T06:05:24","slug":"esquema-politico-na-petrobras-jogou-mar-de-lama-na-disputa-eleitoral","status":"publish","type":"post","link":"https:\/\/www.notibras.com\/site\/esquema-politico-na-petrobras-jogou-mar-de-lama-na-disputa-eleitoral\/","title":{"rendered":"Esquema pol\u00edtico na Petrobras joga mar de lama na sucess\u00e3o"},"content":{"rendered":"<p>Um megaesquema de corrup\u00e7\u00e3o dentro da Petrobras denunciado por um dos seus ex-diretores, Paulo Roberto Costa, provocou grande agita\u00e7\u00e3o no\u00a0 cen\u00e1rio da sucess\u00e3o presidencial, faltando poucos dias para as elei\u00e7\u00f5es (5 de outubro). Esse esc\u00e2ndalo \u00e9 algo parecido com o esquema do mensal\u00e3o do PT, cujo processo acabou com o Supremo Tribunal Federal mandando para cadeia 19 dos 25 r\u00e9us nele envolvidos.<\/p>\n<p>O ex-diretor Pedro Roberto Costa, que est\u00e1 preso h\u00e1 meses no Paran\u00e1, por seu envolvimento na opera\u00e7\u00e3o Lava- \u00e0 Jato, revelou\u00a0 \u00e0 Policia Federal e ao Minist\u00e9rio P\u00fablico, como parte do seu acordo de dela\u00e7\u00e3o premiada, a exist\u00eancia de uma \u201csofisticada organiza\u00e7\u00e3o criminosa que agia dentro da principal estatal brasileira\u201d.<\/p>\n<p>Segundo a revista VEJA desta semana, que trouxe a publico esse esc\u00e2ndalo, s\u00e3o benefici\u00e1rios das maracutais os ministros das Minas e Energia, senador Edson Lob\u00e3o; seis senadores, entre eles o presidente Renan Calheiros; 25 deputados federais, entre eles o presidente Eduardo Alves; os governadores Sergio Cabral (Rio de Janeiro), Roseana Sarney (Maranh\u00e3o) e Eduardo Campos (Pernambuco), e o tesoureiro do PT, Jo\u00e3o Vaccari Neto, que coordenava os recursos destinados ao seu partido.<\/p>\n<p>A organiza\u00e7\u00e3o criminosa, segundo a VEJA, superfaturava licita\u00e7\u00f5es da Petrobras e desviava recursos para um caixa que financiava campanhas de pol\u00edticos da base de apoio do governo no Congresso Nacional. Corre entre os pol\u00edticos a informa\u00e7\u00e3o de que a \u201cdela\u00e7\u00e3o premiada\u201d do ex-diretor Paulo Roberto Costa \u00e9 mais contundente do que se imaginava. As revela\u00e7\u00f5es seriam fundamentadas em provas materiais, como extratos banc\u00e1rios, contratos, liga\u00e7\u00f5es telef\u00f4nicas gravadas que comprometeriam todos os suspeitos de receberem propina.<\/p>\n<p>A organiza\u00e7\u00e3o criminosa agia h\u00e1 alguns anos, durante os governos do ent\u00e3o presidente Lula e da presidente Dilma. Conforme a Policia Federal, o esquema criminoso movimentou recursos que superam R$ 10 bilh\u00f5es.<\/p>\n<p>As revela\u00e7\u00f5es da VEJA provocaram uma grande agita\u00e7\u00e3o no cen\u00e1rio pol\u00edtico- eleitoral. Os tr\u00eas principais candidatos presidenci\u00e1veis \u2013 Dilma, Marina e A\u00e9cio- mais a pr\u00f3pria Diretoria da Petrobras e as duas CPIS instaladas no Congresso Nacional para investiga\u00e7\u00e3o de den\u00fancias contra a Petrobras, procuraram, por caminhos diversos, acesso ao depoimento de mais de 40 horas do ex-diretor Paulo Roberto Costa. Mas tudo em v\u00e3o, pelo menos oficialmente. \u00c9 que o caso corre em segredo de Justi\u00e7a.<\/p>\n<blockquote><p>A presidente Dilma afirmou que n\u00e3o tinha a menor ideia \u201c de que havia um esquema criminoso na Petrobr\u00e1s e defendeu apura\u00e7\u00e3o rigorosa \u201c Se houve alguma coisa, e tudo indica que houve, posso garantir que todas as sangrias que eventualmente pudessem existir est\u00e3o estancadas\u201d- disse Dilma. Ela repetiu o gesto do ent\u00e3o presidente Lula ao afirmar que n\u00e3o sabia e foi tra\u00eddo no caso do mensal\u00e3o\u00a0\u00a0 do PT.<\/p><\/blockquote>\n<p>Marina Silva, por seu lado, ao comentar o esquema delatado pelo ex-diretor da Petrobr\u00e1s, afirmou que foi o atual governo \u201c quem manteve toda essa quadrilha na estatal\u2019\u2019.<\/p>\n<p>A\u00e9cio Neves atacou: \u201c Dilma tinha obriga\u00e7\u00e3o de saber aquilo que acontecia no seu entorno\u201d, j\u00e1 que ela teve a Petrobras sob o seu controle quando ministra das Minas e Energia, chefe da Casa Civil do governo Lula, presidente do Conselho de Administra\u00e7\u00e3o da Petrobras e, finalmente, presidente da Rep\u00fablica.<\/p>\n<p>A Pol\u00edcia Federal instaurou inqu\u00e9rito para apura\u00e7\u00e3o do suposto vazamento das informa\u00e7\u00f5es prestadas por Paulo Roberto Costa, que dep\u00f4s em sigilo aos investigadores.<\/p>\n<p>A decis\u00e3o final sobre a validade da dela\u00e7\u00e3o premiada para o ex-diretor da Petrobr\u00e1s caber\u00e1 ao Supremo Tribunal Federal.<\/p>\n<p><strong>Cl\u00e1udio Coletti<\/strong><\/p>\n","protected":false},"excerpt":{"rendered":"<p>Um megaesquema de corrup\u00e7\u00e3o dentro da Petrobras denunciado por um dos seus ex-diretores, Paulo Roberto Costa, provocou grande agita\u00e7\u00e3o no\u00a0 cen\u00e1rio da sucess\u00e3o presidencial, faltando poucos dias para as elei\u00e7\u00f5es (5 de outubro). Esse esc\u00e2ndalo \u00e9 algo parecido com o esquema do mensal\u00e3o do PT, cujo processo acabou com o Supremo Tribunal Federal mandando para [&hellip;]<\/p>\n","protected":false},"author":2,"featured_media":21920,"comment_status":"open","ping_status":"closed","sticky":false,"template":"","format":"standard","meta":{"_acf_changed":false,"footnotes":""},"categories":[25],"tags":[],"class_list":["post-21919","post","type-post","status-publish","format-standard","has-post-thumbnail","hentry","category-opina-ai"],"acf":[],"yoast_head":"<!-- This site is optimized with the Yoast SEO plugin v27.5 - https:\/\/yoast.com\/product\/yoast-seo-wordpress\/ -->\n<title>Esquema pol\u00edtico na Petrobras joga mar de lama na sucess\u00e3o - Notibras<\/title>\n<meta name=\"robots\" content=\"index, follow, max-snippet:-1, max-image-preview:large, max-video-preview:-1\" \/>\n<link rel=\"canonical\" href=\"https:\/\/www.notibras.com\/site\/esquema-politico-na-petrobras-jogou-mar-de-lama-na-disputa-eleitoral\/\" \/>\n<meta property=\"og:locale\" content=\"pt_BR\" \/>\n<meta property=\"og:type\" content=\"article\" \/>\n<meta property=\"og:title\" content=\"Esquema pol\u00edtico na Petrobras joga mar de lama na sucess\u00e3o - Notibras\" \/>\n<meta property=\"og:description\" content=\"Um megaesquema de corrup\u00e7\u00e3o dentro da Petrobras denunciado por um dos seus ex-diretores, Paulo Roberto Costa, provocou grande agita\u00e7\u00e3o no\u00a0 cen\u00e1rio da sucess\u00e3o presidencial, faltando poucos dias para as elei\u00e7\u00f5es (5 de outubro). Esse esc\u00e2ndalo \u00e9 algo parecido com o esquema do mensal\u00e3o do PT, cujo processo acabou com o Supremo Tribunal Federal mandando para [&hellip;]\" \/>\n<meta property=\"og:url\" content=\"https:\/\/www.notibras.com\/site\/esquema-politico-na-petrobras-jogou-mar-de-lama-na-disputa-eleitoral\/\" \/>\n<meta property=\"og:site_name\" content=\"Notibras\" \/>\n<meta property=\"article:publisher\" content=\"https:\/\/www.facebook.com\/notibras\/\" \/>\n<meta property=\"article:published_time\" content=\"2014-09-10T18:17:00+00:00\" \/>\n<meta property=\"article:modified_time\" content=\"2014-09-12T06:05:24+00:00\" \/>\n<meta property=\"og:image\" content=\"https:\/\/www.notibras.com\/site\/wp-content\/uploads\/2014\/09\/PAULO-ROBERTO-PETROBRAS-100-montagem-size-598.jpg\" \/>\n\t<meta property=\"og:image:width\" content=\"597\" \/>\n\t<meta property=\"og:image:height\" content=\"336\" \/>\n\t<meta property=\"og:image:type\" content=\"image\/jpeg\" \/>\n<meta name=\"author\" content=\"Reda\u00e7\u00e3o\" \/>\n<meta name=\"twitter:card\" content=\"summary_large_image\" \/>\n<meta name=\"twitter:creator\" content=\"@Notibras\" \/>\n<meta name=\"twitter:site\" content=\"@Notibras\" \/>\n<meta name=\"twitter:label1\" content=\"Escrito por\" \/>\n\t<meta name=\"twitter:data1\" content=\"Reda\u00e7\u00e3o\" \/>\n\t<meta name=\"twitter:label2\" content=\"Est. tempo de leitura\" \/>\n\t<meta name=\"twitter:data2\" content=\"3 minutos\" \/>\n<script type=\"application\/ld+json\" class=\"yoast-schema-graph\">{\"@context\":\"https:\\\/\\\/schema.org\",\"@graph\":[{\"@type\":\"Article\",\"@id\":\"https:\\\/\\\/www.notibras.com\\\/site\\\/esquema-politico-na-petrobras-jogou-mar-de-lama-na-disputa-eleitoral\\\/#article\",\"isPartOf\":{\"@id\":\"https:\\\/\\\/www.notibras.com\\\/site\\\/esquema-politico-na-petrobras-jogou-mar-de-lama-na-disputa-eleitoral\\\/\"},\"author\":{\"name\":\"Reda\u00e7\u00e3o\",\"@id\":\"https:\\\/\\\/www.notibras.com\\\/site\\\/#\\\/schema\\\/person\\\/36ab0979449956132d3e5b517ea76ac8\"},\"headline\":\"Esquema pol\u00edtico na Petrobras joga mar de lama na sucess\u00e3o\",\"datePublished\":\"2014-09-10T18:17:00+00:00\",\"dateModified\":\"2014-09-12T06:05:24+00:00\",\"mainEntityOfPage\":{\"@id\":\"https:\\\/\\\/www.notibras.com\\\/site\\\/esquema-politico-na-petrobras-jogou-mar-de-lama-na-disputa-eleitoral\\\/\"},\"wordCount\":622,\"commentCount\":0,\"publisher\":{\"@id\":\"https:\\\/\\\/www.notibras.com\\\/site\\\/#organization\"},\"image\":{\"@id\":\"https:\\\/\\\/www.notibras.com\\\/site\\\/esquema-politico-na-petrobras-jogou-mar-de-lama-na-disputa-eleitoral\\\/#primaryimage\"},\"thumbnailUrl\":\"https:\\\/\\\/www.notibras.com\\\/site\\\/wp-content\\\/uploads\\\/2014\\\/09\\\/PAULO-ROBERTO-PETROBRAS-100-montagem-size-598.jpg\",\"articleSection\":[\"Opina a\u00ed\"],\"inLanguage\":\"pt-BR\",\"potentialAction\":[{\"@type\":\"CommentAction\",\"name\":\"Comment\",\"target\":[\"https:\\\/\\\/www.notibras.com\\\/site\\\/esquema-politico-na-petrobras-jogou-mar-de-lama-na-disputa-eleitoral\\\/#respond\"]}]},{\"@type\":\"WebPage\",\"@id\":\"https:\\\/\\\/www.notibras.com\\\/site\\\/esquema-politico-na-petrobras-jogou-mar-de-lama-na-disputa-eleitoral\\\/\",\"url\":\"https:\\\/\\\/www.notibras.com\\\/site\\\/esquema-politico-na-petrobras-jogou-mar-de-lama-na-disputa-eleitoral\\\/\",\"name\":\"Esquema pol\u00edtico na Petrobras joga mar de lama na sucess\u00e3o - Notibras\",\"isPartOf\":{\"@id\":\"https:\\\/\\\/www.notibras.com\\\/site\\\/#website\"},\"primaryImageOfPage\":{\"@id\":\"https:\\\/\\\/www.notibras.com\\\/site\\\/esquema-politico-na-petrobras-jogou-mar-de-lama-na-disputa-eleitoral\\\/#primaryimage\"},\"image\":{\"@id\":\"https:\\\/\\\/www.notibras.com\\\/site\\\/esquema-politico-na-petrobras-jogou-mar-de-lama-na-disputa-eleitoral\\\/#primaryimage\"},\"thumbnailUrl\":\"https:\\\/\\\/www.notibras.com\\\/site\\\/wp-content\\\/uploads\\\/2014\\\/09\\\/PAULO-ROBERTO-PETROBRAS-100-montagem-size-598.jpg\",\"datePublished\":\"2014-09-10T18:17:00+00:00\",\"dateModified\":\"2014-09-12T06:05:24+00:00\",\"breadcrumb\":{\"@id\":\"https:\\\/\\\/www.notibras.com\\\/site\\\/esquema-politico-na-petrobras-jogou-mar-de-lama-na-disputa-eleitoral\\\/#breadcrumb\"},\"inLanguage\":\"pt-BR\",\"potentialAction\":[{\"@type\":\"ReadAction\",\"target\":[\"https:\\\/\\\/www.notibras.com\\\/site\\\/esquema-politico-na-petrobras-jogou-mar-de-lama-na-disputa-eleitoral\\\/\"]}]},{\"@type\":\"ImageObject\",\"inLanguage\":\"pt-BR\",\"@id\":\"https:\\\/\\\/www.notibras.com\\\/site\\\/esquema-politico-na-petrobras-jogou-mar-de-lama-na-disputa-eleitoral\\\/#primaryimage\",\"url\":\"https:\\\/\\\/www.notibras.com\\\/site\\\/wp-content\\\/uploads\\\/2014\\\/09\\\/PAULO-ROBERTO-PETROBRAS-100-montagem-size-598.jpg\",\"contentUrl\":\"https:\\\/\\\/www.notibras.com\\\/site\\\/wp-content\\\/uploads\\\/2014\\\/09\\\/PAULO-ROBERTO-PETROBRAS-100-montagem-size-598.jpg\",\"width\":597,\"height\":336},{\"@type\":\"BreadcrumbList\",\"@id\":\"https:\\\/\\\/www.notibras.com\\\/site\\\/esquema-politico-na-petrobras-jogou-mar-de-lama-na-disputa-eleitoral\\\/#breadcrumb\",\"itemListElement\":[{\"@type\":\"ListItem\",\"position\":1,\"name\":\"In\u00edcio\",\"item\":\"https:\\\/\\\/www.notibras.com\\\/site\\\/\"},{\"@type\":\"ListItem\",\"position\":2,\"name\":\"Esquema pol\u00edtico na Petrobras joga mar de lama na sucess\u00e3o\"}]},{\"@type\":\"WebSite\",\"@id\":\"https:\\\/\\\/www.notibras.com\\\/site\\\/#website\",\"url\":\"https:\\\/\\\/www.notibras.com\\\/site\\\/\",\"name\":\"Notibras\",\"description\":\"Not\u00edcias de Bras\u00edlia, do Brasil e do Mundo\",\"publisher\":{\"@id\":\"https:\\\/\\\/www.notibras.com\\\/site\\\/#organization\"},\"potentialAction\":[{\"@type\":\"SearchAction\",\"target\":{\"@type\":\"EntryPoint\",\"urlTemplate\":\"https:\\\/\\\/www.notibras.com\\\/site\\\/?s={search_term_string}\"},\"query-input\":{\"@type\":\"PropertyValueSpecification\",\"valueRequired\":true,\"valueName\":\"search_term_string\"}}],\"inLanguage\":\"pt-BR\"},{\"@type\":\"Organization\",\"@id\":\"https:\\\/\\\/www.notibras.com\\\/site\\\/#organization\",\"name\":\"Grupo Notibras de Comunica\u00e7\u00e3o\",\"url\":\"https:\\\/\\\/www.notibras.com\\\/site\\\/\",\"logo\":{\"@type\":\"ImageObject\",\"inLanguage\":\"pt-BR\",\"@id\":\"https:\\\/\\\/www.notibras.com\\\/site\\\/#\\\/schema\\\/logo\\\/image\\\/\",\"url\":\"https:\\\/\\\/www.notibras.com\\\/site\\\/wp-content\\\/uploads\\\/2023\\\/01\\\/notibras23.png\",\"contentUrl\":\"https:\\\/\\\/www.notibras.com\\\/site\\\/wp-content\\\/uploads\\\/2023\\\/01\\\/notibras23.png\",\"width\":350,\"height\":87,\"caption\":\"Grupo Notibras de Comunica\u00e7\u00e3o\"},\"image\":{\"@id\":\"https:\\\/\\\/www.notibras.com\\\/site\\\/#\\\/schema\\\/logo\\\/image\\\/\"},\"sameAs\":[\"https:\\\/\\\/www.facebook.com\\\/notibras\\\/\",\"https:\\\/\\\/x.com\\\/Notibras\",\"https:\\\/\\\/www.instagram.com\\\/notibras\\\/\"]},{\"@type\":\"Person\",\"@id\":\"https:\\\/\\\/www.notibras.com\\\/site\\\/#\\\/schema\\\/person\\\/36ab0979449956132d3e5b517ea76ac8\",\"name\":\"Reda\u00e7\u00e3o\",\"image\":{\"@type\":\"ImageObject\",\"inLanguage\":\"pt-BR\",\"@id\":\"https:\\\/\\\/secure.gravatar.com\\\/avatar\\\/e0a867bdedb85fd243eadf09663511f96fc81e0720a4a42581f334ad4303aa6b?s=96&d=mm&r=g\",\"url\":\"https:\\\/\\\/secure.gravatar.com\\\/avatar\\\/e0a867bdedb85fd243eadf09663511f96fc81e0720a4a42581f334ad4303aa6b?s=96&d=mm&r=g\",\"contentUrl\":\"https:\\\/\\\/secure.gravatar.com\\\/avatar\\\/e0a867bdedb85fd243eadf09663511f96fc81e0720a4a42581f334ad4303aa6b?s=96&d=mm&r=g\",\"caption\":\"Reda\u00e7\u00e3o\"}}]}<\/script>\n<!-- \/ Yoast SEO plugin. -->","yoast_head_json":{"title":"Esquema pol\u00edtico na Petrobras joga mar de lama na sucess\u00e3o - Notibras","robots":{"index":"index","follow":"follow","max-snippet":"max-snippet:-1","max-image-preview":"max-image-preview:large","max-video-preview":"max-video-preview:-1"},"canonical":"https:\/\/www.notibras.com\/site\/esquema-politico-na-petrobras-jogou-mar-de-lama-na-disputa-eleitoral\/","og_locale":"pt_BR","og_type":"article","og_title":"Esquema pol\u00edtico na Petrobras joga mar de lama na sucess\u00e3o - Notibras","og_description":"Um megaesquema de corrup\u00e7\u00e3o dentro da Petrobras denunciado por um dos seus ex-diretores, Paulo Roberto Costa, provocou grande agita\u00e7\u00e3o no\u00a0 cen\u00e1rio da sucess\u00e3o presidencial, faltando poucos dias para as elei\u00e7\u00f5es (5 de outubro). Esse esc\u00e2ndalo \u00e9 algo parecido com o esquema do mensal\u00e3o do PT, cujo processo acabou com o Supremo Tribunal Federal mandando para [&hellip;]","og_url":"https:\/\/www.notibras.com\/site\/esquema-politico-na-petrobras-jogou-mar-de-lama-na-disputa-eleitoral\/","og_site_name":"Notibras","article_publisher":"https:\/\/www.facebook.com\/notibras\/","article_published_time":"2014-09-10T18:17:00+00:00","article_modified_time":"2014-09-12T06:05:24+00:00","og_image":[{"width":597,"height":336,"url":"https:\/\/www.notibras.com\/site\/wp-content\/uploads\/2014\/09\/PAULO-ROBERTO-PETROBRAS-100-montagem-size-598.jpg","type":"image\/jpeg"}],"author":"Reda\u00e7\u00e3o","twitter_card":"summary_large_image","twitter_creator":"@Notibras","twitter_site":"@Notibras","twitter_misc":{"Escrito por":"Reda\u00e7\u00e3o","Est. tempo de leitura":"3 minutos"},"schema":{"@context":"https:\/\/schema.org","@graph":[{"@type":"Article","@id":"https:\/\/www.notibras.com\/site\/esquema-politico-na-petrobras-jogou-mar-de-lama-na-disputa-eleitoral\/#article","isPartOf":{"@id":"https:\/\/www.notibras.com\/site\/esquema-politico-na-petrobras-jogou-mar-de-lama-na-disputa-eleitoral\/"},"author":{"name":"Reda\u00e7\u00e3o","@id":"https:\/\/www.notibras.com\/site\/#\/schema\/person\/36ab0979449956132d3e5b517ea76ac8"},"headline":"Esquema pol\u00edtico na Petrobras joga mar de lama na sucess\u00e3o","datePublished":"2014-09-10T18:17:00+00:00","dateModified":"2014-09-12T06:05:24+00:00","mainEntityOfPage":{"@id":"https:\/\/www.notibras.com\/site\/esquema-politico-na-petrobras-jogou-mar-de-lama-na-disputa-eleitoral\/"},"wordCount":622,"commentCount":0,"publisher":{"@id":"https:\/\/www.notibras.com\/site\/#organization"},"image":{"@id":"https:\/\/www.notibras.com\/site\/esquema-politico-na-petrobras-jogou-mar-de-lama-na-disputa-eleitoral\/#primaryimage"},"thumbnailUrl":"https:\/\/www.notibras.com\/site\/wp-content\/uploads\/2014\/09\/PAULO-ROBERTO-PETROBRAS-100-montagem-size-598.jpg","articleSection":["Opina a\u00ed"],"inLanguage":"pt-BR","potentialAction":[{"@type":"CommentAction","name":"Comment","target":["https:\/\/www.notibras.com\/site\/esquema-politico-na-petrobras-jogou-mar-de-lama-na-disputa-eleitoral\/#respond"]}]},{"@type":"WebPage","@id":"https:\/\/www.notibras.com\/site\/esquema-politico-na-petrobras-jogou-mar-de-lama-na-disputa-eleitoral\/","url":"https:\/\/www.notibras.com\/site\/esquema-politico-na-petrobras-jogou-mar-de-lama-na-disputa-eleitoral\/","name":"Esquema pol\u00edtico na Petrobras joga mar de lama na sucess\u00e3o - Notibras","isPartOf":{"@id":"https:\/\/www.notibras.com\/site\/#website"},"primaryImageOfPage":{"@id":"https:\/\/www.notibras.com\/site\/esquema-politico-na-petrobras-jogou-mar-de-lama-na-disputa-eleitoral\/#primaryimage"},"image":{"@id":"https:\/\/www.notibras.com\/site\/esquema-politico-na-petrobras-jogou-mar-de-lama-na-disputa-eleitoral\/#primaryimage"},"thumbnailUrl":"https:\/\/www.notibras.com\/site\/wp-content\/uploads\/2014\/09\/PAULO-ROBERTO-PETROBRAS-100-montagem-size-598.jpg","datePublished":"2014-09-10T18:17:00+00:00","dateModified":"2014-09-12T06:05:24+00:00","breadcrumb":{"@id":"https:\/\/www.notibras.com\/site\/esquema-politico-na-petrobras-jogou-mar-de-lama-na-disputa-eleitoral\/#breadcrumb"},"inLanguage":"pt-BR","potentialAction":[{"@type":"ReadAction","target":["https:\/\/www.notibras.com\/site\/esquema-politico-na-petrobras-jogou-mar-de-lama-na-disputa-eleitoral\/"]}]},{"@type":"ImageObject","inLanguage":"pt-BR","@id":"https:\/\/www.notibras.com\/site\/esquema-politico-na-petrobras-jogou-mar-de-lama-na-disputa-eleitoral\/#primaryimage","url":"https:\/\/www.notibras.com\/site\/wp-content\/uploads\/2014\/09\/PAULO-ROBERTO-PETROBRAS-100-montagem-size-598.jpg","contentUrl":"https:\/\/www.notibras.com\/site\/wp-content\/uploads\/2014\/09\/PAULO-ROBERTO-PETROBRAS-100-montagem-size-598.jpg","width":597,"height":336},{"@type":"BreadcrumbList","@id":"https:\/\/www.notibras.com\/site\/esquema-politico-na-petrobras-jogou-mar-de-lama-na-disputa-eleitoral\/#breadcrumb","itemListElement":[{"@type":"ListItem","position":1,"name":"In\u00edcio","item":"https:\/\/www.notibras.com\/site\/"},{"@type":"ListItem","position":2,"name":"Esquema pol\u00edtico na Petrobras joga mar de lama na sucess\u00e3o"}]},{"@type":"WebSite","@id":"https:\/\/www.notibras.com\/site\/#website","url":"https:\/\/www.notibras.com\/site\/","name":"Notibras","description":"Not\u00edcias de Bras\u00edlia, do Brasil e do Mundo","publisher":{"@id":"https:\/\/www.notibras.com\/site\/#organization"},"potentialAction":[{"@type":"SearchAction","target":{"@type":"EntryPoint","urlTemplate":"https:\/\/www.notibras.com\/site\/?s={search_term_string}"},"query-input":{"@type":"PropertyValueSpecification","valueRequired":true,"valueName":"search_term_string"}}],"inLanguage":"pt-BR"},{"@type":"Organization","@id":"https:\/\/www.notibras.com\/site\/#organization","name":"Grupo Notibras de Comunica\u00e7\u00e3o","url":"https:\/\/www.notibras.com\/site\/","logo":{"@type":"ImageObject","inLanguage":"pt-BR","@id":"https:\/\/www.notibras.com\/site\/#\/schema\/logo\/image\/","url":"https:\/\/www.notibras.com\/site\/wp-content\/uploads\/2023\/01\/notibras23.png","contentUrl":"https:\/\/www.notibras.com\/site\/wp-content\/uploads\/2023\/01\/notibras23.png","width":350,"height":87,"caption":"Grupo Notibras de Comunica\u00e7\u00e3o"},"image":{"@id":"https:\/\/www.notibras.com\/site\/#\/schema\/logo\/image\/"},"sameAs":["https:\/\/www.facebook.com\/notibras\/","https:\/\/x.com\/Notibras","https:\/\/www.instagram.com\/notibras\/"]},{"@type":"Person","@id":"https:\/\/www.notibras.com\/site\/#\/schema\/person\/36ab0979449956132d3e5b517ea76ac8","name":"Reda\u00e7\u00e3o","image":{"@type":"ImageObject","inLanguage":"pt-BR","@id":"https:\/\/secure.gravatar.com\/avatar\/e0a867bdedb85fd243eadf09663511f96fc81e0720a4a42581f334ad4303aa6b?s=96&d=mm&r=g","url":"https:\/\/secure.gravatar.com\/avatar\/e0a867bdedb85fd243eadf09663511f96fc81e0720a4a42581f334ad4303aa6b?s=96&d=mm&r=g","contentUrl":"https:\/\/secure.gravatar.com\/avatar\/e0a867bdedb85fd243eadf09663511f96fc81e0720a4a42581f334ad4303aa6b?s=96&d=mm&r=g","caption":"Reda\u00e7\u00e3o"}}]}},"amp_enabled":true,"_links":{"self":[{"href":"https:\/\/www.notibras.com\/site\/wp-json\/wp\/v2\/posts\/21919","targetHints":{"allow":["GET"]}}],"collection":[{"href":"https:\/\/www.notibras.com\/site\/wp-json\/wp\/v2\/posts"}],"about":[{"href":"https:\/\/www.notibras.com\/site\/wp-json\/wp\/v2\/types\/post"}],"author":[{"embeddable":true,"href":"https:\/\/www.notibras.com\/site\/wp-json\/wp\/v2\/users\/2"}],"replies":[{"embeddable":true,"href":"https:\/\/www.notibras.com\/site\/wp-json\/wp\/v2\/comments?post=21919"}],"version-history":[{"count":0,"href":"https:\/\/www.notibras.com\/site\/wp-json\/wp\/v2\/posts\/21919\/revisions"}],"wp:featuredmedia":[{"embeddable":true,"href":"https:\/\/www.notibras.com\/site\/wp-json\/wp\/v2\/media\/21920"}],"wp:attachment":[{"href":"https:\/\/www.notibras.com\/site\/wp-json\/wp\/v2\/media?parent=21919"}],"wp:term":[{"taxonomy":"category","embeddable":true,"href":"https:\/\/www.notibras.com\/site\/wp-json\/wp\/v2\/categories?post=21919"},{"taxonomy":"post_tag","embeddable":true,"href":"https:\/\/www.notibras.com\/site\/wp-json\/wp\/v2\/tags?post=21919"}],"curies":[{"name":"wp","href":"https:\/\/api.w.org\/{rel}","templated":true}]}}