{"id":21960,"date":"2014-09-10T22:06:59","date_gmt":"2014-09-11T01:06:59","guid":{"rendered":"http:\/\/www.notibras.com\/site\/?p=21960"},"modified":"2014-09-11T00:11:05","modified_gmt":"2014-09-11T03:11:05","slug":"palmeiras-passa-pelo-criciuma-e-comeca-fugir-da-degola","status":"publish","type":"post","link":"https:\/\/www.notibras.com\/site\/palmeiras-passa-pelo-criciuma-e-comeca-fugir-da-degola\/","title":{"rendered":"Palmeiras passa pelo Crici\u00fama e come\u00e7a a fugir da degola"},"content":{"rendered":"<p class=\"text\">O Palmeiras come\u00e7ou o segundo turno do Campeonato Brasileiro\u00a0como o torcedor esperava: com vit\u00f3ria e uma pequena, mas importante\u00a0dist\u00e2ncia da zona de rebaixamento. Nesta quarta-feira, no Pacaembu, a equipe paulista venceu\u00a0uma partida de &#8220;seis pontos&#8221; contra o Crici\u00fama, por 1 a 0, e\u00a0respirou\u00a0na tabela do torneio.<\/p>\n<p class=\"text\">O atacante Cristaldo, no segundo tempo, fez o gol salvador. O argentino\u00a0marcou o primeiro com a camisa alviverde e desencantou.<\/p>\n<p class=\"text\">A vit\u00f3ria na capital paulista foi a primeira do Palmeiras sob o comando de Dorival J\u00fanior. Contratado para o lugar de Ricargo Gareca, o t\u00e9cnico estreou na \u00faltima rodada contra o Atl\u00e9tico-PR, quando empatou por 1 a 1, na Arena da Baixada, em Curitiba.<\/p>\n<p class=\"text\">Com o resultado positivo, o Palmeiras alcan\u00e7a os 21 pontos e agora aparece na 15\u00aa coloca\u00e7\u00e3o, a duas de dist\u00e2ncia da zona de rebaixamento. J\u00e1 o Crici\u00fama continua estacionado na degola, no 17\u00ba lugar, com apenas 18 pontos.<\/p>\n<p class=\"text\">Na pr\u00f3xima rodada, o Palmeiras visita o Fluminense, no s\u00e1bado, \u00e0s 18h30, no Maracan\u00e3. J\u00e1 o Crici\u00fama recebe o Goi\u00e1s, no domingo, \u00e0s 18h30, no Heriberto H\u00fclse, em Santa Catarina.<\/p>\n<p class=\"text\">A equipe comandada por Dorival J\u00fanior foi quem chegou primeiro. Aos 14min, Diogo recebeu de Juninho pela esquerda e cruzou. Leandro, sozinho, pegou fraco na bola e mandou nas m\u00e3os do goleiro Luiz. Apesar de uma postura mais defensiva, foram os visitantes que tiveram a melhor oportunidade. Aos 24min, Lucca bateu falta perigosa, e F\u00e1bio precisou se esticar todo para salvar os donos da casa.<\/p>\n<p class=\"text\">Dorival teve uma baixa no sistema defensivo na metade da etapa inicial. O zagueiro argentino Tobio se machucou e precisou ser substitu\u00eddo. Por\u00e9m, como no banco s\u00f3 tinha o jovem Nathan, primeira vez relacionado, para a posi\u00e7\u00e3o, o t\u00e9cnico optou por colocar o volante Eguren, recuando Marcelo Oliveira para a zaga. Com isso, o Palmeiras perdeu qualidade na\u00a0sa\u00edda de bola e sentiu dificuldade para criar lances ofensivos.<\/p>\n<blockquote>\n<p class=\"text\">As equipes inverteram os pap\u00e9is na volta do intervalo. Dessa vez, quem dominava a posse de bola era o Crici\u00fama, enquanto o Palmeiras esperava por algum erro dos rivais para sair no contra-ataque. Antes da bola rolar, Dorival apostou na entrada de Felipe Menezes no lugar de Leandro.<\/p>\n<\/blockquote>\n<p class=\"text\">Logo no come\u00e7o j\u00e1 era clara a estrat\u00e9gia que os clubes adotariam no jogo. O Crici\u00fama jogava por uma bola, enquanto o Palmeiras se mandava mais ao ataque, mas com cautela para n\u00e3o deixar brechas para o rival. Apesar do dom\u00ednio da posse de bola, o clube paulista pouco assustou.<\/p>\n<p class=\"text\">Mesmo com um jogador de meio-campo\u00a0a mais, o Palmeiras continuou sem conseguir\u00a0criar. Dorival, ent\u00e3o, mexeu novamente. Tirou Juninho e colocou Cristaldo, deixando a equipe novamente com tr\u00eas atacantes.<\/p>\n<p class=\"text\">Apesar das duas altera\u00e7\u00f5es, quem chegava com mais perigo era o Crici\u00fama.\u00a0Aos 19min, Paulo Baier cruzou, F\u00e1bio Ferreira desviou e F\u00e1bio salvou mais uma vez o time.\u00a0O Palmeiras conseguiu chegar com perigo s\u00f3 aos 28min. Weldinho driblou Giovanni e cruzou para Eguren. O uruguaio cabeceou rente ao poste e assutou o goleiro Luiz.<\/p>\n<p class=\"text\">Quando a partida parecia se encaminhar para um empate sem gols, Cristaldo apareceu. O camisa 9\u00a0ganhou\u00a0disputa contra o zagueiro Fabio Ferreira na \u00e1rea pela direita e, livre, finalizou\u00a0cruzado, por baixo do goleiro, para marcar o primeiro tento com a camisa alviverde.<\/p>\n","protected":false},"excerpt":{"rendered":"<p>O Palmeiras come\u00e7ou o segundo turno do Campeonato Brasileiro\u00a0como o torcedor esperava: com vit\u00f3ria e uma pequena, mas importante\u00a0dist\u00e2ncia da zona de rebaixamento. Nesta quarta-feira, no Pacaembu, a equipe paulista venceu\u00a0uma partida de &#8220;seis pontos&#8221; contra o Crici\u00fama, por 1 a 0, e\u00a0respirou\u00a0na tabela do torneio. O atacante Cristaldo, no segundo tempo, fez o gol [&hellip;]<\/p>\n","protected":false},"author":2,"featured_media":21961,"comment_status":"open","ping_status":"closed","sticky":false,"template":"","format":"standard","meta":{"_acf_changed":false,"footnotes":""},"categories":[19,29],"tags":[],"class_list":["post-21960","post","type-post","status-publish","format-standard","has-post-thumbnail","hentry","category-esportes","category-futebol"],"acf":[],"yoast_head":"<!-- This site is optimized with the Yoast SEO plugin v27.2 - https:\/\/yoast.com\/product\/yoast-seo-wordpress\/ -->\n<title>Palmeiras passa pelo Crici\u00fama e come\u00e7a a fugir da degola - Notibras<\/title>\n<meta name=\"robots\" content=\"index, follow, max-snippet:-1, max-image-preview:large, max-video-preview:-1\" \/>\n<link rel=\"canonical\" href=\"https:\/\/www.notibras.com\/site\/palmeiras-passa-pelo-criciuma-e-comeca-fugir-da-degola\/\" \/>\n<meta property=\"og:locale\" content=\"pt_BR\" \/>\n<meta property=\"og:type\" content=\"article\" \/>\n<meta property=\"og:title\" content=\"Palmeiras passa pelo Crici\u00fama e come\u00e7a a fugir da degola - Notibras\" \/>\n<meta property=\"og:description\" content=\"O Palmeiras come\u00e7ou o segundo turno do Campeonato Brasileiro\u00a0como o torcedor esperava: com vit\u00f3ria e uma pequena, mas importante\u00a0dist\u00e2ncia da zona de rebaixamento. Nesta quarta-feira, no Pacaembu, a equipe paulista venceu\u00a0uma partida de &#8220;seis pontos&#8221; contra o Crici\u00fama, por 1 a 0, e\u00a0respirou\u00a0na tabela do torneio. O atacante Cristaldo, no segundo tempo, fez o gol [&hellip;]\" \/>\n<meta property=\"og:url\" content=\"https:\/\/www.notibras.com\/site\/palmeiras-passa-pelo-criciuma-e-comeca-fugir-da-degola\/\" \/>\n<meta property=\"og:site_name\" content=\"Notibras\" \/>\n<meta property=\"article:publisher\" content=\"https:\/\/www.facebook.com\/notibras\/\" \/>\n<meta property=\"article:published_time\" content=\"2014-09-11T01:06:59+00:00\" \/>\n<meta property=\"article:modified_time\" content=\"2014-09-11T03:11:05+00:00\" \/>\n<meta property=\"og:image\" content=\"https:\/\/www.notibras.com\/site\/wp-content\/uploads\/2014\/09\/es1.jpg\" \/>\n\t<meta property=\"og:image:width\" content=\"460\" \/>\n\t<meta property=\"og:image:height\" content=\"340\" \/>\n\t<meta property=\"og:image:type\" content=\"image\/jpeg\" \/>\n<meta name=\"author\" content=\"Reda\u00e7\u00e3o\" \/>\n<meta name=\"twitter:card\" content=\"summary_large_image\" \/>\n<meta name=\"twitter:creator\" content=\"@Notibras\" \/>\n<meta name=\"twitter:site\" content=\"@Notibras\" \/>\n<meta name=\"twitter:label1\" content=\"Escrito por\" \/>\n\t<meta name=\"twitter:data1\" content=\"Reda\u00e7\u00e3o\" \/>\n\t<meta name=\"twitter:label2\" content=\"Est. tempo de leitura\" \/>\n\t<meta name=\"twitter:data2\" content=\"3 minutos\" \/>\n<script type=\"application\/ld+json\" class=\"yoast-schema-graph\">{\"@context\":\"https:\/\/schema.org\",\"@graph\":[{\"@type\":\"Article\",\"@id\":\"https:\/\/www.notibras.com\/site\/palmeiras-passa-pelo-criciuma-e-comeca-fugir-da-degola\/#article\",\"isPartOf\":{\"@id\":\"https:\/\/www.notibras.com\/site\/palmeiras-passa-pelo-criciuma-e-comeca-fugir-da-degola\/\"},\"author\":{\"name\":\"Reda\u00e7\u00e3o\",\"@id\":\"https:\/\/www.notibras.com\/site\/#\/schema\/person\/36ab0979449956132d3e5b517ea76ac8\"},\"headline\":\"Palmeiras passa pelo Crici\u00fama e come\u00e7a a fugir da degola\",\"datePublished\":\"2014-09-11T01:06:59+00:00\",\"dateModified\":\"2014-09-11T03:11:05+00:00\",\"mainEntityOfPage\":{\"@id\":\"https:\/\/www.notibras.com\/site\/palmeiras-passa-pelo-criciuma-e-comeca-fugir-da-degola\/\"},\"wordCount\":585,\"commentCount\":0,\"publisher\":{\"@id\":\"https:\/\/www.notibras.com\/site\/#organization\"},\"image\":{\"@id\":\"https:\/\/www.notibras.com\/site\/palmeiras-passa-pelo-criciuma-e-comeca-fugir-da-degola\/#primaryimage\"},\"thumbnailUrl\":\"https:\/\/www.notibras.com\/site\/wp-content\/uploads\/2014\/09\/es1.jpg\",\"articleSection\":[\"Esportes\",\"Futebol\"],\"inLanguage\":\"pt-BR\",\"potentialAction\":[{\"@type\":\"CommentAction\",\"name\":\"Comment\",\"target\":[\"https:\/\/www.notibras.com\/site\/palmeiras-passa-pelo-criciuma-e-comeca-fugir-da-degola\/#respond\"]}]},{\"@type\":\"WebPage\",\"@id\":\"https:\/\/www.notibras.com\/site\/palmeiras-passa-pelo-criciuma-e-comeca-fugir-da-degola\/\",\"url\":\"https:\/\/www.notibras.com\/site\/palmeiras-passa-pelo-criciuma-e-comeca-fugir-da-degola\/\",\"name\":\"Palmeiras passa pelo Crici\u00fama e come\u00e7a a fugir da degola - Notibras\",\"isPartOf\":{\"@id\":\"https:\/\/www.notibras.com\/site\/#website\"},\"primaryImageOfPage\":{\"@id\":\"https:\/\/www.notibras.com\/site\/palmeiras-passa-pelo-criciuma-e-comeca-fugir-da-degola\/#primaryimage\"},\"image\":{\"@id\":\"https:\/\/www.notibras.com\/site\/palmeiras-passa-pelo-criciuma-e-comeca-fugir-da-degola\/#primaryimage\"},\"thumbnailUrl\":\"https:\/\/www.notibras.com\/site\/wp-content\/uploads\/2014\/09\/es1.jpg\",\"datePublished\":\"2014-09-11T01:06:59+00:00\",\"dateModified\":\"2014-09-11T03:11:05+00:00\",\"breadcrumb\":{\"@id\":\"https:\/\/www.notibras.com\/site\/palmeiras-passa-pelo-criciuma-e-comeca-fugir-da-degola\/#breadcrumb\"},\"inLanguage\":\"pt-BR\",\"potentialAction\":[{\"@type\":\"ReadAction\",\"target\":[\"https:\/\/www.notibras.com\/site\/palmeiras-passa-pelo-criciuma-e-comeca-fugir-da-degola\/\"]}]},{\"@type\":\"ImageObject\",\"inLanguage\":\"pt-BR\",\"@id\":\"https:\/\/www.notibras.com\/site\/palmeiras-passa-pelo-criciuma-e-comeca-fugir-da-degola\/#primaryimage\",\"url\":\"https:\/\/www.notibras.com\/site\/wp-content\/uploads\/2014\/09\/es1.jpg\",\"contentUrl\":\"https:\/\/www.notibras.com\/site\/wp-content\/uploads\/2014\/09\/es1.jpg\",\"width\":460,\"height\":340},{\"@type\":\"BreadcrumbList\",\"@id\":\"https:\/\/www.notibras.com\/site\/palmeiras-passa-pelo-criciuma-e-comeca-fugir-da-degola\/#breadcrumb\",\"itemListElement\":[{\"@type\":\"ListItem\",\"position\":1,\"name\":\"In\u00edcio\",\"item\":\"https:\/\/www.notibras.com\/site\/\"},{\"@type\":\"ListItem\",\"position\":2,\"name\":\"Palmeiras passa pelo Crici\u00fama e come\u00e7a a fugir da degola\"}]},{\"@type\":\"WebSite\",\"@id\":\"https:\/\/www.notibras.com\/site\/#website\",\"url\":\"https:\/\/www.notibras.com\/site\/\",\"name\":\"Notibras\",\"description\":\"Not\u00edcias de Bras\u00edlia, do Brasil e do Mundo\",\"publisher\":{\"@id\":\"https:\/\/www.notibras.com\/site\/#organization\"},\"potentialAction\":[{\"@type\":\"SearchAction\",\"target\":{\"@type\":\"EntryPoint\",\"urlTemplate\":\"https:\/\/www.notibras.com\/site\/?s={search_term_string}\"},\"query-input\":{\"@type\":\"PropertyValueSpecification\",\"valueRequired\":true,\"valueName\":\"search_term_string\"}}],\"inLanguage\":\"pt-BR\"},{\"@type\":\"Organization\",\"@id\":\"https:\/\/www.notibras.com\/site\/#organization\",\"name\":\"Grupo Notibras de Comunica\u00e7\u00e3o\",\"url\":\"https:\/\/www.notibras.com\/site\/\",\"logo\":{\"@type\":\"ImageObject\",\"inLanguage\":\"pt-BR\",\"@id\":\"https:\/\/www.notibras.com\/site\/#\/schema\/logo\/image\/\",\"url\":\"https:\/\/www.notibras.com\/site\/wp-content\/uploads\/2023\/01\/notibras23.png\",\"contentUrl\":\"https:\/\/www.notibras.com\/site\/wp-content\/uploads\/2023\/01\/notibras23.png\",\"width\":350,\"height\":87,\"caption\":\"Grupo Notibras de Comunica\u00e7\u00e3o\"},\"image\":{\"@id\":\"https:\/\/www.notibras.com\/site\/#\/schema\/logo\/image\/\"},\"sameAs\":[\"https:\/\/www.facebook.com\/notibras\/\",\"https:\/\/x.com\/Notibras\",\"https:\/\/www.instagram.com\/notibras\/\"]},{\"@type\":\"Person\",\"@id\":\"https:\/\/www.notibras.com\/site\/#\/schema\/person\/36ab0979449956132d3e5b517ea76ac8\",\"name\":\"Reda\u00e7\u00e3o\",\"image\":{\"@type\":\"ImageObject\",\"inLanguage\":\"pt-BR\",\"@id\":\"https:\/\/secure.gravatar.com\/avatar\/e0a867bdedb85fd243eadf09663511f96fc81e0720a4a42581f334ad4303aa6b?s=96&d=mm&r=g\",\"url\":\"https:\/\/secure.gravatar.com\/avatar\/e0a867bdedb85fd243eadf09663511f96fc81e0720a4a42581f334ad4303aa6b?s=96&d=mm&r=g\",\"contentUrl\":\"https:\/\/secure.gravatar.com\/avatar\/e0a867bdedb85fd243eadf09663511f96fc81e0720a4a42581f334ad4303aa6b?s=96&d=mm&r=g\",\"caption\":\"Reda\u00e7\u00e3o\"}}]}<\/script>\n<!-- \/ Yoast SEO plugin. -->","yoast_head_json":{"title":"Palmeiras passa pelo Crici\u00fama e come\u00e7a a fugir da degola - Notibras","robots":{"index":"index","follow":"follow","max-snippet":"max-snippet:-1","max-image-preview":"max-image-preview:large","max-video-preview":"max-video-preview:-1"},"canonical":"https:\/\/www.notibras.com\/site\/palmeiras-passa-pelo-criciuma-e-comeca-fugir-da-degola\/","og_locale":"pt_BR","og_type":"article","og_title":"Palmeiras passa pelo Crici\u00fama e come\u00e7a a fugir da degola - Notibras","og_description":"O Palmeiras come\u00e7ou o segundo turno do Campeonato Brasileiro\u00a0como o torcedor esperava: com vit\u00f3ria e uma pequena, mas importante\u00a0dist\u00e2ncia da zona de rebaixamento. Nesta quarta-feira, no Pacaembu, a equipe paulista venceu\u00a0uma partida de &#8220;seis pontos&#8221; contra o Crici\u00fama, por 1 a 0, e\u00a0respirou\u00a0na tabela do torneio. O atacante Cristaldo, no segundo tempo, fez o gol [&hellip;]","og_url":"https:\/\/www.notibras.com\/site\/palmeiras-passa-pelo-criciuma-e-comeca-fugir-da-degola\/","og_site_name":"Notibras","article_publisher":"https:\/\/www.facebook.com\/notibras\/","article_published_time":"2014-09-11T01:06:59+00:00","article_modified_time":"2014-09-11T03:11:05+00:00","og_image":[{"width":460,"height":340,"url":"https:\/\/www.notibras.com\/site\/wp-content\/uploads\/2014\/09\/es1.jpg","type":"image\/jpeg"}],"author":"Reda\u00e7\u00e3o","twitter_card":"summary_large_image","twitter_creator":"@Notibras","twitter_site":"@Notibras","twitter_misc":{"Escrito por":"Reda\u00e7\u00e3o","Est. tempo de leitura":"3 minutos"},"schema":{"@context":"https:\/\/schema.org","@graph":[{"@type":"Article","@id":"https:\/\/www.notibras.com\/site\/palmeiras-passa-pelo-criciuma-e-comeca-fugir-da-degola\/#article","isPartOf":{"@id":"https:\/\/www.notibras.com\/site\/palmeiras-passa-pelo-criciuma-e-comeca-fugir-da-degola\/"},"author":{"name":"Reda\u00e7\u00e3o","@id":"https:\/\/www.notibras.com\/site\/#\/schema\/person\/36ab0979449956132d3e5b517ea76ac8"},"headline":"Palmeiras passa pelo Crici\u00fama e come\u00e7a a fugir da degola","datePublished":"2014-09-11T01:06:59+00:00","dateModified":"2014-09-11T03:11:05+00:00","mainEntityOfPage":{"@id":"https:\/\/www.notibras.com\/site\/palmeiras-passa-pelo-criciuma-e-comeca-fugir-da-degola\/"},"wordCount":585,"commentCount":0,"publisher":{"@id":"https:\/\/www.notibras.com\/site\/#organization"},"image":{"@id":"https:\/\/www.notibras.com\/site\/palmeiras-passa-pelo-criciuma-e-comeca-fugir-da-degola\/#primaryimage"},"thumbnailUrl":"https:\/\/www.notibras.com\/site\/wp-content\/uploads\/2014\/09\/es1.jpg","articleSection":["Esportes","Futebol"],"inLanguage":"pt-BR","potentialAction":[{"@type":"CommentAction","name":"Comment","target":["https:\/\/www.notibras.com\/site\/palmeiras-passa-pelo-criciuma-e-comeca-fugir-da-degola\/#respond"]}]},{"@type":"WebPage","@id":"https:\/\/www.notibras.com\/site\/palmeiras-passa-pelo-criciuma-e-comeca-fugir-da-degola\/","url":"https:\/\/www.notibras.com\/site\/palmeiras-passa-pelo-criciuma-e-comeca-fugir-da-degola\/","name":"Palmeiras passa pelo Crici\u00fama e come\u00e7a a fugir da degola - Notibras","isPartOf":{"@id":"https:\/\/www.notibras.com\/site\/#website"},"primaryImageOfPage":{"@id":"https:\/\/www.notibras.com\/site\/palmeiras-passa-pelo-criciuma-e-comeca-fugir-da-degola\/#primaryimage"},"image":{"@id":"https:\/\/www.notibras.com\/site\/palmeiras-passa-pelo-criciuma-e-comeca-fugir-da-degola\/#primaryimage"},"thumbnailUrl":"https:\/\/www.notibras.com\/site\/wp-content\/uploads\/2014\/09\/es1.jpg","datePublished":"2014-09-11T01:06:59+00:00","dateModified":"2014-09-11T03:11:05+00:00","breadcrumb":{"@id":"https:\/\/www.notibras.com\/site\/palmeiras-passa-pelo-criciuma-e-comeca-fugir-da-degola\/#breadcrumb"},"inLanguage":"pt-BR","potentialAction":[{"@type":"ReadAction","target":["https:\/\/www.notibras.com\/site\/palmeiras-passa-pelo-criciuma-e-comeca-fugir-da-degola\/"]}]},{"@type":"ImageObject","inLanguage":"pt-BR","@id":"https:\/\/www.notibras.com\/site\/palmeiras-passa-pelo-criciuma-e-comeca-fugir-da-degola\/#primaryimage","url":"https:\/\/www.notibras.com\/site\/wp-content\/uploads\/2014\/09\/es1.jpg","contentUrl":"https:\/\/www.notibras.com\/site\/wp-content\/uploads\/2014\/09\/es1.jpg","width":460,"height":340},{"@type":"BreadcrumbList","@id":"https:\/\/www.notibras.com\/site\/palmeiras-passa-pelo-criciuma-e-comeca-fugir-da-degola\/#breadcrumb","itemListElement":[{"@type":"ListItem","position":1,"name":"In\u00edcio","item":"https:\/\/www.notibras.com\/site\/"},{"@type":"ListItem","position":2,"name":"Palmeiras passa pelo Crici\u00fama e come\u00e7a a fugir da degola"}]},{"@type":"WebSite","@id":"https:\/\/www.notibras.com\/site\/#website","url":"https:\/\/www.notibras.com\/site\/","name":"Notibras","description":"Not\u00edcias de Bras\u00edlia, do Brasil e do Mundo","publisher":{"@id":"https:\/\/www.notibras.com\/site\/#organization"},"potentialAction":[{"@type":"SearchAction","target":{"@type":"EntryPoint","urlTemplate":"https:\/\/www.notibras.com\/site\/?s={search_term_string}"},"query-input":{"@type":"PropertyValueSpecification","valueRequired":true,"valueName":"search_term_string"}}],"inLanguage":"pt-BR"},{"@type":"Organization","@id":"https:\/\/www.notibras.com\/site\/#organization","name":"Grupo Notibras de Comunica\u00e7\u00e3o","url":"https:\/\/www.notibras.com\/site\/","logo":{"@type":"ImageObject","inLanguage":"pt-BR","@id":"https:\/\/www.notibras.com\/site\/#\/schema\/logo\/image\/","url":"https:\/\/www.notibras.com\/site\/wp-content\/uploads\/2023\/01\/notibras23.png","contentUrl":"https:\/\/www.notibras.com\/site\/wp-content\/uploads\/2023\/01\/notibras23.png","width":350,"height":87,"caption":"Grupo Notibras de Comunica\u00e7\u00e3o"},"image":{"@id":"https:\/\/www.notibras.com\/site\/#\/schema\/logo\/image\/"},"sameAs":["https:\/\/www.facebook.com\/notibras\/","https:\/\/x.com\/Notibras","https:\/\/www.instagram.com\/notibras\/"]},{"@type":"Person","@id":"https:\/\/www.notibras.com\/site\/#\/schema\/person\/36ab0979449956132d3e5b517ea76ac8","name":"Reda\u00e7\u00e3o","image":{"@type":"ImageObject","inLanguage":"pt-BR","@id":"https:\/\/secure.gravatar.com\/avatar\/e0a867bdedb85fd243eadf09663511f96fc81e0720a4a42581f334ad4303aa6b?s=96&d=mm&r=g","url":"https:\/\/secure.gravatar.com\/avatar\/e0a867bdedb85fd243eadf09663511f96fc81e0720a4a42581f334ad4303aa6b?s=96&d=mm&r=g","contentUrl":"https:\/\/secure.gravatar.com\/avatar\/e0a867bdedb85fd243eadf09663511f96fc81e0720a4a42581f334ad4303aa6b?s=96&d=mm&r=g","caption":"Reda\u00e7\u00e3o"}}]}},"amp_enabled":true,"_links":{"self":[{"href":"https:\/\/www.notibras.com\/site\/wp-json\/wp\/v2\/posts\/21960","targetHints":{"allow":["GET"]}}],"collection":[{"href":"https:\/\/www.notibras.com\/site\/wp-json\/wp\/v2\/posts"}],"about":[{"href":"https:\/\/www.notibras.com\/site\/wp-json\/wp\/v2\/types\/post"}],"author":[{"embeddable":true,"href":"https:\/\/www.notibras.com\/site\/wp-json\/wp\/v2\/users\/2"}],"replies":[{"embeddable":true,"href":"https:\/\/www.notibras.com\/site\/wp-json\/wp\/v2\/comments?post=21960"}],"version-history":[{"count":0,"href":"https:\/\/www.notibras.com\/site\/wp-json\/wp\/v2\/posts\/21960\/revisions"}],"wp:featuredmedia":[{"embeddable":true,"href":"https:\/\/www.notibras.com\/site\/wp-json\/wp\/v2\/media\/21961"}],"wp:attachment":[{"href":"https:\/\/www.notibras.com\/site\/wp-json\/wp\/v2\/media?parent=21960"}],"wp:term":[{"taxonomy":"category","embeddable":true,"href":"https:\/\/www.notibras.com\/site\/wp-json\/wp\/v2\/categories?post=21960"},{"taxonomy":"post_tag","embeddable":true,"href":"https:\/\/www.notibras.com\/site\/wp-json\/wp\/v2\/tags?post=21960"}],"curies":[{"name":"wp","href":"https:\/\/api.w.org\/{rel}","templated":true}]}}