{"id":21964,"date":"2014-09-10T22:12:16","date_gmt":"2014-09-11T01:12:16","guid":{"rendered":"http:\/\/www.notibras.com\/site\/?p=21964"},"modified":"2014-09-11T00:14:56","modified_gmt":"2014-09-11T03:14:56","slug":"sport-usa-lateral-artilheiro-e-derrota-santos-por-3-a-1","status":"publish","type":"post","link":"https:\/\/www.notibras.com\/site\/sport-usa-lateral-artilheiro-e-derrota-santos-por-3-a-1\/","title":{"rendered":"Sport usa lateral-artilheiro e derrota Santos por 3 a 1"},"content":{"rendered":"<p>O Sport deu um passo importante na busca pela t\u00e3o almejada vaga na Copa Libertadores da pr\u00f3xima temporada. Nesta quarta-feira, jogando na Arena Pernambuco, a equipe comandada por Eduardo Baptista viu o Santos marcar primeiro, mas virou a partida, venceu por 3\u00a0a 1 e conseguiu se aproximar do G-4 do Campeonato Brasileiro.<\/p>\n<p>Thiago Ribeiro fez para os visitantes, mas Patric garantiu o triunfo de sua equipe: com cacoete de atacante, o lateral direito fez os tr\u00eas gols do Sport e foi o nome do\u00a0duelo.<\/p>\n<p>Com o resultado, o Santos continua no meio da tabela da S\u00e9rie A, na 9\u00aa posi\u00e7\u00e3o, com os mesmos 26 pontos. J\u00e1 o Sport ganha algumas posi\u00e7\u00f5es e come\u00e7a a se aproximar do G-4 da competi\u00e7\u00e3o. Os pernambucanos aparecem em 7\u00ba, com 31 pontos, tr\u00eas atr\u00e1s da zona de classifica\u00e7\u00e3o da Copa Libertadores.<\/p>\n<p>Apesar do triunfo sobre o Vit\u00f3ria na \u00faltima rodada, Enderson Moreira mexeu na equipe. O t\u00e9cnico abriu m\u00e3o de um esquema com tr\u00eas atacantes e optou por mais um homem de meio-campo. Gabriel foi sacrificado, e Alan Santos come\u00e7ou jogando.<\/p>\n<p>O Santos foi melhor em quase toda etapa inicial. Mais organizado e com bons contra-ataques, a equipe chegou ao gol aos 24min. Thiago Ribeiro recebeu de Arouca na esquerda, se livrou de dois marcadores e bateu cruzado, sem chances para Magr\u00e3o. Aos 36min, por pouco, a equipe n\u00e3o aumentou. Thiago Ribeiro avan\u00e7ou pela direita e cruzou para Leandro Dami\u00e3o. O atacante cabeceou bem, no ch\u00e3o, mas o goleiro conseguiu fazer \u00f3tima defesa.<\/p>\n<p>No final do primeiro tempo o Sport melhorou, descontou e por pouco n\u00e3o virou o jogo. Aos 40min, Danilo cruzou da esquerda, Patric ganhou da zaga e, de cabe\u00e7a, estufou as redes do goleiro Aranha. O clube pernambucano come\u00e7ou esbo\u00e7ar uma press\u00e3o e assustou aos 47min. Ibson chegou a marcar, mas o \u00e1rbitro anulou o gol por impedimento do meia.<\/p>\n<blockquote><p>Na etapa final, Eduardo Baptista ousou, e acertou na altera\u00e7\u00e3o. O atacante \u00c9rico Junior n\u00e3o voltou dos vesti\u00e1rios e o treinador optou pela entrada de Vitor, lateral direito, liberando assim Patric, o outro jogador da mesma posi\u00e7\u00e3o. Aos 7min, Durval cruzou na \u00e1rea e Patric fez seu segundo no jogo. Seis minutos depois quase saiu o terceiro. O pr\u00f3prio Patric dominou de costas, girou e bateu no canto. Mas, dessa vez, Aranha conseguiu evitar o gol.<\/p><\/blockquote>\n<p class=\"text\">Atr\u00e1s da vit\u00f3ria, Enderson Moreira voltou para o esquema com tr\u00eas atacantes. O t\u00e9cnico tirou o volante Alan Santos e colocou Gabriel em campo. A altera\u00e7\u00e3o fez a equipe melhorar e crescer na partida. No entanto, quis o destino que o jovem garoto da base atrapalhasse o melhor momento da equipe santista.\u00a0Aos 26min, David Braz bateu cruzado, e a bola entraria. Mas Gabriel, em posi\u00e7\u00e3o irregular, acabou colocando o p\u00e9 na bola e atrapalhando o que seria o empate da equipe do litoral paulista. O atacante ainda marcaria um gol legal aos 37min, mas a arbitragem acabou anulando de forma equivocada.<\/p>\n<p class=\"text\">Desesperado pelo gol de empate, o Santos se lan\u00e7ava ao ataque, mas deixava muitos espa\u00e7os no sistema defensivo. Aos 46min, o Sport aproveitou e matou a partida. Patric carregou a bola, invadiu a \u00e1rea e acertou um belo chute, marcando seu terceiro gol na partida e dando n\u00fameros finais ao placar.<\/p>\n<p class=\"text\">Na pr\u00f3xima rodada, o Santos recebe o Coritiba, s\u00e1bado (13), \u00e0s 21h, na Vila Belmiro. J\u00e1 o Sport visita a Chapecoense, no mesmo dia, mas \u00e0s 18h30, na Arena Cond\u00e1, em Santa Catarina.<\/p>\n","protected":false},"excerpt":{"rendered":"<p>O Sport deu um passo importante na busca pela t\u00e3o almejada vaga na Copa Libertadores da pr\u00f3xima temporada. Nesta quarta-feira, jogando na Arena Pernambuco, a equipe comandada por Eduardo Baptista viu o Santos marcar primeiro, mas virou a partida, venceu por 3\u00a0a 1 e conseguiu se aproximar do G-4 do Campeonato Brasileiro. Thiago Ribeiro fez [&hellip;]<\/p>\n","protected":false},"author":2,"featured_media":21965,"comment_status":"open","ping_status":"closed","sticky":false,"template":"","format":"standard","meta":{"_acf_changed":false,"footnotes":""},"categories":[19,29],"tags":[],"class_list":["post-21964","post","type-post","status-publish","format-standard","has-post-thumbnail","hentry","category-esportes","category-futebol"],"acf":[],"yoast_head":"<!-- This site is optimized with the Yoast SEO plugin v27.2 - https:\/\/yoast.com\/product\/yoast-seo-wordpress\/ -->\n<title>Sport usa lateral-artilheiro e derrota Santos por 3 a 1 - Notibras<\/title>\n<meta name=\"robots\" content=\"index, follow, max-snippet:-1, max-image-preview:large, max-video-preview:-1\" \/>\n<link rel=\"canonical\" href=\"https:\/\/www.notibras.com\/site\/sport-usa-lateral-artilheiro-e-derrota-santos-por-3-a-1\/\" \/>\n<meta property=\"og:locale\" content=\"pt_BR\" \/>\n<meta property=\"og:type\" content=\"article\" \/>\n<meta property=\"og:title\" content=\"Sport usa lateral-artilheiro e derrota Santos por 3 a 1 - Notibras\" \/>\n<meta property=\"og:description\" content=\"O Sport deu um passo importante na busca pela t\u00e3o almejada vaga na Copa Libertadores da pr\u00f3xima temporada. Nesta quarta-feira, jogando na Arena Pernambuco, a equipe comandada por Eduardo Baptista viu o Santos marcar primeiro, mas virou a partida, venceu por 3\u00a0a 1 e conseguiu se aproximar do G-4 do Campeonato Brasileiro. Thiago Ribeiro fez [&hellip;]\" \/>\n<meta property=\"og:url\" content=\"https:\/\/www.notibras.com\/site\/sport-usa-lateral-artilheiro-e-derrota-santos-por-3-a-1\/\" \/>\n<meta property=\"og:site_name\" content=\"Notibras\" \/>\n<meta property=\"article:publisher\" content=\"https:\/\/www.facebook.com\/notibras\/\" \/>\n<meta property=\"article:published_time\" content=\"2014-09-11T01:12:16+00:00\" \/>\n<meta property=\"article:modified_time\" content=\"2014-09-11T03:14:56+00:00\" \/>\n<meta property=\"og:image\" content=\"https:\/\/www.notibras.com\/site\/wp-content\/uploads\/2014\/09\/es2.jpg\" \/>\n\t<meta property=\"og:image:width\" content=\"460\" \/>\n\t<meta property=\"og:image:height\" content=\"340\" \/>\n\t<meta property=\"og:image:type\" content=\"image\/jpeg\" \/>\n<meta name=\"author\" content=\"Reda\u00e7\u00e3o\" \/>\n<meta name=\"twitter:card\" content=\"summary_large_image\" \/>\n<meta name=\"twitter:creator\" content=\"@Notibras\" \/>\n<meta name=\"twitter:site\" content=\"@Notibras\" \/>\n<meta name=\"twitter:label1\" content=\"Escrito por\" \/>\n\t<meta name=\"twitter:data1\" content=\"Reda\u00e7\u00e3o\" \/>\n\t<meta name=\"twitter:label2\" content=\"Est. tempo de leitura\" \/>\n\t<meta name=\"twitter:data2\" content=\"3 minutos\" \/>\n<script type=\"application\/ld+json\" class=\"yoast-schema-graph\">{\"@context\":\"https:\/\/schema.org\",\"@graph\":[{\"@type\":\"Article\",\"@id\":\"https:\/\/www.notibras.com\/site\/sport-usa-lateral-artilheiro-e-derrota-santos-por-3-a-1\/#article\",\"isPartOf\":{\"@id\":\"https:\/\/www.notibras.com\/site\/sport-usa-lateral-artilheiro-e-derrota-santos-por-3-a-1\/\"},\"author\":{\"name\":\"Reda\u00e7\u00e3o\",\"@id\":\"https:\/\/www.notibras.com\/site\/#\/schema\/person\/36ab0979449956132d3e5b517ea76ac8\"},\"headline\":\"Sport usa lateral-artilheiro e derrota Santos por 3 a 1\",\"datePublished\":\"2014-09-11T01:12:16+00:00\",\"dateModified\":\"2014-09-11T03:14:56+00:00\",\"mainEntityOfPage\":{\"@id\":\"https:\/\/www.notibras.com\/site\/sport-usa-lateral-artilheiro-e-derrota-santos-por-3-a-1\/\"},\"wordCount\":616,\"commentCount\":0,\"publisher\":{\"@id\":\"https:\/\/www.notibras.com\/site\/#organization\"},\"image\":{\"@id\":\"https:\/\/www.notibras.com\/site\/sport-usa-lateral-artilheiro-e-derrota-santos-por-3-a-1\/#primaryimage\"},\"thumbnailUrl\":\"https:\/\/www.notibras.com\/site\/wp-content\/uploads\/2014\/09\/es2.jpg\",\"articleSection\":[\"Esportes\",\"Futebol\"],\"inLanguage\":\"pt-BR\",\"potentialAction\":[{\"@type\":\"CommentAction\",\"name\":\"Comment\",\"target\":[\"https:\/\/www.notibras.com\/site\/sport-usa-lateral-artilheiro-e-derrota-santos-por-3-a-1\/#respond\"]}]},{\"@type\":\"WebPage\",\"@id\":\"https:\/\/www.notibras.com\/site\/sport-usa-lateral-artilheiro-e-derrota-santos-por-3-a-1\/\",\"url\":\"https:\/\/www.notibras.com\/site\/sport-usa-lateral-artilheiro-e-derrota-santos-por-3-a-1\/\",\"name\":\"Sport usa lateral-artilheiro e derrota Santos por 3 a 1 - Notibras\",\"isPartOf\":{\"@id\":\"https:\/\/www.notibras.com\/site\/#website\"},\"primaryImageOfPage\":{\"@id\":\"https:\/\/www.notibras.com\/site\/sport-usa-lateral-artilheiro-e-derrota-santos-por-3-a-1\/#primaryimage\"},\"image\":{\"@id\":\"https:\/\/www.notibras.com\/site\/sport-usa-lateral-artilheiro-e-derrota-santos-por-3-a-1\/#primaryimage\"},\"thumbnailUrl\":\"https:\/\/www.notibras.com\/site\/wp-content\/uploads\/2014\/09\/es2.jpg\",\"datePublished\":\"2014-09-11T01:12:16+00:00\",\"dateModified\":\"2014-09-11T03:14:56+00:00\",\"breadcrumb\":{\"@id\":\"https:\/\/www.notibras.com\/site\/sport-usa-lateral-artilheiro-e-derrota-santos-por-3-a-1\/#breadcrumb\"},\"inLanguage\":\"pt-BR\",\"potentialAction\":[{\"@type\":\"ReadAction\",\"target\":[\"https:\/\/www.notibras.com\/site\/sport-usa-lateral-artilheiro-e-derrota-santos-por-3-a-1\/\"]}]},{\"@type\":\"ImageObject\",\"inLanguage\":\"pt-BR\",\"@id\":\"https:\/\/www.notibras.com\/site\/sport-usa-lateral-artilheiro-e-derrota-santos-por-3-a-1\/#primaryimage\",\"url\":\"https:\/\/www.notibras.com\/site\/wp-content\/uploads\/2014\/09\/es2.jpg\",\"contentUrl\":\"https:\/\/www.notibras.com\/site\/wp-content\/uploads\/2014\/09\/es2.jpg\",\"width\":460,\"height\":340},{\"@type\":\"BreadcrumbList\",\"@id\":\"https:\/\/www.notibras.com\/site\/sport-usa-lateral-artilheiro-e-derrota-santos-por-3-a-1\/#breadcrumb\",\"itemListElement\":[{\"@type\":\"ListItem\",\"position\":1,\"name\":\"In\u00edcio\",\"item\":\"https:\/\/www.notibras.com\/site\/\"},{\"@type\":\"ListItem\",\"position\":2,\"name\":\"Sport usa lateral-artilheiro e derrota Santos por 3 a 1\"}]},{\"@type\":\"WebSite\",\"@id\":\"https:\/\/www.notibras.com\/site\/#website\",\"url\":\"https:\/\/www.notibras.com\/site\/\",\"name\":\"Notibras\",\"description\":\"Not\u00edcias de Bras\u00edlia, do Brasil e do Mundo\",\"publisher\":{\"@id\":\"https:\/\/www.notibras.com\/site\/#organization\"},\"potentialAction\":[{\"@type\":\"SearchAction\",\"target\":{\"@type\":\"EntryPoint\",\"urlTemplate\":\"https:\/\/www.notibras.com\/site\/?s={search_term_string}\"},\"query-input\":{\"@type\":\"PropertyValueSpecification\",\"valueRequired\":true,\"valueName\":\"search_term_string\"}}],\"inLanguage\":\"pt-BR\"},{\"@type\":\"Organization\",\"@id\":\"https:\/\/www.notibras.com\/site\/#organization\",\"name\":\"Grupo Notibras de Comunica\u00e7\u00e3o\",\"url\":\"https:\/\/www.notibras.com\/site\/\",\"logo\":{\"@type\":\"ImageObject\",\"inLanguage\":\"pt-BR\",\"@id\":\"https:\/\/www.notibras.com\/site\/#\/schema\/logo\/image\/\",\"url\":\"https:\/\/www.notibras.com\/site\/wp-content\/uploads\/2023\/01\/notibras23.png\",\"contentUrl\":\"https:\/\/www.notibras.com\/site\/wp-content\/uploads\/2023\/01\/notibras23.png\",\"width\":350,\"height\":87,\"caption\":\"Grupo Notibras de Comunica\u00e7\u00e3o\"},\"image\":{\"@id\":\"https:\/\/www.notibras.com\/site\/#\/schema\/logo\/image\/\"},\"sameAs\":[\"https:\/\/www.facebook.com\/notibras\/\",\"https:\/\/x.com\/Notibras\",\"https:\/\/www.instagram.com\/notibras\/\"]},{\"@type\":\"Person\",\"@id\":\"https:\/\/www.notibras.com\/site\/#\/schema\/person\/36ab0979449956132d3e5b517ea76ac8\",\"name\":\"Reda\u00e7\u00e3o\",\"image\":{\"@type\":\"ImageObject\",\"inLanguage\":\"pt-BR\",\"@id\":\"https:\/\/secure.gravatar.com\/avatar\/e0a867bdedb85fd243eadf09663511f96fc81e0720a4a42581f334ad4303aa6b?s=96&d=mm&r=g\",\"url\":\"https:\/\/secure.gravatar.com\/avatar\/e0a867bdedb85fd243eadf09663511f96fc81e0720a4a42581f334ad4303aa6b?s=96&d=mm&r=g\",\"contentUrl\":\"https:\/\/secure.gravatar.com\/avatar\/e0a867bdedb85fd243eadf09663511f96fc81e0720a4a42581f334ad4303aa6b?s=96&d=mm&r=g\",\"caption\":\"Reda\u00e7\u00e3o\"}}]}<\/script>\n<!-- \/ Yoast SEO plugin. -->","yoast_head_json":{"title":"Sport usa lateral-artilheiro e derrota Santos por 3 a 1 - Notibras","robots":{"index":"index","follow":"follow","max-snippet":"max-snippet:-1","max-image-preview":"max-image-preview:large","max-video-preview":"max-video-preview:-1"},"canonical":"https:\/\/www.notibras.com\/site\/sport-usa-lateral-artilheiro-e-derrota-santos-por-3-a-1\/","og_locale":"pt_BR","og_type":"article","og_title":"Sport usa lateral-artilheiro e derrota Santos por 3 a 1 - Notibras","og_description":"O Sport deu um passo importante na busca pela t\u00e3o almejada vaga na Copa Libertadores da pr\u00f3xima temporada. Nesta quarta-feira, jogando na Arena Pernambuco, a equipe comandada por Eduardo Baptista viu o Santos marcar primeiro, mas virou a partida, venceu por 3\u00a0a 1 e conseguiu se aproximar do G-4 do Campeonato Brasileiro. Thiago Ribeiro fez [&hellip;]","og_url":"https:\/\/www.notibras.com\/site\/sport-usa-lateral-artilheiro-e-derrota-santos-por-3-a-1\/","og_site_name":"Notibras","article_publisher":"https:\/\/www.facebook.com\/notibras\/","article_published_time":"2014-09-11T01:12:16+00:00","article_modified_time":"2014-09-11T03:14:56+00:00","og_image":[{"width":460,"height":340,"url":"https:\/\/www.notibras.com\/site\/wp-content\/uploads\/2014\/09\/es2.jpg","type":"image\/jpeg"}],"author":"Reda\u00e7\u00e3o","twitter_card":"summary_large_image","twitter_creator":"@Notibras","twitter_site":"@Notibras","twitter_misc":{"Escrito por":"Reda\u00e7\u00e3o","Est. tempo de leitura":"3 minutos"},"schema":{"@context":"https:\/\/schema.org","@graph":[{"@type":"Article","@id":"https:\/\/www.notibras.com\/site\/sport-usa-lateral-artilheiro-e-derrota-santos-por-3-a-1\/#article","isPartOf":{"@id":"https:\/\/www.notibras.com\/site\/sport-usa-lateral-artilheiro-e-derrota-santos-por-3-a-1\/"},"author":{"name":"Reda\u00e7\u00e3o","@id":"https:\/\/www.notibras.com\/site\/#\/schema\/person\/36ab0979449956132d3e5b517ea76ac8"},"headline":"Sport usa lateral-artilheiro e derrota Santos por 3 a 1","datePublished":"2014-09-11T01:12:16+00:00","dateModified":"2014-09-11T03:14:56+00:00","mainEntityOfPage":{"@id":"https:\/\/www.notibras.com\/site\/sport-usa-lateral-artilheiro-e-derrota-santos-por-3-a-1\/"},"wordCount":616,"commentCount":0,"publisher":{"@id":"https:\/\/www.notibras.com\/site\/#organization"},"image":{"@id":"https:\/\/www.notibras.com\/site\/sport-usa-lateral-artilheiro-e-derrota-santos-por-3-a-1\/#primaryimage"},"thumbnailUrl":"https:\/\/www.notibras.com\/site\/wp-content\/uploads\/2014\/09\/es2.jpg","articleSection":["Esportes","Futebol"],"inLanguage":"pt-BR","potentialAction":[{"@type":"CommentAction","name":"Comment","target":["https:\/\/www.notibras.com\/site\/sport-usa-lateral-artilheiro-e-derrota-santos-por-3-a-1\/#respond"]}]},{"@type":"WebPage","@id":"https:\/\/www.notibras.com\/site\/sport-usa-lateral-artilheiro-e-derrota-santos-por-3-a-1\/","url":"https:\/\/www.notibras.com\/site\/sport-usa-lateral-artilheiro-e-derrota-santos-por-3-a-1\/","name":"Sport usa lateral-artilheiro e derrota Santos por 3 a 1 - Notibras","isPartOf":{"@id":"https:\/\/www.notibras.com\/site\/#website"},"primaryImageOfPage":{"@id":"https:\/\/www.notibras.com\/site\/sport-usa-lateral-artilheiro-e-derrota-santos-por-3-a-1\/#primaryimage"},"image":{"@id":"https:\/\/www.notibras.com\/site\/sport-usa-lateral-artilheiro-e-derrota-santos-por-3-a-1\/#primaryimage"},"thumbnailUrl":"https:\/\/www.notibras.com\/site\/wp-content\/uploads\/2014\/09\/es2.jpg","datePublished":"2014-09-11T01:12:16+00:00","dateModified":"2014-09-11T03:14:56+00:00","breadcrumb":{"@id":"https:\/\/www.notibras.com\/site\/sport-usa-lateral-artilheiro-e-derrota-santos-por-3-a-1\/#breadcrumb"},"inLanguage":"pt-BR","potentialAction":[{"@type":"ReadAction","target":["https:\/\/www.notibras.com\/site\/sport-usa-lateral-artilheiro-e-derrota-santos-por-3-a-1\/"]}]},{"@type":"ImageObject","inLanguage":"pt-BR","@id":"https:\/\/www.notibras.com\/site\/sport-usa-lateral-artilheiro-e-derrota-santos-por-3-a-1\/#primaryimage","url":"https:\/\/www.notibras.com\/site\/wp-content\/uploads\/2014\/09\/es2.jpg","contentUrl":"https:\/\/www.notibras.com\/site\/wp-content\/uploads\/2014\/09\/es2.jpg","width":460,"height":340},{"@type":"BreadcrumbList","@id":"https:\/\/www.notibras.com\/site\/sport-usa-lateral-artilheiro-e-derrota-santos-por-3-a-1\/#breadcrumb","itemListElement":[{"@type":"ListItem","position":1,"name":"In\u00edcio","item":"https:\/\/www.notibras.com\/site\/"},{"@type":"ListItem","position":2,"name":"Sport usa lateral-artilheiro e derrota Santos por 3 a 1"}]},{"@type":"WebSite","@id":"https:\/\/www.notibras.com\/site\/#website","url":"https:\/\/www.notibras.com\/site\/","name":"Notibras","description":"Not\u00edcias de Bras\u00edlia, do Brasil e do Mundo","publisher":{"@id":"https:\/\/www.notibras.com\/site\/#organization"},"potentialAction":[{"@type":"SearchAction","target":{"@type":"EntryPoint","urlTemplate":"https:\/\/www.notibras.com\/site\/?s={search_term_string}"},"query-input":{"@type":"PropertyValueSpecification","valueRequired":true,"valueName":"search_term_string"}}],"inLanguage":"pt-BR"},{"@type":"Organization","@id":"https:\/\/www.notibras.com\/site\/#organization","name":"Grupo Notibras de Comunica\u00e7\u00e3o","url":"https:\/\/www.notibras.com\/site\/","logo":{"@type":"ImageObject","inLanguage":"pt-BR","@id":"https:\/\/www.notibras.com\/site\/#\/schema\/logo\/image\/","url":"https:\/\/www.notibras.com\/site\/wp-content\/uploads\/2023\/01\/notibras23.png","contentUrl":"https:\/\/www.notibras.com\/site\/wp-content\/uploads\/2023\/01\/notibras23.png","width":350,"height":87,"caption":"Grupo Notibras de Comunica\u00e7\u00e3o"},"image":{"@id":"https:\/\/www.notibras.com\/site\/#\/schema\/logo\/image\/"},"sameAs":["https:\/\/www.facebook.com\/notibras\/","https:\/\/x.com\/Notibras","https:\/\/www.instagram.com\/notibras\/"]},{"@type":"Person","@id":"https:\/\/www.notibras.com\/site\/#\/schema\/person\/36ab0979449956132d3e5b517ea76ac8","name":"Reda\u00e7\u00e3o","image":{"@type":"ImageObject","inLanguage":"pt-BR","@id":"https:\/\/secure.gravatar.com\/avatar\/e0a867bdedb85fd243eadf09663511f96fc81e0720a4a42581f334ad4303aa6b?s=96&d=mm&r=g","url":"https:\/\/secure.gravatar.com\/avatar\/e0a867bdedb85fd243eadf09663511f96fc81e0720a4a42581f334ad4303aa6b?s=96&d=mm&r=g","contentUrl":"https:\/\/secure.gravatar.com\/avatar\/e0a867bdedb85fd243eadf09663511f96fc81e0720a4a42581f334ad4303aa6b?s=96&d=mm&r=g","caption":"Reda\u00e7\u00e3o"}}]}},"amp_enabled":true,"_links":{"self":[{"href":"https:\/\/www.notibras.com\/site\/wp-json\/wp\/v2\/posts\/21964","targetHints":{"allow":["GET"]}}],"collection":[{"href":"https:\/\/www.notibras.com\/site\/wp-json\/wp\/v2\/posts"}],"about":[{"href":"https:\/\/www.notibras.com\/site\/wp-json\/wp\/v2\/types\/post"}],"author":[{"embeddable":true,"href":"https:\/\/www.notibras.com\/site\/wp-json\/wp\/v2\/users\/2"}],"replies":[{"embeddable":true,"href":"https:\/\/www.notibras.com\/site\/wp-json\/wp\/v2\/comments?post=21964"}],"version-history":[{"count":0,"href":"https:\/\/www.notibras.com\/site\/wp-json\/wp\/v2\/posts\/21964\/revisions"}],"wp:featuredmedia":[{"embeddable":true,"href":"https:\/\/www.notibras.com\/site\/wp-json\/wp\/v2\/media\/21965"}],"wp:attachment":[{"href":"https:\/\/www.notibras.com\/site\/wp-json\/wp\/v2\/media?parent=21964"}],"wp:term":[{"taxonomy":"category","embeddable":true,"href":"https:\/\/www.notibras.com\/site\/wp-json\/wp\/v2\/categories?post=21964"},{"taxonomy":"post_tag","embeddable":true,"href":"https:\/\/www.notibras.com\/site\/wp-json\/wp\/v2\/tags?post=21964"}],"curies":[{"name":"wp","href":"https:\/\/api.w.org\/{rel}","templated":true}]}}