{"id":21970,"date":"2014-09-10T21:22:02","date_gmt":"2014-09-11T00:22:02","guid":{"rendered":"http:\/\/www.notibras.com\/site\/?p=21970"},"modified":"2014-09-11T00:25:34","modified_gmt":"2014-09-11T03:25:34","slug":"vitoria-vence-inter-por-2-a-0-e-deixa-lanterna-com-o-bahia","status":"publish","type":"post","link":"https:\/\/www.notibras.com\/site\/vitoria-vence-inter-por-2-a-0-e-deixa-lanterna-com-o-bahia\/","title":{"rendered":"Vit\u00f3ria vence Inter por 2 a 0 e deixa lanterna com o Bahia"},"content":{"rendered":"<p>Na noite desta quarta-feira foi especial para o torcedor do Vit\u00f3ria. Afinal, a equipe n\u00e3o apenas venceu o Internacional, um dos principais times do campeonato, como tamb\u00e9m deixou a lanterna do Brasileir\u00e3o para o rival Bahia, que joga nesta quinta-feira com o Cruzeiro. Os gols do triunfo por 2 a 0 foram de Richarlyson e Marcinho.<\/p>\n<p>O Vit\u00f3ria saiu ganhando cedo em um gola\u00e7o de Richarlyson. No entanto, a equipe baiana recuou e permitiu a press\u00e3o do Inter, que esteve muito perto de marcar durante todo o primeiro tempo. Na etapa final, os baianos ampliaram a vantagem novamente no come\u00e7o, e a\u00ed o Colorado desabou de vez, tendo mais uma p\u00e9ssima atua\u00e7\u00e3o dentro do Brasileir\u00e3o.<\/p>\n<blockquote><p>A derrota \u00e9 a quarta do Internacional nas \u00faltimas cinco rodadas. A equipe ga\u00facha segue em 3\u00ba lugar, com 34 pontos, mas pode perder a posi\u00e7\u00e3o para o Corinthians nesta quinta e, al\u00e9m disso, ficar distante 12 pontos do l\u00edder Cruzeiro. O Vit\u00f3ria, 18\u00ba colocado, com 18 pontos, jogar\u00e1 neste domingo contra o Atl\u00e9tico-PR, em Curitiba J\u00e1 o Inter, no mesmo dia, receber\u00e1 o Botafogo, no Beira-Rio.<\/p><\/blockquote>\n<p>O jogo &#8211; O Internacional come\u00e7ou propondo o jogo, disposto a encerrar com a s\u00e9rie de maus resultados. Aos tr\u00eas minutos, D\u2019Alessandro bateu falta, Gilberto desviou com perigo, mas Fern\u00e1ndez tirou de tapinha. Quatro minutos depois, por\u00e9m, o banho gelado no Colorado: Richarlyson bateu falta lateral fechado demais e acabou surpreendendo Dida, mal posicionado no lance. Vit\u00f3ria 1 a 0.<\/p>\n<p>O time baiano perdeu Neto Coruja por les\u00e3o muscular logo aos 14 minutos de jogo. Adriano entrou em seu lugar. O Inter passou a crescer no jogo em busca do empate. Aos 25, Eduardo Sasha apanhou rebote e chutou, mas a bola bateu em Luiz Gustavo e saiu. A seguir, Wellington Paulista, titular no lugar de Rafael Moura, chutou de fora da \u00e1rea e Fern\u00e1ndez quase engoliu um frango. Aos 31, Ernando tentou de voleio ap\u00f3s escanteio e mandou pela linha de fundo.<\/p>\n<p>Aos 32, um lance pol\u00eamico: ap\u00f3s cruzamento da esquerda, Gilberto tentou acionar Wellington Paulista na \u00e1rea, mas o centroavante foi travado pela zaga na hora de concluir. Os jogadores do Internacional reclamaram p\u00eanalti, n\u00e3o marcado pela arbitragem. Aos 35, o centroavante colorado chutou em cima da zaga ap\u00f3s cruzamento de Fabr\u00edcio.<\/p>\n<p>Passada a press\u00e3o, o Vit\u00f3ria teve duas boas chegadas antes do intervalo. Aos 40, a bola cruzou toda a \u00e1rea colorada ap\u00f3s escanteio e saiu, com muito perigo. Nos acr\u00e9scimos, Marcinho cobrou falta pr\u00f3xima \u00e0 trave esquerda de Dida. E o panorama do come\u00e7o do segundo tempo foi id\u00eantico ao do fim do primeiro: o Inter sem chegar e sofrendo com as estocadas do time baiano.<\/p>\n<p>Aos nove minutos, ap\u00f3s cruzamento da esquerda, a zaga colorada se atrapalhou, Dinei n\u00e3o percebeu a bola ao seu lado e demorou a concluir, permitindo a sa\u00edda de Dida. Dois minutos depois, o time baiano ampliou, com Marcinho marcando de cabe\u00e7a, ganhando pelo alto da zaga ga\u00facha. Aos 15, Kadu quase marcou o terceiro, tamb\u00e9m de cabe\u00e7a. A bola passou muito perto.<\/p>\n<p>A partir da\u00ed, o jogo caiu muito de ritmo. O Inter esbo\u00e7ou uma press\u00e3o, mas jamais esteve perto de descontar. O melhor que conseguiu foi uma falta batida por D\u2019Alessandro por cima, aos 35. O Vit\u00f3ria respondeu aos 39: C\u00e1ceres entortou Alan Patrick e cruzou para Marcinho, que tocou de letra na rede pelo lado de fora. No minuto seguinte, foi a vez de o time baiano reclamar um p\u00eanalti, j\u00e1 que D\u2019Alessandro derrubou C\u00e1ceres dentro da \u00e1rea, mas o \u00e1rbitro P\u00e9ricles Cortez marcou falta fora dela. Aos 46, Vald\u00edvia ainda perdeu grande chance de descontar, na marca do p\u00eanalti, mandando por cima.<\/p>\n","protected":false},"excerpt":{"rendered":"<p>Na noite desta quarta-feira foi especial para o torcedor do Vit\u00f3ria. Afinal, a equipe n\u00e3o apenas venceu o Internacional, um dos principais times do campeonato, como tamb\u00e9m deixou a lanterna do Brasileir\u00e3o para o rival Bahia, que joga nesta quinta-feira com o Cruzeiro. Os gols do triunfo por 2 a 0 foram de Richarlyson e [&hellip;]<\/p>\n","protected":false},"author":2,"featured_media":21971,"comment_status":"open","ping_status":"closed","sticky":false,"template":"","format":"standard","meta":{"_acf_changed":false,"footnotes":""},"categories":[19,29],"tags":[],"class_list":["post-21970","post","type-post","status-publish","format-standard","has-post-thumbnail","hentry","category-esportes","category-futebol"],"acf":[],"yoast_head":"<!-- This site is optimized with the Yoast SEO plugin v27.2 - https:\/\/yoast.com\/product\/yoast-seo-wordpress\/ -->\n<title>Vit\u00f3ria vence Inter por 2 a 0 e deixa lanterna com o Bahia - Notibras<\/title>\n<meta name=\"robots\" content=\"index, follow, max-snippet:-1, max-image-preview:large, max-video-preview:-1\" \/>\n<link rel=\"canonical\" href=\"https:\/\/www.notibras.com\/site\/vitoria-vence-inter-por-2-a-0-e-deixa-lanterna-com-o-bahia\/\" \/>\n<meta property=\"og:locale\" content=\"pt_BR\" \/>\n<meta property=\"og:type\" content=\"article\" \/>\n<meta property=\"og:title\" content=\"Vit\u00f3ria vence Inter por 2 a 0 e deixa lanterna com o Bahia - Notibras\" \/>\n<meta property=\"og:description\" content=\"Na noite desta quarta-feira foi especial para o torcedor do Vit\u00f3ria. Afinal, a equipe n\u00e3o apenas venceu o Internacional, um dos principais times do campeonato, como tamb\u00e9m deixou a lanterna do Brasileir\u00e3o para o rival Bahia, que joga nesta quinta-feira com o Cruzeiro. Os gols do triunfo por 2 a 0 foram de Richarlyson e [&hellip;]\" \/>\n<meta property=\"og:url\" content=\"https:\/\/www.notibras.com\/site\/vitoria-vence-inter-por-2-a-0-e-deixa-lanterna-com-o-bahia\/\" \/>\n<meta property=\"og:site_name\" content=\"Notibras\" \/>\n<meta property=\"article:publisher\" content=\"https:\/\/www.facebook.com\/notibras\/\" \/>\n<meta property=\"article:published_time\" content=\"2014-09-11T00:22:02+00:00\" \/>\n<meta property=\"article:modified_time\" content=\"2014-09-11T03:25:34+00:00\" \/>\n<meta property=\"og:image\" content=\"https:\/\/www.notibras.com\/site\/wp-content\/uploads\/2014\/09\/es4.jpg\" \/>\n\t<meta property=\"og:image:width\" content=\"640\" \/>\n\t<meta property=\"og:image:height\" content=\"465\" \/>\n\t<meta property=\"og:image:type\" content=\"image\/jpeg\" \/>\n<meta name=\"author\" content=\"Reda\u00e7\u00e3o\" \/>\n<meta name=\"twitter:card\" content=\"summary_large_image\" \/>\n<meta name=\"twitter:creator\" content=\"@Notibras\" \/>\n<meta name=\"twitter:site\" content=\"@Notibras\" \/>\n<meta name=\"twitter:label1\" content=\"Escrito por\" \/>\n\t<meta name=\"twitter:data1\" content=\"Reda\u00e7\u00e3o\" \/>\n\t<meta name=\"twitter:label2\" content=\"Est. tempo de leitura\" \/>\n\t<meta name=\"twitter:data2\" content=\"3 minutos\" \/>\n<script type=\"application\/ld+json\" class=\"yoast-schema-graph\">{\"@context\":\"https:\/\/schema.org\",\"@graph\":[{\"@type\":\"Article\",\"@id\":\"https:\/\/www.notibras.com\/site\/vitoria-vence-inter-por-2-a-0-e-deixa-lanterna-com-o-bahia\/#article\",\"isPartOf\":{\"@id\":\"https:\/\/www.notibras.com\/site\/vitoria-vence-inter-por-2-a-0-e-deixa-lanterna-com-o-bahia\/\"},\"author\":{\"name\":\"Reda\u00e7\u00e3o\",\"@id\":\"https:\/\/www.notibras.com\/site\/#\/schema\/person\/36ab0979449956132d3e5b517ea76ac8\"},\"headline\":\"Vit\u00f3ria vence Inter por 2 a 0 e deixa lanterna com o Bahia\",\"datePublished\":\"2014-09-11T00:22:02+00:00\",\"dateModified\":\"2014-09-11T03:25:34+00:00\",\"mainEntityOfPage\":{\"@id\":\"https:\/\/www.notibras.com\/site\/vitoria-vence-inter-por-2-a-0-e-deixa-lanterna-com-o-bahia\/\"},\"wordCount\":656,\"commentCount\":0,\"publisher\":{\"@id\":\"https:\/\/www.notibras.com\/site\/#organization\"},\"image\":{\"@id\":\"https:\/\/www.notibras.com\/site\/vitoria-vence-inter-por-2-a-0-e-deixa-lanterna-com-o-bahia\/#primaryimage\"},\"thumbnailUrl\":\"https:\/\/www.notibras.com\/site\/wp-content\/uploads\/2014\/09\/es4.jpg\",\"articleSection\":[\"Esportes\",\"Futebol\"],\"inLanguage\":\"pt-BR\",\"potentialAction\":[{\"@type\":\"CommentAction\",\"name\":\"Comment\",\"target\":[\"https:\/\/www.notibras.com\/site\/vitoria-vence-inter-por-2-a-0-e-deixa-lanterna-com-o-bahia\/#respond\"]}]},{\"@type\":\"WebPage\",\"@id\":\"https:\/\/www.notibras.com\/site\/vitoria-vence-inter-por-2-a-0-e-deixa-lanterna-com-o-bahia\/\",\"url\":\"https:\/\/www.notibras.com\/site\/vitoria-vence-inter-por-2-a-0-e-deixa-lanterna-com-o-bahia\/\",\"name\":\"Vit\u00f3ria vence Inter por 2 a 0 e deixa lanterna com o Bahia - Notibras\",\"isPartOf\":{\"@id\":\"https:\/\/www.notibras.com\/site\/#website\"},\"primaryImageOfPage\":{\"@id\":\"https:\/\/www.notibras.com\/site\/vitoria-vence-inter-por-2-a-0-e-deixa-lanterna-com-o-bahia\/#primaryimage\"},\"image\":{\"@id\":\"https:\/\/www.notibras.com\/site\/vitoria-vence-inter-por-2-a-0-e-deixa-lanterna-com-o-bahia\/#primaryimage\"},\"thumbnailUrl\":\"https:\/\/www.notibras.com\/site\/wp-content\/uploads\/2014\/09\/es4.jpg\",\"datePublished\":\"2014-09-11T00:22:02+00:00\",\"dateModified\":\"2014-09-11T03:25:34+00:00\",\"breadcrumb\":{\"@id\":\"https:\/\/www.notibras.com\/site\/vitoria-vence-inter-por-2-a-0-e-deixa-lanterna-com-o-bahia\/#breadcrumb\"},\"inLanguage\":\"pt-BR\",\"potentialAction\":[{\"@type\":\"ReadAction\",\"target\":[\"https:\/\/www.notibras.com\/site\/vitoria-vence-inter-por-2-a-0-e-deixa-lanterna-com-o-bahia\/\"]}]},{\"@type\":\"ImageObject\",\"inLanguage\":\"pt-BR\",\"@id\":\"https:\/\/www.notibras.com\/site\/vitoria-vence-inter-por-2-a-0-e-deixa-lanterna-com-o-bahia\/#primaryimage\",\"url\":\"https:\/\/www.notibras.com\/site\/wp-content\/uploads\/2014\/09\/es4.jpg\",\"contentUrl\":\"https:\/\/www.notibras.com\/site\/wp-content\/uploads\/2014\/09\/es4.jpg\",\"width\":640,\"height\":465},{\"@type\":\"BreadcrumbList\",\"@id\":\"https:\/\/www.notibras.com\/site\/vitoria-vence-inter-por-2-a-0-e-deixa-lanterna-com-o-bahia\/#breadcrumb\",\"itemListElement\":[{\"@type\":\"ListItem\",\"position\":1,\"name\":\"In\u00edcio\",\"item\":\"https:\/\/www.notibras.com\/site\/\"},{\"@type\":\"ListItem\",\"position\":2,\"name\":\"Vit\u00f3ria vence Inter por 2 a 0 e deixa lanterna com o Bahia\"}]},{\"@type\":\"WebSite\",\"@id\":\"https:\/\/www.notibras.com\/site\/#website\",\"url\":\"https:\/\/www.notibras.com\/site\/\",\"name\":\"Notibras\",\"description\":\"Not\u00edcias de Bras\u00edlia, do Brasil e do Mundo\",\"publisher\":{\"@id\":\"https:\/\/www.notibras.com\/site\/#organization\"},\"potentialAction\":[{\"@type\":\"SearchAction\",\"target\":{\"@type\":\"EntryPoint\",\"urlTemplate\":\"https:\/\/www.notibras.com\/site\/?s={search_term_string}\"},\"query-input\":{\"@type\":\"PropertyValueSpecification\",\"valueRequired\":true,\"valueName\":\"search_term_string\"}}],\"inLanguage\":\"pt-BR\"},{\"@type\":\"Organization\",\"@id\":\"https:\/\/www.notibras.com\/site\/#organization\",\"name\":\"Grupo Notibras de Comunica\u00e7\u00e3o\",\"url\":\"https:\/\/www.notibras.com\/site\/\",\"logo\":{\"@type\":\"ImageObject\",\"inLanguage\":\"pt-BR\",\"@id\":\"https:\/\/www.notibras.com\/site\/#\/schema\/logo\/image\/\",\"url\":\"https:\/\/www.notibras.com\/site\/wp-content\/uploads\/2023\/01\/notibras23.png\",\"contentUrl\":\"https:\/\/www.notibras.com\/site\/wp-content\/uploads\/2023\/01\/notibras23.png\",\"width\":350,\"height\":87,\"caption\":\"Grupo Notibras de Comunica\u00e7\u00e3o\"},\"image\":{\"@id\":\"https:\/\/www.notibras.com\/site\/#\/schema\/logo\/image\/\"},\"sameAs\":[\"https:\/\/www.facebook.com\/notibras\/\",\"https:\/\/x.com\/Notibras\",\"https:\/\/www.instagram.com\/notibras\/\"]},{\"@type\":\"Person\",\"@id\":\"https:\/\/www.notibras.com\/site\/#\/schema\/person\/36ab0979449956132d3e5b517ea76ac8\",\"name\":\"Reda\u00e7\u00e3o\",\"image\":{\"@type\":\"ImageObject\",\"inLanguage\":\"pt-BR\",\"@id\":\"https:\/\/secure.gravatar.com\/avatar\/e0a867bdedb85fd243eadf09663511f96fc81e0720a4a42581f334ad4303aa6b?s=96&d=mm&r=g\",\"url\":\"https:\/\/secure.gravatar.com\/avatar\/e0a867bdedb85fd243eadf09663511f96fc81e0720a4a42581f334ad4303aa6b?s=96&d=mm&r=g\",\"contentUrl\":\"https:\/\/secure.gravatar.com\/avatar\/e0a867bdedb85fd243eadf09663511f96fc81e0720a4a42581f334ad4303aa6b?s=96&d=mm&r=g\",\"caption\":\"Reda\u00e7\u00e3o\"}}]}<\/script>\n<!-- \/ Yoast SEO plugin. -->","yoast_head_json":{"title":"Vit\u00f3ria vence Inter por 2 a 0 e deixa lanterna com o Bahia - Notibras","robots":{"index":"index","follow":"follow","max-snippet":"max-snippet:-1","max-image-preview":"max-image-preview:large","max-video-preview":"max-video-preview:-1"},"canonical":"https:\/\/www.notibras.com\/site\/vitoria-vence-inter-por-2-a-0-e-deixa-lanterna-com-o-bahia\/","og_locale":"pt_BR","og_type":"article","og_title":"Vit\u00f3ria vence Inter por 2 a 0 e deixa lanterna com o Bahia - Notibras","og_description":"Na noite desta quarta-feira foi especial para o torcedor do Vit\u00f3ria. Afinal, a equipe n\u00e3o apenas venceu o Internacional, um dos principais times do campeonato, como tamb\u00e9m deixou a lanterna do Brasileir\u00e3o para o rival Bahia, que joga nesta quinta-feira com o Cruzeiro. Os gols do triunfo por 2 a 0 foram de Richarlyson e [&hellip;]","og_url":"https:\/\/www.notibras.com\/site\/vitoria-vence-inter-por-2-a-0-e-deixa-lanterna-com-o-bahia\/","og_site_name":"Notibras","article_publisher":"https:\/\/www.facebook.com\/notibras\/","article_published_time":"2014-09-11T00:22:02+00:00","article_modified_time":"2014-09-11T03:25:34+00:00","og_image":[{"width":640,"height":465,"url":"https:\/\/www.notibras.com\/site\/wp-content\/uploads\/2014\/09\/es4.jpg","type":"image\/jpeg"}],"author":"Reda\u00e7\u00e3o","twitter_card":"summary_large_image","twitter_creator":"@Notibras","twitter_site":"@Notibras","twitter_misc":{"Escrito por":"Reda\u00e7\u00e3o","Est. tempo de leitura":"3 minutos"},"schema":{"@context":"https:\/\/schema.org","@graph":[{"@type":"Article","@id":"https:\/\/www.notibras.com\/site\/vitoria-vence-inter-por-2-a-0-e-deixa-lanterna-com-o-bahia\/#article","isPartOf":{"@id":"https:\/\/www.notibras.com\/site\/vitoria-vence-inter-por-2-a-0-e-deixa-lanterna-com-o-bahia\/"},"author":{"name":"Reda\u00e7\u00e3o","@id":"https:\/\/www.notibras.com\/site\/#\/schema\/person\/36ab0979449956132d3e5b517ea76ac8"},"headline":"Vit\u00f3ria vence Inter por 2 a 0 e deixa lanterna com o Bahia","datePublished":"2014-09-11T00:22:02+00:00","dateModified":"2014-09-11T03:25:34+00:00","mainEntityOfPage":{"@id":"https:\/\/www.notibras.com\/site\/vitoria-vence-inter-por-2-a-0-e-deixa-lanterna-com-o-bahia\/"},"wordCount":656,"commentCount":0,"publisher":{"@id":"https:\/\/www.notibras.com\/site\/#organization"},"image":{"@id":"https:\/\/www.notibras.com\/site\/vitoria-vence-inter-por-2-a-0-e-deixa-lanterna-com-o-bahia\/#primaryimage"},"thumbnailUrl":"https:\/\/www.notibras.com\/site\/wp-content\/uploads\/2014\/09\/es4.jpg","articleSection":["Esportes","Futebol"],"inLanguage":"pt-BR","potentialAction":[{"@type":"CommentAction","name":"Comment","target":["https:\/\/www.notibras.com\/site\/vitoria-vence-inter-por-2-a-0-e-deixa-lanterna-com-o-bahia\/#respond"]}]},{"@type":"WebPage","@id":"https:\/\/www.notibras.com\/site\/vitoria-vence-inter-por-2-a-0-e-deixa-lanterna-com-o-bahia\/","url":"https:\/\/www.notibras.com\/site\/vitoria-vence-inter-por-2-a-0-e-deixa-lanterna-com-o-bahia\/","name":"Vit\u00f3ria vence Inter por 2 a 0 e deixa lanterna com o Bahia - Notibras","isPartOf":{"@id":"https:\/\/www.notibras.com\/site\/#website"},"primaryImageOfPage":{"@id":"https:\/\/www.notibras.com\/site\/vitoria-vence-inter-por-2-a-0-e-deixa-lanterna-com-o-bahia\/#primaryimage"},"image":{"@id":"https:\/\/www.notibras.com\/site\/vitoria-vence-inter-por-2-a-0-e-deixa-lanterna-com-o-bahia\/#primaryimage"},"thumbnailUrl":"https:\/\/www.notibras.com\/site\/wp-content\/uploads\/2014\/09\/es4.jpg","datePublished":"2014-09-11T00:22:02+00:00","dateModified":"2014-09-11T03:25:34+00:00","breadcrumb":{"@id":"https:\/\/www.notibras.com\/site\/vitoria-vence-inter-por-2-a-0-e-deixa-lanterna-com-o-bahia\/#breadcrumb"},"inLanguage":"pt-BR","potentialAction":[{"@type":"ReadAction","target":["https:\/\/www.notibras.com\/site\/vitoria-vence-inter-por-2-a-0-e-deixa-lanterna-com-o-bahia\/"]}]},{"@type":"ImageObject","inLanguage":"pt-BR","@id":"https:\/\/www.notibras.com\/site\/vitoria-vence-inter-por-2-a-0-e-deixa-lanterna-com-o-bahia\/#primaryimage","url":"https:\/\/www.notibras.com\/site\/wp-content\/uploads\/2014\/09\/es4.jpg","contentUrl":"https:\/\/www.notibras.com\/site\/wp-content\/uploads\/2014\/09\/es4.jpg","width":640,"height":465},{"@type":"BreadcrumbList","@id":"https:\/\/www.notibras.com\/site\/vitoria-vence-inter-por-2-a-0-e-deixa-lanterna-com-o-bahia\/#breadcrumb","itemListElement":[{"@type":"ListItem","position":1,"name":"In\u00edcio","item":"https:\/\/www.notibras.com\/site\/"},{"@type":"ListItem","position":2,"name":"Vit\u00f3ria vence Inter por 2 a 0 e deixa lanterna com o Bahia"}]},{"@type":"WebSite","@id":"https:\/\/www.notibras.com\/site\/#website","url":"https:\/\/www.notibras.com\/site\/","name":"Notibras","description":"Not\u00edcias de Bras\u00edlia, do Brasil e do Mundo","publisher":{"@id":"https:\/\/www.notibras.com\/site\/#organization"},"potentialAction":[{"@type":"SearchAction","target":{"@type":"EntryPoint","urlTemplate":"https:\/\/www.notibras.com\/site\/?s={search_term_string}"},"query-input":{"@type":"PropertyValueSpecification","valueRequired":true,"valueName":"search_term_string"}}],"inLanguage":"pt-BR"},{"@type":"Organization","@id":"https:\/\/www.notibras.com\/site\/#organization","name":"Grupo Notibras de Comunica\u00e7\u00e3o","url":"https:\/\/www.notibras.com\/site\/","logo":{"@type":"ImageObject","inLanguage":"pt-BR","@id":"https:\/\/www.notibras.com\/site\/#\/schema\/logo\/image\/","url":"https:\/\/www.notibras.com\/site\/wp-content\/uploads\/2023\/01\/notibras23.png","contentUrl":"https:\/\/www.notibras.com\/site\/wp-content\/uploads\/2023\/01\/notibras23.png","width":350,"height":87,"caption":"Grupo Notibras de Comunica\u00e7\u00e3o"},"image":{"@id":"https:\/\/www.notibras.com\/site\/#\/schema\/logo\/image\/"},"sameAs":["https:\/\/www.facebook.com\/notibras\/","https:\/\/x.com\/Notibras","https:\/\/www.instagram.com\/notibras\/"]},{"@type":"Person","@id":"https:\/\/www.notibras.com\/site\/#\/schema\/person\/36ab0979449956132d3e5b517ea76ac8","name":"Reda\u00e7\u00e3o","image":{"@type":"ImageObject","inLanguage":"pt-BR","@id":"https:\/\/secure.gravatar.com\/avatar\/e0a867bdedb85fd243eadf09663511f96fc81e0720a4a42581f334ad4303aa6b?s=96&d=mm&r=g","url":"https:\/\/secure.gravatar.com\/avatar\/e0a867bdedb85fd243eadf09663511f96fc81e0720a4a42581f334ad4303aa6b?s=96&d=mm&r=g","contentUrl":"https:\/\/secure.gravatar.com\/avatar\/e0a867bdedb85fd243eadf09663511f96fc81e0720a4a42581f334ad4303aa6b?s=96&d=mm&r=g","caption":"Reda\u00e7\u00e3o"}}]}},"amp_enabled":true,"_links":{"self":[{"href":"https:\/\/www.notibras.com\/site\/wp-json\/wp\/v2\/posts\/21970","targetHints":{"allow":["GET"]}}],"collection":[{"href":"https:\/\/www.notibras.com\/site\/wp-json\/wp\/v2\/posts"}],"about":[{"href":"https:\/\/www.notibras.com\/site\/wp-json\/wp\/v2\/types\/post"}],"author":[{"embeddable":true,"href":"https:\/\/www.notibras.com\/site\/wp-json\/wp\/v2\/users\/2"}],"replies":[{"embeddable":true,"href":"https:\/\/www.notibras.com\/site\/wp-json\/wp\/v2\/comments?post=21970"}],"version-history":[{"count":0,"href":"https:\/\/www.notibras.com\/site\/wp-json\/wp\/v2\/posts\/21970\/revisions"}],"wp:featuredmedia":[{"embeddable":true,"href":"https:\/\/www.notibras.com\/site\/wp-json\/wp\/v2\/media\/21971"}],"wp:attachment":[{"href":"https:\/\/www.notibras.com\/site\/wp-json\/wp\/v2\/media?parent=21970"}],"wp:term":[{"taxonomy":"category","embeddable":true,"href":"https:\/\/www.notibras.com\/site\/wp-json\/wp\/v2\/categories?post=21970"},{"taxonomy":"post_tag","embeddable":true,"href":"https:\/\/www.notibras.com\/site\/wp-json\/wp\/v2\/tags?post=21970"}],"curies":[{"name":"wp","href":"https:\/\/api.w.org\/{rel}","templated":true}]}}