{"id":21981,"date":"2014-09-11T12:21:22","date_gmt":"2014-09-11T15:21:22","guid":{"rendered":"http:\/\/www.notibras.com\/site\/?p=21981"},"modified":"2014-09-11T12:21:51","modified_gmt":"2014-09-11T15:21:51","slug":"agnelo-deixa-para-o-sucessor-heranca-maldita-na-area-da-saude-publica","status":"publish","type":"post","link":"https:\/\/www.notibras.com\/site\/agnelo-deixa-para-o-sucessor-heranca-maldita-na-area-da-saude-publica\/","title":{"rendered":"Agnelo deixa para o sucessor heran\u00e7a maldita na sa\u00fade p\u00fablica"},"content":{"rendered":"<p>Prestes a ser catapultado do Pal\u00e1cio do Buriti na silenciosa guerra das urnas, o governador Agnelo Queiroz (PT) est\u00e1 deixando para seu sucessor uma heran\u00e7a maldita: o caos na sa\u00fade p\u00fablica.<\/p>\n<p>A situa\u00e7\u00e3o se agrava a cada dia. E o governador-m\u00e9dico que se dizia capaz de corrigir distor\u00e7\u00f5es no setor, vai embora sem nada ter feito para se redimir das promessas n\u00e3o cumpridas.<\/p>\n<p>N\u00e3o bastasse a falta de leitos, UTI\u2019s, m\u00e9dicos, auxiliares e medicamentos, o brasiliense assiste outra triste realidade: a capital da Rep\u00fablica convive com a menor cobertura do pa\u00eds do programa Sa\u00fade na Fam\u00edlia.<\/p>\n<p>O \u00edndice desse programa no Distrito Federal \u00e9 de 20,06%, contra uma m\u00e9dia brasileira de 56,38%. O percentual de Bras\u00edlia, atribu\u00eddo pelo Conselho Federal de Medicina, \u00e9 o pior entre todas as unidades da Federa\u00e7\u00e3o.<\/p>\n<p>Mas o quadro catastr\u00f3fico n\u00e3o para por a\u00ed. O Distrito Federal tamb\u00e9m tem o pior \u00edndice de leitos do Sistema \u00danico de Sa\u00fade para cada 800 habitantes \u2014 0,7. Bras\u00edlia, nesse quesito, perde at\u00e9 para o Amap\u00e1 (1,20), Amazonas (1,21) e Sergipe (1,22).<\/p>\n<p>A situa\u00e7\u00e3o de pen\u00faria \u00e9 consequ\u00eancia dos baixos investimentos feitos na \u00e1rea de sa\u00fade p\u00fablica por Agnelo Queiroz. O gasto per capita \u00e9 de 2 reais 90 centavos, indica o Conselho Federal de Medicina. A m\u00e9dia brasileira \u00e9 de 3 reais e cinco centavos.<\/p>\n<p><strong>Andr\u00e9a Bastos<\/strong><\/p>\n","protected":false},"excerpt":{"rendered":"<p>Prestes a ser catapultado do Pal\u00e1cio do Buriti na silenciosa guerra das urnas, o governador Agnelo Queiroz (PT) est\u00e1 deixando para seu sucessor uma heran\u00e7a maldita: o caos na sa\u00fade p\u00fablica. A situa\u00e7\u00e3o se agrava a cada dia. E o governador-m\u00e9dico que se dizia capaz de corrigir distor\u00e7\u00f5es no setor, vai embora sem nada ter [&hellip;]<\/p>\n","protected":false},"author":2,"featured_media":21982,"comment_status":"open","ping_status":"closed","sticky":false,"template":"","format":"standard","meta":{"_acf_changed":false,"footnotes":""},"categories":[33],"tags":[],"class_list":["post-21981","post","type-post","status-publish","format-standard","has-post-thumbnail","hentry","category-eleicoes-2014"],"acf":[],"_links":{"self":[{"href":"https:\/\/www.notibras.com\/site\/wp-json\/wp\/v2\/posts\/21981","targetHints":{"allow":["GET"]}}],"collection":[{"href":"https:\/\/www.notibras.com\/site\/wp-json\/wp\/v2\/posts"}],"about":[{"href":"https:\/\/www.notibras.com\/site\/wp-json\/wp\/v2\/types\/post"}],"author":[{"embeddable":true,"href":"https:\/\/www.notibras.com\/site\/wp-json\/wp\/v2\/users\/2"}],"replies":[{"embeddable":true,"href":"https:\/\/www.notibras.com\/site\/wp-json\/wp\/v2\/comments?post=21981"}],"version-history":[{"count":0,"href":"https:\/\/www.notibras.com\/site\/wp-json\/wp\/v2\/posts\/21981\/revisions"}],"wp:featuredmedia":[{"embeddable":true,"href":"https:\/\/www.notibras.com\/site\/wp-json\/wp\/v2\/media\/21982"}],"wp:attachment":[{"href":"https:\/\/www.notibras.com\/site\/wp-json\/wp\/v2\/media?parent=21981"}],"wp:term":[{"taxonomy":"category","embeddable":true,"href":"https:\/\/www.notibras.com\/site\/wp-json\/wp\/v2\/categories?post=21981"},{"taxonomy":"post_tag","embeddable":true,"href":"https:\/\/www.notibras.com\/site\/wp-json\/wp\/v2\/tags?post=21981"}],"curies":[{"name":"wp","href":"https:\/\/api.w.org\/{rel}","templated":true}]}}