{"id":219903,"date":"2019-11-10T09:45:23","date_gmt":"2019-11-10T11:45:23","guid":{"rendered":"https:\/\/www.notibras.com\/site\/?p=219903"},"modified":"2019-11-10T11:48:56","modified_gmt":"2019-11-10T13:48:56","slug":"queimado-junto-ao-povo-evo-fara-nova-eleicao","status":"publish","type":"post","link":"https:\/\/www.notibras.com\/site\/queimado-junto-ao-povo-evo-fara-nova-eleicao\/","title":{"rendered":"Queimado junto ao povo, Evo far\u00e1 nova elei\u00e7\u00e3o"},"content":{"rendered":"<p>O presidente da Bol\u00edvia, Evo Morales, anunciou neste domingo (10\/11) a realiza\u00e7\u00e3o de novas elei\u00e7\u00f5es na Bol\u00edvia, ap\u00f3s um relat\u00f3rio da Organiza\u00e7\u00e3o dos Estados Americanos (OEA) apontar suspeitas de fraude no pleito de outubro, que deu a reelei\u00e7\u00e3o j\u00e1 no primeiro turno ao l\u00edder esquerdista.<\/p>\n<p>N\u00e3o ficou claro se a decis\u00e3o servir\u00e1 para aplacar a ira dos manifestantes, que h\u00e1 semanas v\u00e3o \u00e0s ruas da Bol\u00edvia pedir a ren\u00fancia do presidente. Segundo Morales, as autoridades eleitorais ser\u00e3o trocadas para o novo pleito, como solicitado pela OEA.<\/p>\n<p>&#8220;Decidi convocar novas elei\u00e7\u00f5es&#8221;, afirmou Morales, a partir do hangar presidencial do aeroporto de El Alto, cidade vizinha a La Paz e reduto eleitoral do presidente.<\/p>\n<p>O l\u00edder esquerdista boliviano, no poder desde 2006, ganhou as elei\u00e7\u00f5es de 20 de outubro. Mas a apura\u00e7\u00e3o de votos foi interrompida inexplicavelmente durante quase um dia inteiro, o que provocou acusa\u00e7\u00f5es de fraude e desencadeou protestos, greves e bloqueios de rodovias.<\/p>\n<p>Morales \u00e9 o l\u00edder h\u00e1 mais tempo no poder na Am\u00e9rica Latina. Ele venceu a elei\u00e7\u00e3o com dez pontos de vantagem (margem m\u00ednima necess\u00e1ria para evitar o segundo turno) sobre o rival Carlos Mesa, o que lhe garantiu um novo mandato.<\/p>\n<p>Mas o resultado de uma auditoria da OEA, divulgado neste domingo de forma preliminar, aponta ser estatisticamente improv\u00e1vel que Morales tenha obtido tal margem em sua vit\u00f3ria eleitoral. A entidade diz que n\u00e3o pode, portanto, certificar o resultado divulgado.<\/p>\n<p>Em um comunicado, a organiza\u00e7\u00e3o pediu que o processo eleitoral no pa\u00eds andino comece de novo, ocorrendo &#8220;o primeiro turno assim que existirem novas condi\u00e7\u00f5es que deem novas garantias para sua realiza\u00e7\u00e3o, incluindo uma nova composi\u00e7\u00e3o do corpo eleitoral&#8221;.<\/p>\n<p>No texto, a OEA pede ainda respeito \u00e0 liberdade de manifesta\u00e7\u00e3o do povo boliviano e afirma que entende que &#8220;os mandatos constitucionais n\u00e3o devem ser interrompidos, inclusive o do presidente Evo Morales&#8221;.<\/p>\n<p>Os protestos na Bol\u00edvia duram mais de duas semanas, depois de oposi\u00e7\u00e3o e movimentos civis terem denunciado fraudes na contagem dos votos a favor do presidente, que a comiss\u00e3o eleitoral deu como vencedor para cumprir um quarto mandato. Os comit\u00eas da oposi\u00e7\u00e3o n\u00e3o reconhecem a vit\u00f3ria e exigem a ren\u00fancia de Evo Morales e a repeti\u00e7\u00e3o do escrut\u00ednio.<\/p>\n<p>Morales, por sua vez, denuncia ser v\u00edtima de um golpe de Estado. &#8220;Irm\u00e3s e irm\u00e3os, nossa democracia est\u00e1 em risco pelo golpe de Estado que grupos violentos colocaram em marcha, atentando contra a ordem constitucional. Denunciamos \u00e0 comunidade internacional esse atentado contra o Estado de Direito&#8221;, afirmou o presidente em sua conta no Twitter.<\/p>\n<p>Luis Fernando Camacho, um l\u00edder da cidade oriental de Santa Cruz que se tornou s\u00edmbolo da oposi\u00e7\u00e3o, respondeu a Morales: &#8220;N\u00e3o viemos derrubar um presidente, viemos liberar a Bol\u00edvia de sua ditadura.&#8221;<\/p>\n<p>O opositor quer liderar uma marcha ao pal\u00e1cio do governo na segunda-feira com uma simb\u00f3lica carta de ren\u00fancia pr\u00e9-escrita para ser assinada por Morales.<\/p>\n","protected":false},"excerpt":{"rendered":"<p>O presidente da Bol\u00edvia, Evo Morales, anunciou neste domingo (10\/11) a realiza\u00e7\u00e3o de novas elei\u00e7\u00f5es na Bol\u00edvia, ap\u00f3s um relat\u00f3rio da Organiza\u00e7\u00e3o dos Estados Americanos (OEA) apontar suspeitas de fraude no pleito de outubro, que deu a reelei\u00e7\u00e3o j\u00e1 no primeiro turno ao l\u00edder esquerdista. N\u00e3o ficou claro se a decis\u00e3o servir\u00e1 para aplacar a [&hellip;]<\/p>\n","protected":false},"author":2,"featured_media":219904,"comment_status":"closed","ping_status":"closed","sticky":false,"template":"","format":"standard","meta":{"_acf_changed":false,"footnotes":""},"categories":[17],"tags":[95],"class_list":["post-219903","post","type-post","status-publish","format-standard","has-post-thumbnail","hentry","category-mundo","tag-capa"],"acf":[],"yoast_head":"<!-- This site is optimized with the Yoast SEO plugin v27.2 - https:\/\/yoast.com\/product\/yoast-seo-wordpress\/ -->\n<title>Queimado junto ao povo, Evo far\u00e1 nova elei\u00e7\u00e3o - Notibras<\/title>\n<meta name=\"robots\" content=\"index, follow, max-snippet:-1, max-image-preview:large, max-video-preview:-1\" \/>\n<link rel=\"canonical\" href=\"https:\/\/www.notibras.com\/site\/queimado-junto-ao-povo-evo-fara-nova-eleicao\/\" \/>\n<meta property=\"og:locale\" content=\"pt_BR\" \/>\n<meta property=\"og:type\" content=\"article\" \/>\n<meta property=\"og:title\" content=\"Queimado junto ao povo, Evo far\u00e1 nova elei\u00e7\u00e3o - Notibras\" \/>\n<meta property=\"og:description\" content=\"O presidente da Bol\u00edvia, Evo Morales, anunciou neste domingo (10\/11) a realiza\u00e7\u00e3o de novas elei\u00e7\u00f5es na Bol\u00edvia, ap\u00f3s um relat\u00f3rio da Organiza\u00e7\u00e3o dos Estados Americanos (OEA) apontar suspeitas de fraude no pleito de outubro, que deu a reelei\u00e7\u00e3o j\u00e1 no primeiro turno ao l\u00edder esquerdista. N\u00e3o ficou claro se a decis\u00e3o servir\u00e1 para aplacar a [&hellip;]\" \/>\n<meta property=\"og:url\" content=\"https:\/\/www.notibras.com\/site\/queimado-junto-ao-povo-evo-fara-nova-eleicao\/\" \/>\n<meta property=\"og:site_name\" content=\"Notibras\" \/>\n<meta property=\"article:publisher\" content=\"https:\/\/www.facebook.com\/notibras\/\" \/>\n<meta property=\"article:published_time\" content=\"2019-11-10T11:45:23+00:00\" \/>\n<meta property=\"article:modified_time\" content=\"2019-11-10T13:48:56+00:00\" \/>\n<meta property=\"og:image\" content=\"https:\/\/www.notibras.com\/site\/wp-content\/uploads\/2019\/11\/evo-queimado.jpg\" \/>\n\t<meta property=\"og:image:width\" content=\"940\" \/>\n\t<meta property=\"og:image:height\" content=\"411\" \/>\n\t<meta property=\"og:image:type\" content=\"image\/jpeg\" \/>\n<meta name=\"author\" content=\"Reda\u00e7\u00e3o\" \/>\n<meta name=\"twitter:card\" content=\"summary_large_image\" \/>\n<meta name=\"twitter:creator\" content=\"@Notibras\" \/>\n<meta name=\"twitter:site\" content=\"@Notibras\" \/>\n<meta name=\"twitter:label1\" content=\"Escrito por\" \/>\n\t<meta name=\"twitter:data1\" content=\"Reda\u00e7\u00e3o\" \/>\n\t<meta name=\"twitter:label2\" content=\"Est. tempo de leitura\" \/>\n\t<meta name=\"twitter:data2\" content=\"3 minutos\" \/>\n<script type=\"application\/ld+json\" class=\"yoast-schema-graph\">{\"@context\":\"https:\/\/schema.org\",\"@graph\":[{\"@type\":\"Article\",\"@id\":\"https:\/\/www.notibras.com\/site\/queimado-junto-ao-povo-evo-fara-nova-eleicao\/#article\",\"isPartOf\":{\"@id\":\"https:\/\/www.notibras.com\/site\/queimado-junto-ao-povo-evo-fara-nova-eleicao\/\"},\"author\":{\"name\":\"Reda\u00e7\u00e3o\",\"@id\":\"https:\/\/www.notibras.com\/site\/#\/schema\/person\/36ab0979449956132d3e5b517ea76ac8\"},\"headline\":\"Queimado junto ao povo, Evo far\u00e1 nova elei\u00e7\u00e3o\",\"datePublished\":\"2019-11-10T11:45:23+00:00\",\"dateModified\":\"2019-11-10T13:48:56+00:00\",\"mainEntityOfPage\":{\"@id\":\"https:\/\/www.notibras.com\/site\/queimado-junto-ao-povo-evo-fara-nova-eleicao\/\"},\"wordCount\":533,\"publisher\":{\"@id\":\"https:\/\/www.notibras.com\/site\/#organization\"},\"image\":{\"@id\":\"https:\/\/www.notibras.com\/site\/queimado-junto-ao-povo-evo-fara-nova-eleicao\/#primaryimage\"},\"thumbnailUrl\":\"https:\/\/www.notibras.com\/site\/wp-content\/uploads\/2019\/11\/evo-queimado.jpg\",\"keywords\":[\"capa\"],\"articleSection\":[\"Mundo\"],\"inLanguage\":\"pt-BR\"},{\"@type\":\"WebPage\",\"@id\":\"https:\/\/www.notibras.com\/site\/queimado-junto-ao-povo-evo-fara-nova-eleicao\/\",\"url\":\"https:\/\/www.notibras.com\/site\/queimado-junto-ao-povo-evo-fara-nova-eleicao\/\",\"name\":\"Queimado junto ao povo, Evo far\u00e1 nova elei\u00e7\u00e3o - Notibras\",\"isPartOf\":{\"@id\":\"https:\/\/www.notibras.com\/site\/#website\"},\"primaryImageOfPage\":{\"@id\":\"https:\/\/www.notibras.com\/site\/queimado-junto-ao-povo-evo-fara-nova-eleicao\/#primaryimage\"},\"image\":{\"@id\":\"https:\/\/www.notibras.com\/site\/queimado-junto-ao-povo-evo-fara-nova-eleicao\/#primaryimage\"},\"thumbnailUrl\":\"https:\/\/www.notibras.com\/site\/wp-content\/uploads\/2019\/11\/evo-queimado.jpg\",\"datePublished\":\"2019-11-10T11:45:23+00:00\",\"dateModified\":\"2019-11-10T13:48:56+00:00\",\"breadcrumb\":{\"@id\":\"https:\/\/www.notibras.com\/site\/queimado-junto-ao-povo-evo-fara-nova-eleicao\/#breadcrumb\"},\"inLanguage\":\"pt-BR\",\"potentialAction\":[{\"@type\":\"ReadAction\",\"target\":[\"https:\/\/www.notibras.com\/site\/queimado-junto-ao-povo-evo-fara-nova-eleicao\/\"]}]},{\"@type\":\"ImageObject\",\"inLanguage\":\"pt-BR\",\"@id\":\"https:\/\/www.notibras.com\/site\/queimado-junto-ao-povo-evo-fara-nova-eleicao\/#primaryimage\",\"url\":\"https:\/\/www.notibras.com\/site\/wp-content\/uploads\/2019\/11\/evo-queimado.jpg\",\"contentUrl\":\"https:\/\/www.notibras.com\/site\/wp-content\/uploads\/2019\/11\/evo-queimado.jpg\",\"width\":940,\"height\":411},{\"@type\":\"BreadcrumbList\",\"@id\":\"https:\/\/www.notibras.com\/site\/queimado-junto-ao-povo-evo-fara-nova-eleicao\/#breadcrumb\",\"itemListElement\":[{\"@type\":\"ListItem\",\"position\":1,\"name\":\"In\u00edcio\",\"item\":\"https:\/\/www.notibras.com\/site\/\"},{\"@type\":\"ListItem\",\"position\":2,\"name\":\"Queimado junto ao povo, Evo far\u00e1 nova elei\u00e7\u00e3o\"}]},{\"@type\":\"WebSite\",\"@id\":\"https:\/\/www.notibras.com\/site\/#website\",\"url\":\"https:\/\/www.notibras.com\/site\/\",\"name\":\"Notibras\",\"description\":\"Not\u00edcias de Bras\u00edlia, do Brasil e do Mundo\",\"publisher\":{\"@id\":\"https:\/\/www.notibras.com\/site\/#organization\"},\"potentialAction\":[{\"@type\":\"SearchAction\",\"target\":{\"@type\":\"EntryPoint\",\"urlTemplate\":\"https:\/\/www.notibras.com\/site\/?s={search_term_string}\"},\"query-input\":{\"@type\":\"PropertyValueSpecification\",\"valueRequired\":true,\"valueName\":\"search_term_string\"}}],\"inLanguage\":\"pt-BR\"},{\"@type\":\"Organization\",\"@id\":\"https:\/\/www.notibras.com\/site\/#organization\",\"name\":\"Grupo Notibras de Comunica\u00e7\u00e3o\",\"url\":\"https:\/\/www.notibras.com\/site\/\",\"logo\":{\"@type\":\"ImageObject\",\"inLanguage\":\"pt-BR\",\"@id\":\"https:\/\/www.notibras.com\/site\/#\/schema\/logo\/image\/\",\"url\":\"https:\/\/www.notibras.com\/site\/wp-content\/uploads\/2023\/01\/notibras23.png\",\"contentUrl\":\"https:\/\/www.notibras.com\/site\/wp-content\/uploads\/2023\/01\/notibras23.png\",\"width\":350,\"height\":87,\"caption\":\"Grupo Notibras de Comunica\u00e7\u00e3o\"},\"image\":{\"@id\":\"https:\/\/www.notibras.com\/site\/#\/schema\/logo\/image\/\"},\"sameAs\":[\"https:\/\/www.facebook.com\/notibras\/\",\"https:\/\/x.com\/Notibras\",\"https:\/\/www.instagram.com\/notibras\/\"]},{\"@type\":\"Person\",\"@id\":\"https:\/\/www.notibras.com\/site\/#\/schema\/person\/36ab0979449956132d3e5b517ea76ac8\",\"name\":\"Reda\u00e7\u00e3o\",\"image\":{\"@type\":\"ImageObject\",\"inLanguage\":\"pt-BR\",\"@id\":\"https:\/\/secure.gravatar.com\/avatar\/e0a867bdedb85fd243eadf09663511f96fc81e0720a4a42581f334ad4303aa6b?s=96&d=mm&r=g\",\"url\":\"https:\/\/secure.gravatar.com\/avatar\/e0a867bdedb85fd243eadf09663511f96fc81e0720a4a42581f334ad4303aa6b?s=96&d=mm&r=g\",\"contentUrl\":\"https:\/\/secure.gravatar.com\/avatar\/e0a867bdedb85fd243eadf09663511f96fc81e0720a4a42581f334ad4303aa6b?s=96&d=mm&r=g\",\"caption\":\"Reda\u00e7\u00e3o\"}}]}<\/script>\n<!-- \/ Yoast SEO plugin. -->","yoast_head_json":{"title":"Queimado junto ao povo, Evo far\u00e1 nova elei\u00e7\u00e3o - Notibras","robots":{"index":"index","follow":"follow","max-snippet":"max-snippet:-1","max-image-preview":"max-image-preview:large","max-video-preview":"max-video-preview:-1"},"canonical":"https:\/\/www.notibras.com\/site\/queimado-junto-ao-povo-evo-fara-nova-eleicao\/","og_locale":"pt_BR","og_type":"article","og_title":"Queimado junto ao povo, Evo far\u00e1 nova elei\u00e7\u00e3o - Notibras","og_description":"O presidente da Bol\u00edvia, Evo Morales, anunciou neste domingo (10\/11) a realiza\u00e7\u00e3o de novas elei\u00e7\u00f5es na Bol\u00edvia, ap\u00f3s um relat\u00f3rio da Organiza\u00e7\u00e3o dos Estados Americanos (OEA) apontar suspeitas de fraude no pleito de outubro, que deu a reelei\u00e7\u00e3o j\u00e1 no primeiro turno ao l\u00edder esquerdista. N\u00e3o ficou claro se a decis\u00e3o servir\u00e1 para aplacar a [&hellip;]","og_url":"https:\/\/www.notibras.com\/site\/queimado-junto-ao-povo-evo-fara-nova-eleicao\/","og_site_name":"Notibras","article_publisher":"https:\/\/www.facebook.com\/notibras\/","article_published_time":"2019-11-10T11:45:23+00:00","article_modified_time":"2019-11-10T13:48:56+00:00","og_image":[{"width":940,"height":411,"url":"https:\/\/www.notibras.com\/site\/wp-content\/uploads\/2019\/11\/evo-queimado.jpg","type":"image\/jpeg"}],"author":"Reda\u00e7\u00e3o","twitter_card":"summary_large_image","twitter_creator":"@Notibras","twitter_site":"@Notibras","twitter_misc":{"Escrito por":"Reda\u00e7\u00e3o","Est. tempo de leitura":"3 minutos"},"schema":{"@context":"https:\/\/schema.org","@graph":[{"@type":"Article","@id":"https:\/\/www.notibras.com\/site\/queimado-junto-ao-povo-evo-fara-nova-eleicao\/#article","isPartOf":{"@id":"https:\/\/www.notibras.com\/site\/queimado-junto-ao-povo-evo-fara-nova-eleicao\/"},"author":{"name":"Reda\u00e7\u00e3o","@id":"https:\/\/www.notibras.com\/site\/#\/schema\/person\/36ab0979449956132d3e5b517ea76ac8"},"headline":"Queimado junto ao povo, Evo far\u00e1 nova elei\u00e7\u00e3o","datePublished":"2019-11-10T11:45:23+00:00","dateModified":"2019-11-10T13:48:56+00:00","mainEntityOfPage":{"@id":"https:\/\/www.notibras.com\/site\/queimado-junto-ao-povo-evo-fara-nova-eleicao\/"},"wordCount":533,"publisher":{"@id":"https:\/\/www.notibras.com\/site\/#organization"},"image":{"@id":"https:\/\/www.notibras.com\/site\/queimado-junto-ao-povo-evo-fara-nova-eleicao\/#primaryimage"},"thumbnailUrl":"https:\/\/www.notibras.com\/site\/wp-content\/uploads\/2019\/11\/evo-queimado.jpg","keywords":["capa"],"articleSection":["Mundo"],"inLanguage":"pt-BR"},{"@type":"WebPage","@id":"https:\/\/www.notibras.com\/site\/queimado-junto-ao-povo-evo-fara-nova-eleicao\/","url":"https:\/\/www.notibras.com\/site\/queimado-junto-ao-povo-evo-fara-nova-eleicao\/","name":"Queimado junto ao povo, Evo far\u00e1 nova elei\u00e7\u00e3o - Notibras","isPartOf":{"@id":"https:\/\/www.notibras.com\/site\/#website"},"primaryImageOfPage":{"@id":"https:\/\/www.notibras.com\/site\/queimado-junto-ao-povo-evo-fara-nova-eleicao\/#primaryimage"},"image":{"@id":"https:\/\/www.notibras.com\/site\/queimado-junto-ao-povo-evo-fara-nova-eleicao\/#primaryimage"},"thumbnailUrl":"https:\/\/www.notibras.com\/site\/wp-content\/uploads\/2019\/11\/evo-queimado.jpg","datePublished":"2019-11-10T11:45:23+00:00","dateModified":"2019-11-10T13:48:56+00:00","breadcrumb":{"@id":"https:\/\/www.notibras.com\/site\/queimado-junto-ao-povo-evo-fara-nova-eleicao\/#breadcrumb"},"inLanguage":"pt-BR","potentialAction":[{"@type":"ReadAction","target":["https:\/\/www.notibras.com\/site\/queimado-junto-ao-povo-evo-fara-nova-eleicao\/"]}]},{"@type":"ImageObject","inLanguage":"pt-BR","@id":"https:\/\/www.notibras.com\/site\/queimado-junto-ao-povo-evo-fara-nova-eleicao\/#primaryimage","url":"https:\/\/www.notibras.com\/site\/wp-content\/uploads\/2019\/11\/evo-queimado.jpg","contentUrl":"https:\/\/www.notibras.com\/site\/wp-content\/uploads\/2019\/11\/evo-queimado.jpg","width":940,"height":411},{"@type":"BreadcrumbList","@id":"https:\/\/www.notibras.com\/site\/queimado-junto-ao-povo-evo-fara-nova-eleicao\/#breadcrumb","itemListElement":[{"@type":"ListItem","position":1,"name":"In\u00edcio","item":"https:\/\/www.notibras.com\/site\/"},{"@type":"ListItem","position":2,"name":"Queimado junto ao povo, Evo far\u00e1 nova elei\u00e7\u00e3o"}]},{"@type":"WebSite","@id":"https:\/\/www.notibras.com\/site\/#website","url":"https:\/\/www.notibras.com\/site\/","name":"Notibras","description":"Not\u00edcias de Bras\u00edlia, do Brasil e do Mundo","publisher":{"@id":"https:\/\/www.notibras.com\/site\/#organization"},"potentialAction":[{"@type":"SearchAction","target":{"@type":"EntryPoint","urlTemplate":"https:\/\/www.notibras.com\/site\/?s={search_term_string}"},"query-input":{"@type":"PropertyValueSpecification","valueRequired":true,"valueName":"search_term_string"}}],"inLanguage":"pt-BR"},{"@type":"Organization","@id":"https:\/\/www.notibras.com\/site\/#organization","name":"Grupo Notibras de Comunica\u00e7\u00e3o","url":"https:\/\/www.notibras.com\/site\/","logo":{"@type":"ImageObject","inLanguage":"pt-BR","@id":"https:\/\/www.notibras.com\/site\/#\/schema\/logo\/image\/","url":"https:\/\/www.notibras.com\/site\/wp-content\/uploads\/2023\/01\/notibras23.png","contentUrl":"https:\/\/www.notibras.com\/site\/wp-content\/uploads\/2023\/01\/notibras23.png","width":350,"height":87,"caption":"Grupo Notibras de Comunica\u00e7\u00e3o"},"image":{"@id":"https:\/\/www.notibras.com\/site\/#\/schema\/logo\/image\/"},"sameAs":["https:\/\/www.facebook.com\/notibras\/","https:\/\/x.com\/Notibras","https:\/\/www.instagram.com\/notibras\/"]},{"@type":"Person","@id":"https:\/\/www.notibras.com\/site\/#\/schema\/person\/36ab0979449956132d3e5b517ea76ac8","name":"Reda\u00e7\u00e3o","image":{"@type":"ImageObject","inLanguage":"pt-BR","@id":"https:\/\/secure.gravatar.com\/avatar\/e0a867bdedb85fd243eadf09663511f96fc81e0720a4a42581f334ad4303aa6b?s=96&d=mm&r=g","url":"https:\/\/secure.gravatar.com\/avatar\/e0a867bdedb85fd243eadf09663511f96fc81e0720a4a42581f334ad4303aa6b?s=96&d=mm&r=g","contentUrl":"https:\/\/secure.gravatar.com\/avatar\/e0a867bdedb85fd243eadf09663511f96fc81e0720a4a42581f334ad4303aa6b?s=96&d=mm&r=g","caption":"Reda\u00e7\u00e3o"}}]}},"amp_enabled":true,"_links":{"self":[{"href":"https:\/\/www.notibras.com\/site\/wp-json\/wp\/v2\/posts\/219903","targetHints":{"allow":["GET"]}}],"collection":[{"href":"https:\/\/www.notibras.com\/site\/wp-json\/wp\/v2\/posts"}],"about":[{"href":"https:\/\/www.notibras.com\/site\/wp-json\/wp\/v2\/types\/post"}],"author":[{"embeddable":true,"href":"https:\/\/www.notibras.com\/site\/wp-json\/wp\/v2\/users\/2"}],"replies":[{"embeddable":true,"href":"https:\/\/www.notibras.com\/site\/wp-json\/wp\/v2\/comments?post=219903"}],"version-history":[{"count":1,"href":"https:\/\/www.notibras.com\/site\/wp-json\/wp\/v2\/posts\/219903\/revisions"}],"predecessor-version":[{"id":219905,"href":"https:\/\/www.notibras.com\/site\/wp-json\/wp\/v2\/posts\/219903\/revisions\/219905"}],"wp:featuredmedia":[{"embeddable":true,"href":"https:\/\/www.notibras.com\/site\/wp-json\/wp\/v2\/media\/219904"}],"wp:attachment":[{"href":"https:\/\/www.notibras.com\/site\/wp-json\/wp\/v2\/media?parent=219903"}],"wp:term":[{"taxonomy":"category","embeddable":true,"href":"https:\/\/www.notibras.com\/site\/wp-json\/wp\/v2\/categories?post=219903"},{"taxonomy":"post_tag","embeddable":true,"href":"https:\/\/www.notibras.com\/site\/wp-json\/wp\/v2\/tags?post=219903"}],"curies":[{"name":"wp","href":"https:\/\/api.w.org\/{rel}","templated":true}]}}