{"id":219915,"date":"2019-11-10T09:38:39","date_gmt":"2019-11-10T11:38:39","guid":{"rendered":"https:\/\/www.notibras.com\/site\/?p=219915"},"modified":"2019-11-10T12:40:17","modified_gmt":"2019-11-10T14:40:17","slug":"mexico-amplia-relacoes-comerciais-com-cuba","status":"publish","type":"post","link":"https:\/\/www.notibras.com\/site\/mexico-amplia-relacoes-comerciais-com-cuba\/","title":{"rendered":"M\u00e9xico amplia rela\u00e7\u00f5es comerciais com Cuba"},"content":{"rendered":"<p>O M\u00e9xico iniciou, neste s\u00e1bado, uma nova etapa nas rela\u00e7\u00f5es com Cuba, &#8220;melhor e mais ampla&#8221;, afirmou o ministro das Rela\u00e7\u00f5es Exteriores Marcelo Ebrad, que visita Havana em momentos de alta tens\u00e3o entre a ilha e os Estados Unidos.<\/p>\n<p>&#8220;Hoje esta delega\u00e7\u00e3o est\u00e1 chegando para que possamos iniciar uma nova etapa, melhor e mais ampla, no relacionamento entre os dois pa\u00edses&#8221;, disse Ebrad ao iniciar as negocia\u00e7\u00f5es oficiais com seu par local, Bruno Rodriguez.<\/p>\n<p>Esta \u00e9 a primeira delega\u00e7\u00e3o oficial mexicana de alto n\u00edvel a visitar a ilha desde que Manuel L\u00f3pez Obrador assumiu a presid\u00eancia do M\u00e9xico, em 1\u00ba de dezembro de 2018.<\/p>\n<p>Ebrad chega a Cuba em tempos de maior tens\u00e3o entre a ilha e os Estados Unidos, depois que o governo Trump aplicou mais de 180 medidas para refor\u00e7ar o bloqueio que mant\u00e9m sobre Havana h\u00e1 57 anos.<\/p>\n<p>&#8220;O objetivo dessa visita \u00e9 que possamos traduzir essa proximidade e esse carinho entre os dois povos em a\u00e7\u00f5es cooperativas que nos permitam oferecer resultados positivos nos pr\u00f3ximos meses e anos&#8221;, acrescentou.<\/p>\n<p>De acordo com o Minist\u00e9rio das Rela\u00e7\u00f5es Exteriores de Cuba, o M\u00e9xico \u00e9 o sexto maior parceiro comercial da ilha no mundo (537 milh\u00f5es de d\u00f3lares em 2018) e o segundo na regi\u00e3o, al\u00e9m de ser a oitava maior nacionalidade de turistas na ilha.<\/p>\n<p>Rodr\u00edguez, por outro lado, expressou a &#8220;vontade de aprofundar os la\u00e7os de todas as formas e em todas as \u00e1reas, nas esferas cultural, acad\u00eamica, cient\u00edfica, econ\u00f4mica, comercial, de coopera\u00e7\u00e3o e pol\u00edtica&#8221;.<\/p>\n<p>Ele tamb\u00e9m observou que &#8220;Cuba nunca esquecer\u00e1 que o M\u00e9xico foi o \u00fanico pa\u00eds que n\u00e3o rompeu rela\u00e7\u00f5es diplom\u00e1ticas com Cuba naquele momento de tentativa de isolamento&#8221; liderada por Washington na d\u00e9cada de 1960.<\/p>\n<p>O ministro das Rela\u00e7\u00f5es Exteriores de Cuba descreveu como &#8220;excelente o estado dos v\u00ednculos atuais&#8221; entre os dois pa\u00edses e disse que eles t\u00eam &#8220;uma grande perspectiva ancorada na rela\u00e7\u00e3o de confian\u00e7a que existe&#8221;.<\/p>\n","protected":false},"excerpt":{"rendered":"<p>O M\u00e9xico iniciou, neste s\u00e1bado, uma nova etapa nas rela\u00e7\u00f5es com Cuba, &#8220;melhor e mais ampla&#8221;, afirmou o ministro das Rela\u00e7\u00f5es Exteriores Marcelo Ebrad, que visita Havana em momentos de alta tens\u00e3o entre a ilha e os Estados Unidos. &#8220;Hoje esta delega\u00e7\u00e3o est\u00e1 chegando para que possamos iniciar uma nova etapa, melhor e mais ampla, [&hellip;]<\/p>\n","protected":false},"author":2,"featured_media":219916,"comment_status":"closed","ping_status":"closed","sticky":false,"template":"","format":"standard","meta":{"_acf_changed":false,"footnotes":""},"categories":[17],"tags":[],"class_list":["post-219915","post","type-post","status-publish","format-standard","has-post-thumbnail","hentry","category-mundo"],"acf":[],"yoast_head":"<!-- This site is optimized with the Yoast SEO plugin v27.2 - https:\/\/yoast.com\/product\/yoast-seo-wordpress\/ -->\n<title>M\u00e9xico amplia rela\u00e7\u00f5es comerciais com Cuba - Notibras<\/title>\n<meta name=\"robots\" content=\"index, follow, max-snippet:-1, max-image-preview:large, max-video-preview:-1\" \/>\n<link rel=\"canonical\" href=\"https:\/\/www.notibras.com\/site\/mexico-amplia-relacoes-comerciais-com-cuba\/\" \/>\n<meta property=\"og:locale\" content=\"pt_BR\" \/>\n<meta property=\"og:type\" content=\"article\" \/>\n<meta property=\"og:title\" content=\"M\u00e9xico amplia rela\u00e7\u00f5es comerciais com Cuba - Notibras\" \/>\n<meta property=\"og:description\" content=\"O M\u00e9xico iniciou, neste s\u00e1bado, uma nova etapa nas rela\u00e7\u00f5es com Cuba, &#8220;melhor e mais ampla&#8221;, afirmou o ministro das Rela\u00e7\u00f5es Exteriores Marcelo Ebrad, que visita Havana em momentos de alta tens\u00e3o entre a ilha e os Estados Unidos. &#8220;Hoje esta delega\u00e7\u00e3o est\u00e1 chegando para que possamos iniciar uma nova etapa, melhor e mais ampla, [&hellip;]\" \/>\n<meta property=\"og:url\" content=\"https:\/\/www.notibras.com\/site\/mexico-amplia-relacoes-comerciais-com-cuba\/\" \/>\n<meta property=\"og:site_name\" content=\"Notibras\" \/>\n<meta property=\"article:publisher\" content=\"https:\/\/www.facebook.com\/notibras\/\" \/>\n<meta property=\"article:published_time\" content=\"2019-11-10T11:38:39+00:00\" \/>\n<meta property=\"article:modified_time\" content=\"2019-11-10T14:40:17+00:00\" \/>\n<meta property=\"og:image\" content=\"https:\/\/www.notibras.com\/site\/wp-content\/uploads\/2019\/11\/mexico-e-cuba.jpg\" \/>\n\t<meta property=\"og:image:width\" content=\"1000\" \/>\n\t<meta property=\"og:image:height\" content=\"724\" \/>\n\t<meta property=\"og:image:type\" content=\"image\/jpeg\" \/>\n<meta name=\"author\" content=\"Reda\u00e7\u00e3o\" \/>\n<meta name=\"twitter:card\" content=\"summary_large_image\" \/>\n<meta name=\"twitter:creator\" content=\"@Notibras\" \/>\n<meta name=\"twitter:site\" content=\"@Notibras\" \/>\n<meta name=\"twitter:label1\" content=\"Escrito por\" \/>\n\t<meta name=\"twitter:data1\" content=\"Reda\u00e7\u00e3o\" \/>\n\t<meta name=\"twitter:label2\" content=\"Est. tempo de leitura\" \/>\n\t<meta name=\"twitter:data2\" content=\"2 minutos\" \/>\n<script type=\"application\/ld+json\" class=\"yoast-schema-graph\">{\"@context\":\"https:\/\/schema.org\",\"@graph\":[{\"@type\":\"Article\",\"@id\":\"https:\/\/www.notibras.com\/site\/mexico-amplia-relacoes-comerciais-com-cuba\/#article\",\"isPartOf\":{\"@id\":\"https:\/\/www.notibras.com\/site\/mexico-amplia-relacoes-comerciais-com-cuba\/\"},\"author\":{\"name\":\"Reda\u00e7\u00e3o\",\"@id\":\"https:\/\/www.notibras.com\/site\/#\/schema\/person\/36ab0979449956132d3e5b517ea76ac8\"},\"headline\":\"M\u00e9xico amplia rela\u00e7\u00f5es comerciais com Cuba\",\"datePublished\":\"2019-11-10T11:38:39+00:00\",\"dateModified\":\"2019-11-10T14:40:17+00:00\",\"mainEntityOfPage\":{\"@id\":\"https:\/\/www.notibras.com\/site\/mexico-amplia-relacoes-comerciais-com-cuba\/\"},\"wordCount\":359,\"publisher\":{\"@id\":\"https:\/\/www.notibras.com\/site\/#organization\"},\"image\":{\"@id\":\"https:\/\/www.notibras.com\/site\/mexico-amplia-relacoes-comerciais-com-cuba\/#primaryimage\"},\"thumbnailUrl\":\"https:\/\/www.notibras.com\/site\/wp-content\/uploads\/2019\/11\/mexico-e-cuba.jpg\",\"articleSection\":[\"Mundo\"],\"inLanguage\":\"pt-BR\"},{\"@type\":\"WebPage\",\"@id\":\"https:\/\/www.notibras.com\/site\/mexico-amplia-relacoes-comerciais-com-cuba\/\",\"url\":\"https:\/\/www.notibras.com\/site\/mexico-amplia-relacoes-comerciais-com-cuba\/\",\"name\":\"M\u00e9xico amplia rela\u00e7\u00f5es comerciais com Cuba - Notibras\",\"isPartOf\":{\"@id\":\"https:\/\/www.notibras.com\/site\/#website\"},\"primaryImageOfPage\":{\"@id\":\"https:\/\/www.notibras.com\/site\/mexico-amplia-relacoes-comerciais-com-cuba\/#primaryimage\"},\"image\":{\"@id\":\"https:\/\/www.notibras.com\/site\/mexico-amplia-relacoes-comerciais-com-cuba\/#primaryimage\"},\"thumbnailUrl\":\"https:\/\/www.notibras.com\/site\/wp-content\/uploads\/2019\/11\/mexico-e-cuba.jpg\",\"datePublished\":\"2019-11-10T11:38:39+00:00\",\"dateModified\":\"2019-11-10T14:40:17+00:00\",\"breadcrumb\":{\"@id\":\"https:\/\/www.notibras.com\/site\/mexico-amplia-relacoes-comerciais-com-cuba\/#breadcrumb\"},\"inLanguage\":\"pt-BR\",\"potentialAction\":[{\"@type\":\"ReadAction\",\"target\":[\"https:\/\/www.notibras.com\/site\/mexico-amplia-relacoes-comerciais-com-cuba\/\"]}]},{\"@type\":\"ImageObject\",\"inLanguage\":\"pt-BR\",\"@id\":\"https:\/\/www.notibras.com\/site\/mexico-amplia-relacoes-comerciais-com-cuba\/#primaryimage\",\"url\":\"https:\/\/www.notibras.com\/site\/wp-content\/uploads\/2019\/11\/mexico-e-cuba.jpg\",\"contentUrl\":\"https:\/\/www.notibras.com\/site\/wp-content\/uploads\/2019\/11\/mexico-e-cuba.jpg\",\"width\":1000,\"height\":724},{\"@type\":\"BreadcrumbList\",\"@id\":\"https:\/\/www.notibras.com\/site\/mexico-amplia-relacoes-comerciais-com-cuba\/#breadcrumb\",\"itemListElement\":[{\"@type\":\"ListItem\",\"position\":1,\"name\":\"In\u00edcio\",\"item\":\"https:\/\/www.notibras.com\/site\/\"},{\"@type\":\"ListItem\",\"position\":2,\"name\":\"M\u00e9xico amplia rela\u00e7\u00f5es comerciais com Cuba\"}]},{\"@type\":\"WebSite\",\"@id\":\"https:\/\/www.notibras.com\/site\/#website\",\"url\":\"https:\/\/www.notibras.com\/site\/\",\"name\":\"Notibras\",\"description\":\"Not\u00edcias de Bras\u00edlia, do Brasil e do Mundo\",\"publisher\":{\"@id\":\"https:\/\/www.notibras.com\/site\/#organization\"},\"potentialAction\":[{\"@type\":\"SearchAction\",\"target\":{\"@type\":\"EntryPoint\",\"urlTemplate\":\"https:\/\/www.notibras.com\/site\/?s={search_term_string}\"},\"query-input\":{\"@type\":\"PropertyValueSpecification\",\"valueRequired\":true,\"valueName\":\"search_term_string\"}}],\"inLanguage\":\"pt-BR\"},{\"@type\":\"Organization\",\"@id\":\"https:\/\/www.notibras.com\/site\/#organization\",\"name\":\"Grupo Notibras de Comunica\u00e7\u00e3o\",\"url\":\"https:\/\/www.notibras.com\/site\/\",\"logo\":{\"@type\":\"ImageObject\",\"inLanguage\":\"pt-BR\",\"@id\":\"https:\/\/www.notibras.com\/site\/#\/schema\/logo\/image\/\",\"url\":\"https:\/\/www.notibras.com\/site\/wp-content\/uploads\/2023\/01\/notibras23.png\",\"contentUrl\":\"https:\/\/www.notibras.com\/site\/wp-content\/uploads\/2023\/01\/notibras23.png\",\"width\":350,\"height\":87,\"caption\":\"Grupo Notibras de Comunica\u00e7\u00e3o\"},\"image\":{\"@id\":\"https:\/\/www.notibras.com\/site\/#\/schema\/logo\/image\/\"},\"sameAs\":[\"https:\/\/www.facebook.com\/notibras\/\",\"https:\/\/x.com\/Notibras\",\"https:\/\/www.instagram.com\/notibras\/\"]},{\"@type\":\"Person\",\"@id\":\"https:\/\/www.notibras.com\/site\/#\/schema\/person\/36ab0979449956132d3e5b517ea76ac8\",\"name\":\"Reda\u00e7\u00e3o\",\"image\":{\"@type\":\"ImageObject\",\"inLanguage\":\"pt-BR\",\"@id\":\"https:\/\/secure.gravatar.com\/avatar\/e0a867bdedb85fd243eadf09663511f96fc81e0720a4a42581f334ad4303aa6b?s=96&d=mm&r=g\",\"url\":\"https:\/\/secure.gravatar.com\/avatar\/e0a867bdedb85fd243eadf09663511f96fc81e0720a4a42581f334ad4303aa6b?s=96&d=mm&r=g\",\"contentUrl\":\"https:\/\/secure.gravatar.com\/avatar\/e0a867bdedb85fd243eadf09663511f96fc81e0720a4a42581f334ad4303aa6b?s=96&d=mm&r=g\",\"caption\":\"Reda\u00e7\u00e3o\"}}]}<\/script>\n<!-- \/ Yoast SEO plugin. -->","yoast_head_json":{"title":"M\u00e9xico amplia rela\u00e7\u00f5es comerciais com Cuba - Notibras","robots":{"index":"index","follow":"follow","max-snippet":"max-snippet:-1","max-image-preview":"max-image-preview:large","max-video-preview":"max-video-preview:-1"},"canonical":"https:\/\/www.notibras.com\/site\/mexico-amplia-relacoes-comerciais-com-cuba\/","og_locale":"pt_BR","og_type":"article","og_title":"M\u00e9xico amplia rela\u00e7\u00f5es comerciais com Cuba - Notibras","og_description":"O M\u00e9xico iniciou, neste s\u00e1bado, uma nova etapa nas rela\u00e7\u00f5es com Cuba, &#8220;melhor e mais ampla&#8221;, afirmou o ministro das Rela\u00e7\u00f5es Exteriores Marcelo Ebrad, que visita Havana em momentos de alta tens\u00e3o entre a ilha e os Estados Unidos. &#8220;Hoje esta delega\u00e7\u00e3o est\u00e1 chegando para que possamos iniciar uma nova etapa, melhor e mais ampla, [&hellip;]","og_url":"https:\/\/www.notibras.com\/site\/mexico-amplia-relacoes-comerciais-com-cuba\/","og_site_name":"Notibras","article_publisher":"https:\/\/www.facebook.com\/notibras\/","article_published_time":"2019-11-10T11:38:39+00:00","article_modified_time":"2019-11-10T14:40:17+00:00","og_image":[{"width":1000,"height":724,"url":"https:\/\/www.notibras.com\/site\/wp-content\/uploads\/2019\/11\/mexico-e-cuba.jpg","type":"image\/jpeg"}],"author":"Reda\u00e7\u00e3o","twitter_card":"summary_large_image","twitter_creator":"@Notibras","twitter_site":"@Notibras","twitter_misc":{"Escrito por":"Reda\u00e7\u00e3o","Est. tempo de leitura":"2 minutos"},"schema":{"@context":"https:\/\/schema.org","@graph":[{"@type":"Article","@id":"https:\/\/www.notibras.com\/site\/mexico-amplia-relacoes-comerciais-com-cuba\/#article","isPartOf":{"@id":"https:\/\/www.notibras.com\/site\/mexico-amplia-relacoes-comerciais-com-cuba\/"},"author":{"name":"Reda\u00e7\u00e3o","@id":"https:\/\/www.notibras.com\/site\/#\/schema\/person\/36ab0979449956132d3e5b517ea76ac8"},"headline":"M\u00e9xico amplia rela\u00e7\u00f5es comerciais com Cuba","datePublished":"2019-11-10T11:38:39+00:00","dateModified":"2019-11-10T14:40:17+00:00","mainEntityOfPage":{"@id":"https:\/\/www.notibras.com\/site\/mexico-amplia-relacoes-comerciais-com-cuba\/"},"wordCount":359,"publisher":{"@id":"https:\/\/www.notibras.com\/site\/#organization"},"image":{"@id":"https:\/\/www.notibras.com\/site\/mexico-amplia-relacoes-comerciais-com-cuba\/#primaryimage"},"thumbnailUrl":"https:\/\/www.notibras.com\/site\/wp-content\/uploads\/2019\/11\/mexico-e-cuba.jpg","articleSection":["Mundo"],"inLanguage":"pt-BR"},{"@type":"WebPage","@id":"https:\/\/www.notibras.com\/site\/mexico-amplia-relacoes-comerciais-com-cuba\/","url":"https:\/\/www.notibras.com\/site\/mexico-amplia-relacoes-comerciais-com-cuba\/","name":"M\u00e9xico amplia rela\u00e7\u00f5es comerciais com Cuba - Notibras","isPartOf":{"@id":"https:\/\/www.notibras.com\/site\/#website"},"primaryImageOfPage":{"@id":"https:\/\/www.notibras.com\/site\/mexico-amplia-relacoes-comerciais-com-cuba\/#primaryimage"},"image":{"@id":"https:\/\/www.notibras.com\/site\/mexico-amplia-relacoes-comerciais-com-cuba\/#primaryimage"},"thumbnailUrl":"https:\/\/www.notibras.com\/site\/wp-content\/uploads\/2019\/11\/mexico-e-cuba.jpg","datePublished":"2019-11-10T11:38:39+00:00","dateModified":"2019-11-10T14:40:17+00:00","breadcrumb":{"@id":"https:\/\/www.notibras.com\/site\/mexico-amplia-relacoes-comerciais-com-cuba\/#breadcrumb"},"inLanguage":"pt-BR","potentialAction":[{"@type":"ReadAction","target":["https:\/\/www.notibras.com\/site\/mexico-amplia-relacoes-comerciais-com-cuba\/"]}]},{"@type":"ImageObject","inLanguage":"pt-BR","@id":"https:\/\/www.notibras.com\/site\/mexico-amplia-relacoes-comerciais-com-cuba\/#primaryimage","url":"https:\/\/www.notibras.com\/site\/wp-content\/uploads\/2019\/11\/mexico-e-cuba.jpg","contentUrl":"https:\/\/www.notibras.com\/site\/wp-content\/uploads\/2019\/11\/mexico-e-cuba.jpg","width":1000,"height":724},{"@type":"BreadcrumbList","@id":"https:\/\/www.notibras.com\/site\/mexico-amplia-relacoes-comerciais-com-cuba\/#breadcrumb","itemListElement":[{"@type":"ListItem","position":1,"name":"In\u00edcio","item":"https:\/\/www.notibras.com\/site\/"},{"@type":"ListItem","position":2,"name":"M\u00e9xico amplia rela\u00e7\u00f5es comerciais com Cuba"}]},{"@type":"WebSite","@id":"https:\/\/www.notibras.com\/site\/#website","url":"https:\/\/www.notibras.com\/site\/","name":"Notibras","description":"Not\u00edcias de Bras\u00edlia, do Brasil e do Mundo","publisher":{"@id":"https:\/\/www.notibras.com\/site\/#organization"},"potentialAction":[{"@type":"SearchAction","target":{"@type":"EntryPoint","urlTemplate":"https:\/\/www.notibras.com\/site\/?s={search_term_string}"},"query-input":{"@type":"PropertyValueSpecification","valueRequired":true,"valueName":"search_term_string"}}],"inLanguage":"pt-BR"},{"@type":"Organization","@id":"https:\/\/www.notibras.com\/site\/#organization","name":"Grupo Notibras de Comunica\u00e7\u00e3o","url":"https:\/\/www.notibras.com\/site\/","logo":{"@type":"ImageObject","inLanguage":"pt-BR","@id":"https:\/\/www.notibras.com\/site\/#\/schema\/logo\/image\/","url":"https:\/\/www.notibras.com\/site\/wp-content\/uploads\/2023\/01\/notibras23.png","contentUrl":"https:\/\/www.notibras.com\/site\/wp-content\/uploads\/2023\/01\/notibras23.png","width":350,"height":87,"caption":"Grupo Notibras de Comunica\u00e7\u00e3o"},"image":{"@id":"https:\/\/www.notibras.com\/site\/#\/schema\/logo\/image\/"},"sameAs":["https:\/\/www.facebook.com\/notibras\/","https:\/\/x.com\/Notibras","https:\/\/www.instagram.com\/notibras\/"]},{"@type":"Person","@id":"https:\/\/www.notibras.com\/site\/#\/schema\/person\/36ab0979449956132d3e5b517ea76ac8","name":"Reda\u00e7\u00e3o","image":{"@type":"ImageObject","inLanguage":"pt-BR","@id":"https:\/\/secure.gravatar.com\/avatar\/e0a867bdedb85fd243eadf09663511f96fc81e0720a4a42581f334ad4303aa6b?s=96&d=mm&r=g","url":"https:\/\/secure.gravatar.com\/avatar\/e0a867bdedb85fd243eadf09663511f96fc81e0720a4a42581f334ad4303aa6b?s=96&d=mm&r=g","contentUrl":"https:\/\/secure.gravatar.com\/avatar\/e0a867bdedb85fd243eadf09663511f96fc81e0720a4a42581f334ad4303aa6b?s=96&d=mm&r=g","caption":"Reda\u00e7\u00e3o"}}]}},"amp_enabled":true,"_links":{"self":[{"href":"https:\/\/www.notibras.com\/site\/wp-json\/wp\/v2\/posts\/219915","targetHints":{"allow":["GET"]}}],"collection":[{"href":"https:\/\/www.notibras.com\/site\/wp-json\/wp\/v2\/posts"}],"about":[{"href":"https:\/\/www.notibras.com\/site\/wp-json\/wp\/v2\/types\/post"}],"author":[{"embeddable":true,"href":"https:\/\/www.notibras.com\/site\/wp-json\/wp\/v2\/users\/2"}],"replies":[{"embeddable":true,"href":"https:\/\/www.notibras.com\/site\/wp-json\/wp\/v2\/comments?post=219915"}],"version-history":[{"count":1,"href":"https:\/\/www.notibras.com\/site\/wp-json\/wp\/v2\/posts\/219915\/revisions"}],"predecessor-version":[{"id":219917,"href":"https:\/\/www.notibras.com\/site\/wp-json\/wp\/v2\/posts\/219915\/revisions\/219917"}],"wp:featuredmedia":[{"embeddable":true,"href":"https:\/\/www.notibras.com\/site\/wp-json\/wp\/v2\/media\/219916"}],"wp:attachment":[{"href":"https:\/\/www.notibras.com\/site\/wp-json\/wp\/v2\/media?parent=219915"}],"wp:term":[{"taxonomy":"category","embeddable":true,"href":"https:\/\/www.notibras.com\/site\/wp-json\/wp\/v2\/categories?post=219915"},{"taxonomy":"post_tag","embeddable":true,"href":"https:\/\/www.notibras.com\/site\/wp-json\/wp\/v2\/tags?post=219915"}],"curies":[{"name":"wp","href":"https:\/\/api.w.org\/{rel}","templated":true}]}}