{"id":22004,"date":"2014-09-11T20:58:29","date_gmt":"2014-09-11T23:58:29","guid":{"rendered":"http:\/\/www.notibras.com\/site\/?p=22004"},"modified":"2014-09-12T07:25:07","modified_gmt":"2014-09-12T10:25:07","slug":"tucano-anastasia-segue-tranquilo-para-virar-senador-por-minas-gerais","status":"publish","type":"post","link":"https:\/\/www.notibras.com\/site\/tucano-anastasia-segue-tranquilo-para-virar-senador-por-minas-gerais\/","title":{"rendered":"Tucano Anastasia segue tranquilo para virar senador por Minas Gerais"},"content":{"rendered":"<p>Uma pesquisa Datafolha divulgada nesta quinta-feira (11) aponta os seguintes percentuais de inten\u00e7\u00e3o de voto para a vaga de Minas Gerais ao Senado:<\/p>\n<blockquote><p>Antonio Anastasia (PSDB) &#8211; 44%<br \/>\nJosu\u00e9 Alencar (PMDB) &#8211; 12%<br \/>\nTarc\u00edsio (PSDC) &#8211; 3%<br \/>\nMargarida Vieira (PSB) &#8211; 2%<br \/>\nEdilson Nascimento (PTdoB) &#8211; 1%<br \/>\nGra\u00e7a (PCO) &#8211; 1%<br \/>\nPablo Lima (PCB) &#8211; 1%<br \/>\nGeraldo Batata (PSTU) &#8211; 1%<br \/>\nBrancos e nulos &#8211; 10%<br \/>\nN\u00e3o sabe &#8211; 26%<\/p><\/blockquote>\n<p>Os candidatos do PSDB e do PMDB ao Senado mantiveram os mesmos \u00edndices da \u00faltima pesquisa do instituto. Na pesquisa anterior, realizada nos dias 2 e 3 de setembro, Anastasia tinha 44% das inten\u00e7\u00f5es de voto e Josu\u00e9 Alencar, 12%.<\/p>\n<p>A pesquisa foi encomendada pela TV Globo.<\/p>\n<p>A pesquisa foi realizada entre os dias 8 e 9 de setembro. Foram entrevistados 1.295 eleitores. A margem de erro \u00e9 de tr\u00eas pontos percentuais, para mais ou para menos. O n\u00edvel de confian\u00e7a \u00e9 de 95%. Isso significa que, se forem realizados 100 levantamentos, em 95 deles os resultados estariam dentro da margem de erro de tr\u00eas pontos prevista.<\/p>\n<p>A pesquisa est\u00e1 registrada no Tribunal Regional Eleitoral de <a class=\"premium-tip\" href=\"http:\/\/g1.globo.com\/topico\/minas-gerais.html\">Minas Gerais<\/a> (TRE-MG) sob o n\u00famero 00080\/2014.<\/p>\n","protected":false},"excerpt":{"rendered":"<p>Uma pesquisa Datafolha divulgada nesta quinta-feira (11) aponta os seguintes percentuais de inten\u00e7\u00e3o de voto para a vaga de Minas Gerais ao Senado: Antonio Anastasia (PSDB) &#8211; 44% Josu\u00e9 Alencar (PMDB) &#8211; 12% Tarc\u00edsio (PSDC) &#8211; 3% Margarida Vieira (PSB) &#8211; 2% Edilson Nascimento (PTdoB) &#8211; 1% Gra\u00e7a (PCO) &#8211; 1% Pablo Lima (PCB) &#8211; [&hellip;]<\/p>\n","protected":false},"author":2,"featured_media":22005,"comment_status":"open","ping_status":"closed","sticky":false,"template":"","format":"standard","meta":{"_acf_changed":false,"footnotes":""},"categories":[33],"tags":[],"class_list":["post-22004","post","type-post","status-publish","format-standard","has-post-thumbnail","hentry","category-eleicoes-2014"],"acf":[],"_links":{"self":[{"href":"https:\/\/www.notibras.com\/site\/wp-json\/wp\/v2\/posts\/22004","targetHints":{"allow":["GET"]}}],"collection":[{"href":"https:\/\/www.notibras.com\/site\/wp-json\/wp\/v2\/posts"}],"about":[{"href":"https:\/\/www.notibras.com\/site\/wp-json\/wp\/v2\/types\/post"}],"author":[{"embeddable":true,"href":"https:\/\/www.notibras.com\/site\/wp-json\/wp\/v2\/users\/2"}],"replies":[{"embeddable":true,"href":"https:\/\/www.notibras.com\/site\/wp-json\/wp\/v2\/comments?post=22004"}],"version-history":[{"count":0,"href":"https:\/\/www.notibras.com\/site\/wp-json\/wp\/v2\/posts\/22004\/revisions"}],"wp:featuredmedia":[{"embeddable":true,"href":"https:\/\/www.notibras.com\/site\/wp-json\/wp\/v2\/media\/22005"}],"wp:attachment":[{"href":"https:\/\/www.notibras.com\/site\/wp-json\/wp\/v2\/media?parent=22004"}],"wp:term":[{"taxonomy":"category","embeddable":true,"href":"https:\/\/www.notibras.com\/site\/wp-json\/wp\/v2\/categories?post=22004"},{"taxonomy":"post_tag","embeddable":true,"href":"https:\/\/www.notibras.com\/site\/wp-json\/wp\/v2\/tags?post=22004"}],"curies":[{"name":"wp","href":"https:\/\/api.w.org\/{rel}","templated":true}]}}