{"id":22026,"date":"2014-09-12T03:03:53","date_gmt":"2014-09-12T06:03:53","guid":{"rendered":"http:\/\/www.notibras.com\/site\/?p=22026"},"modified":"2014-09-12T03:03:53","modified_gmt":"2014-09-12T06:03:53","slug":"ascensao-de-marina-ao-poder-e-a-abertura-do-caminho-para-o-caos","status":"publish","type":"post","link":"https:\/\/www.notibras.com\/site\/ascensao-de-marina-ao-poder-e-a-abertura-do-caminho-para-o-caos\/","title":{"rendered":"Ascens\u00e3o de Marina ao poder \u00e9 a abertura do caminho para o caos"},"content":{"rendered":"<p>Ainda antes da ascens\u00e3o da Marina j\u00e1 se suspeitava de prov\u00e1vel derrota do PT, sem d\u00favida merecida. Com seu esquerdismo infantil o PT afastava as elites pensantes e a oligarquia financeira internacional j\u00e1 decidira. Ela \u00e9 muito forte, e dominando a imprensa, provocou um pessimismo exagerado com o qual nada funciona.<\/p>\n<p>A simples suspeita que a Dilma crie coragem e varra a corrup\u00e7\u00e3o assustou toda a classe pol\u00edtica e que force a baixa dos juros assustou a oligarquia financeira. Ao n\u00e3o denunciar a portaria 169 da OIT afastou o apoio dos nacionalistas. Se n\u00e3o fosse o internacionalismo dos advers\u00e1rios teria merecido mesmo a derrota. Naturalmente, quando o navio vai afundar, os ratos se mandam.<\/p>\n<p>Os aliados desaparecem. Romero Juc\u00e1, mudou para o A\u00e9cio e j\u00e1 balan\u00e7a para a Marina. O Sarney anunciou a retirada da pol\u00edtica, \u00e9 claro que o Titanic est\u00e1 afundando. Ainda tem o que deve sair a respeito da Petrobr\u00e1s e a justa indigna\u00e7\u00e3o dos velhos combatentes de 64 precisaria ser engolida para evitar\u00a0 a irresponsabilidade de uma administra\u00e7\u00e3o da Marina.<\/p>\n<p>Mesmo decepcionados com a Presidente, os nacionalistas desconfiavam do A\u00e9cio em fun\u00e7\u00e3o da proximidade com o FHC e das desnacionaliza\u00e7\u00f5es dele. Se do A\u00e9cio apenas desconfiavam, quanto a Marina a convic\u00e7\u00e3o,\u00a0 ou melhor a certeza \u00e9 que ela \u00e9 muito pior\u00a0 pois \u00e9 a legitima representante da oligarquia internacional, que criar\u00e1 obst\u00e1culos a produ\u00e7\u00e3o agr\u00edcola, que causar\u00e1 infla\u00e7\u00e3o e fome e que provocar\u00e1 uma nova revolu\u00e7\u00e3o, a qual ningu\u00e9m sabe como terminar\u00e1. Talvez se venha a trocar um governo que n\u00e3o corresponde aos nossos desejos por um pior ainda.\u00a0 Que Deus nos proteja.<\/p>\n<blockquote><p>Marina Silva \u00e9 um engodo. A Rede sabe disso. Eduardo Campos tamb\u00e9m sabia. O que ela tem de valioso s\u00e3o os votos de quem, sem entender o que diz, prefere uma frase com p\u00e9 e sem cabe\u00e7a, frases sem uma coisa nem outra e fingem n\u00e3o ver que o rei ETA nu. Agora ela finge converter-se no que sempre combateu, certamente por orienta\u00e7\u00e3o de seus marqueteiros. \u00c9 falsa! Muito falsa.<\/p><\/blockquote>\n<p>A eventual consagra\u00e7\u00e3o de Marina Silva como presidente da Rep\u00fablica significar\u00e1 o passo final para o caos, pois a possibilidade de governan\u00e7a ou governabilidade\u00a0 tende a desaparecer. Uma \u00fanica medida anunciada por ela, a de carimbar 10% da verba or\u00e7ament\u00e1ria para a sa\u00fade, mostra o tamanho do despreparo da candidata. O Estado n\u00e3o tem que gerenciar apenas a sa\u00fade, mas tamb\u00e9m outras fun\u00e7\u00f5es al\u00e9m da educa\u00e7\u00e3o: a diplomacia, a defesa, a justi\u00e7a, etc. Um presidente da Rep\u00fablica precisa governar para todos os brasileiros e n\u00e3o apenas para sua curr\u00edola pol\u00edtica. Tem que ter ao menos um verniz de estadista, coisa que ela n\u00e3o tem. Nem sequer a apar\u00eancia.<\/p>\n<p><strong>Gelio Fregapani<\/strong><\/p>\n","protected":false},"excerpt":{"rendered":"<p>Ainda antes da ascens\u00e3o da Marina j\u00e1 se suspeitava de prov\u00e1vel derrota do PT, sem d\u00favida merecida. Com seu esquerdismo infantil o PT afastava as elites pensantes e a oligarquia financeira internacional j\u00e1 decidira. Ela \u00e9 muito forte, e dominando a imprensa, provocou um pessimismo exagerado com o qual nada funciona. A simples suspeita que [&hellip;]<\/p>\n","protected":false},"author":2,"featured_media":22027,"comment_status":"open","ping_status":"closed","sticky":false,"template":"","format":"standard","meta":{"_acf_changed":false,"footnotes":""},"categories":[25],"tags":[],"class_list":["post-22026","post","type-post","status-publish","format-standard","has-post-thumbnail","hentry","category-opina-ai"],"acf":[],"yoast_head":"<!-- This site is optimized with the Yoast SEO plugin v27.5 - https:\/\/yoast.com\/product\/yoast-seo-wordpress\/ -->\n<title>Ascens\u00e3o de Marina ao poder \u00e9 a abertura do caminho para o caos - Notibras<\/title>\n<meta name=\"robots\" content=\"index, follow, max-snippet:-1, max-image-preview:large, max-video-preview:-1\" \/>\n<link rel=\"canonical\" href=\"https:\/\/www.notibras.com\/site\/ascensao-de-marina-ao-poder-e-a-abertura-do-caminho-para-o-caos\/\" \/>\n<meta property=\"og:locale\" content=\"pt_BR\" \/>\n<meta property=\"og:type\" content=\"article\" \/>\n<meta property=\"og:title\" content=\"Ascens\u00e3o de Marina ao poder \u00e9 a abertura do caminho para o caos - Notibras\" \/>\n<meta property=\"og:description\" content=\"Ainda antes da ascens\u00e3o da Marina j\u00e1 se suspeitava de prov\u00e1vel derrota do PT, sem d\u00favida merecida. Com seu esquerdismo infantil o PT afastava as elites pensantes e a oligarquia financeira internacional j\u00e1 decidira. Ela \u00e9 muito forte, e dominando a imprensa, provocou um pessimismo exagerado com o qual nada funciona. A simples suspeita que [&hellip;]\" \/>\n<meta property=\"og:url\" content=\"https:\/\/www.notibras.com\/site\/ascensao-de-marina-ao-poder-e-a-abertura-do-caminho-para-o-caos\/\" \/>\n<meta property=\"og:site_name\" content=\"Notibras\" \/>\n<meta property=\"article:publisher\" content=\"https:\/\/www.facebook.com\/notibras\/\" \/>\n<meta property=\"article:published_time\" content=\"2014-09-12T06:03:53+00:00\" \/>\n<meta property=\"og:image\" content=\"https:\/\/www.notibras.com\/site\/wp-content\/uploads\/2014\/09\/Marina-Silva-coordenador-deixa-campanha.jpg\" \/>\n\t<meta property=\"og:image:width\" content=\"800\" \/>\n\t<meta property=\"og:image:height\" content=\"521\" \/>\n\t<meta property=\"og:image:type\" content=\"image\/jpeg\" \/>\n<meta name=\"author\" content=\"Reda\u00e7\u00e3o\" \/>\n<meta name=\"twitter:card\" content=\"summary_large_image\" \/>\n<meta name=\"twitter:creator\" content=\"@Notibras\" \/>\n<meta name=\"twitter:site\" content=\"@Notibras\" \/>\n<meta name=\"twitter:label1\" content=\"Escrito por\" \/>\n\t<meta name=\"twitter:data1\" content=\"Reda\u00e7\u00e3o\" \/>\n\t<meta name=\"twitter:label2\" content=\"Est. tempo de leitura\" \/>\n\t<meta name=\"twitter:data2\" content=\"2 minutos\" \/>\n<script type=\"application\/ld+json\" class=\"yoast-schema-graph\">{\"@context\":\"https:\\\/\\\/schema.org\",\"@graph\":[{\"@type\":\"Article\",\"@id\":\"https:\\\/\\\/www.notibras.com\\\/site\\\/ascensao-de-marina-ao-poder-e-a-abertura-do-caminho-para-o-caos\\\/#article\",\"isPartOf\":{\"@id\":\"https:\\\/\\\/www.notibras.com\\\/site\\\/ascensao-de-marina-ao-poder-e-a-abertura-do-caminho-para-o-caos\\\/\"},\"author\":{\"name\":\"Reda\u00e7\u00e3o\",\"@id\":\"https:\\\/\\\/www.notibras.com\\\/site\\\/#\\\/schema\\\/person\\\/36ab0979449956132d3e5b517ea76ac8\"},\"headline\":\"Ascens\u00e3o de Marina ao poder \u00e9 a abertura do caminho para o caos\",\"datePublished\":\"2014-09-12T06:03:53+00:00\",\"mainEntityOfPage\":{\"@id\":\"https:\\\/\\\/www.notibras.com\\\/site\\\/ascensao-de-marina-ao-poder-e-a-abertura-do-caminho-para-o-caos\\\/\"},\"wordCount\":500,\"commentCount\":0,\"publisher\":{\"@id\":\"https:\\\/\\\/www.notibras.com\\\/site\\\/#organization\"},\"image\":{\"@id\":\"https:\\\/\\\/www.notibras.com\\\/site\\\/ascensao-de-marina-ao-poder-e-a-abertura-do-caminho-para-o-caos\\\/#primaryimage\"},\"thumbnailUrl\":\"https:\\\/\\\/www.notibras.com\\\/site\\\/wp-content\\\/uploads\\\/2014\\\/09\\\/Marina-Silva-coordenador-deixa-campanha.jpg\",\"articleSection\":[\"Opina a\u00ed\"],\"inLanguage\":\"pt-BR\",\"potentialAction\":[{\"@type\":\"CommentAction\",\"name\":\"Comment\",\"target\":[\"https:\\\/\\\/www.notibras.com\\\/site\\\/ascensao-de-marina-ao-poder-e-a-abertura-do-caminho-para-o-caos\\\/#respond\"]}]},{\"@type\":\"WebPage\",\"@id\":\"https:\\\/\\\/www.notibras.com\\\/site\\\/ascensao-de-marina-ao-poder-e-a-abertura-do-caminho-para-o-caos\\\/\",\"url\":\"https:\\\/\\\/www.notibras.com\\\/site\\\/ascensao-de-marina-ao-poder-e-a-abertura-do-caminho-para-o-caos\\\/\",\"name\":\"Ascens\u00e3o de Marina ao poder \u00e9 a abertura do caminho para o caos - Notibras\",\"isPartOf\":{\"@id\":\"https:\\\/\\\/www.notibras.com\\\/site\\\/#website\"},\"primaryImageOfPage\":{\"@id\":\"https:\\\/\\\/www.notibras.com\\\/site\\\/ascensao-de-marina-ao-poder-e-a-abertura-do-caminho-para-o-caos\\\/#primaryimage\"},\"image\":{\"@id\":\"https:\\\/\\\/www.notibras.com\\\/site\\\/ascensao-de-marina-ao-poder-e-a-abertura-do-caminho-para-o-caos\\\/#primaryimage\"},\"thumbnailUrl\":\"https:\\\/\\\/www.notibras.com\\\/site\\\/wp-content\\\/uploads\\\/2014\\\/09\\\/Marina-Silva-coordenador-deixa-campanha.jpg\",\"datePublished\":\"2014-09-12T06:03:53+00:00\",\"breadcrumb\":{\"@id\":\"https:\\\/\\\/www.notibras.com\\\/site\\\/ascensao-de-marina-ao-poder-e-a-abertura-do-caminho-para-o-caos\\\/#breadcrumb\"},\"inLanguage\":\"pt-BR\",\"potentialAction\":[{\"@type\":\"ReadAction\",\"target\":[\"https:\\\/\\\/www.notibras.com\\\/site\\\/ascensao-de-marina-ao-poder-e-a-abertura-do-caminho-para-o-caos\\\/\"]}]},{\"@type\":\"ImageObject\",\"inLanguage\":\"pt-BR\",\"@id\":\"https:\\\/\\\/www.notibras.com\\\/site\\\/ascensao-de-marina-ao-poder-e-a-abertura-do-caminho-para-o-caos\\\/#primaryimage\",\"url\":\"https:\\\/\\\/www.notibras.com\\\/site\\\/wp-content\\\/uploads\\\/2014\\\/09\\\/Marina-Silva-coordenador-deixa-campanha.jpg\",\"contentUrl\":\"https:\\\/\\\/www.notibras.com\\\/site\\\/wp-content\\\/uploads\\\/2014\\\/09\\\/Marina-Silva-coordenador-deixa-campanha.jpg\",\"width\":800,\"height\":521,\"caption\":\"Foto\\\/Arquivo Notibras\"},{\"@type\":\"BreadcrumbList\",\"@id\":\"https:\\\/\\\/www.notibras.com\\\/site\\\/ascensao-de-marina-ao-poder-e-a-abertura-do-caminho-para-o-caos\\\/#breadcrumb\",\"itemListElement\":[{\"@type\":\"ListItem\",\"position\":1,\"name\":\"In\u00edcio\",\"item\":\"https:\\\/\\\/www.notibras.com\\\/site\\\/\"},{\"@type\":\"ListItem\",\"position\":2,\"name\":\"Ascens\u00e3o de Marina ao poder \u00e9 a abertura do caminho para o caos\"}]},{\"@type\":\"WebSite\",\"@id\":\"https:\\\/\\\/www.notibras.com\\\/site\\\/#website\",\"url\":\"https:\\\/\\\/www.notibras.com\\\/site\\\/\",\"name\":\"Notibras\",\"description\":\"Not\u00edcias de Bras\u00edlia, do Brasil e do Mundo\",\"publisher\":{\"@id\":\"https:\\\/\\\/www.notibras.com\\\/site\\\/#organization\"},\"potentialAction\":[{\"@type\":\"SearchAction\",\"target\":{\"@type\":\"EntryPoint\",\"urlTemplate\":\"https:\\\/\\\/www.notibras.com\\\/site\\\/?s={search_term_string}\"},\"query-input\":{\"@type\":\"PropertyValueSpecification\",\"valueRequired\":true,\"valueName\":\"search_term_string\"}}],\"inLanguage\":\"pt-BR\"},{\"@type\":\"Organization\",\"@id\":\"https:\\\/\\\/www.notibras.com\\\/site\\\/#organization\",\"name\":\"Grupo Notibras de Comunica\u00e7\u00e3o\",\"url\":\"https:\\\/\\\/www.notibras.com\\\/site\\\/\",\"logo\":{\"@type\":\"ImageObject\",\"inLanguage\":\"pt-BR\",\"@id\":\"https:\\\/\\\/www.notibras.com\\\/site\\\/#\\\/schema\\\/logo\\\/image\\\/\",\"url\":\"https:\\\/\\\/www.notibras.com\\\/site\\\/wp-content\\\/uploads\\\/2023\\\/01\\\/notibras23.png\",\"contentUrl\":\"https:\\\/\\\/www.notibras.com\\\/site\\\/wp-content\\\/uploads\\\/2023\\\/01\\\/notibras23.png\",\"width\":350,\"height\":87,\"caption\":\"Grupo Notibras de Comunica\u00e7\u00e3o\"},\"image\":{\"@id\":\"https:\\\/\\\/www.notibras.com\\\/site\\\/#\\\/schema\\\/logo\\\/image\\\/\"},\"sameAs\":[\"https:\\\/\\\/www.facebook.com\\\/notibras\\\/\",\"https:\\\/\\\/x.com\\\/Notibras\",\"https:\\\/\\\/www.instagram.com\\\/notibras\\\/\"]},{\"@type\":\"Person\",\"@id\":\"https:\\\/\\\/www.notibras.com\\\/site\\\/#\\\/schema\\\/person\\\/36ab0979449956132d3e5b517ea76ac8\",\"name\":\"Reda\u00e7\u00e3o\",\"image\":{\"@type\":\"ImageObject\",\"inLanguage\":\"pt-BR\",\"@id\":\"https:\\\/\\\/secure.gravatar.com\\\/avatar\\\/e0a867bdedb85fd243eadf09663511f96fc81e0720a4a42581f334ad4303aa6b?s=96&d=mm&r=g\",\"url\":\"https:\\\/\\\/secure.gravatar.com\\\/avatar\\\/e0a867bdedb85fd243eadf09663511f96fc81e0720a4a42581f334ad4303aa6b?s=96&d=mm&r=g\",\"contentUrl\":\"https:\\\/\\\/secure.gravatar.com\\\/avatar\\\/e0a867bdedb85fd243eadf09663511f96fc81e0720a4a42581f334ad4303aa6b?s=96&d=mm&r=g\",\"caption\":\"Reda\u00e7\u00e3o\"}}]}<\/script>\n<!-- \/ Yoast SEO plugin. -->","yoast_head_json":{"title":"Ascens\u00e3o de Marina ao poder \u00e9 a abertura do caminho para o caos - Notibras","robots":{"index":"index","follow":"follow","max-snippet":"max-snippet:-1","max-image-preview":"max-image-preview:large","max-video-preview":"max-video-preview:-1"},"canonical":"https:\/\/www.notibras.com\/site\/ascensao-de-marina-ao-poder-e-a-abertura-do-caminho-para-o-caos\/","og_locale":"pt_BR","og_type":"article","og_title":"Ascens\u00e3o de Marina ao poder \u00e9 a abertura do caminho para o caos - Notibras","og_description":"Ainda antes da ascens\u00e3o da Marina j\u00e1 se suspeitava de prov\u00e1vel derrota do PT, sem d\u00favida merecida. Com seu esquerdismo infantil o PT afastava as elites pensantes e a oligarquia financeira internacional j\u00e1 decidira. Ela \u00e9 muito forte, e dominando a imprensa, provocou um pessimismo exagerado com o qual nada funciona. A simples suspeita que [&hellip;]","og_url":"https:\/\/www.notibras.com\/site\/ascensao-de-marina-ao-poder-e-a-abertura-do-caminho-para-o-caos\/","og_site_name":"Notibras","article_publisher":"https:\/\/www.facebook.com\/notibras\/","article_published_time":"2014-09-12T06:03:53+00:00","og_image":[{"width":800,"height":521,"url":"https:\/\/www.notibras.com\/site\/wp-content\/uploads\/2014\/09\/Marina-Silva-coordenador-deixa-campanha.jpg","type":"image\/jpeg"}],"author":"Reda\u00e7\u00e3o","twitter_card":"summary_large_image","twitter_creator":"@Notibras","twitter_site":"@Notibras","twitter_misc":{"Escrito por":"Reda\u00e7\u00e3o","Est. tempo de leitura":"2 minutos"},"schema":{"@context":"https:\/\/schema.org","@graph":[{"@type":"Article","@id":"https:\/\/www.notibras.com\/site\/ascensao-de-marina-ao-poder-e-a-abertura-do-caminho-para-o-caos\/#article","isPartOf":{"@id":"https:\/\/www.notibras.com\/site\/ascensao-de-marina-ao-poder-e-a-abertura-do-caminho-para-o-caos\/"},"author":{"name":"Reda\u00e7\u00e3o","@id":"https:\/\/www.notibras.com\/site\/#\/schema\/person\/36ab0979449956132d3e5b517ea76ac8"},"headline":"Ascens\u00e3o de Marina ao poder \u00e9 a abertura do caminho para o caos","datePublished":"2014-09-12T06:03:53+00:00","mainEntityOfPage":{"@id":"https:\/\/www.notibras.com\/site\/ascensao-de-marina-ao-poder-e-a-abertura-do-caminho-para-o-caos\/"},"wordCount":500,"commentCount":0,"publisher":{"@id":"https:\/\/www.notibras.com\/site\/#organization"},"image":{"@id":"https:\/\/www.notibras.com\/site\/ascensao-de-marina-ao-poder-e-a-abertura-do-caminho-para-o-caos\/#primaryimage"},"thumbnailUrl":"https:\/\/www.notibras.com\/site\/wp-content\/uploads\/2014\/09\/Marina-Silva-coordenador-deixa-campanha.jpg","articleSection":["Opina a\u00ed"],"inLanguage":"pt-BR","potentialAction":[{"@type":"CommentAction","name":"Comment","target":["https:\/\/www.notibras.com\/site\/ascensao-de-marina-ao-poder-e-a-abertura-do-caminho-para-o-caos\/#respond"]}]},{"@type":"WebPage","@id":"https:\/\/www.notibras.com\/site\/ascensao-de-marina-ao-poder-e-a-abertura-do-caminho-para-o-caos\/","url":"https:\/\/www.notibras.com\/site\/ascensao-de-marina-ao-poder-e-a-abertura-do-caminho-para-o-caos\/","name":"Ascens\u00e3o de Marina ao poder \u00e9 a abertura do caminho para o caos - Notibras","isPartOf":{"@id":"https:\/\/www.notibras.com\/site\/#website"},"primaryImageOfPage":{"@id":"https:\/\/www.notibras.com\/site\/ascensao-de-marina-ao-poder-e-a-abertura-do-caminho-para-o-caos\/#primaryimage"},"image":{"@id":"https:\/\/www.notibras.com\/site\/ascensao-de-marina-ao-poder-e-a-abertura-do-caminho-para-o-caos\/#primaryimage"},"thumbnailUrl":"https:\/\/www.notibras.com\/site\/wp-content\/uploads\/2014\/09\/Marina-Silva-coordenador-deixa-campanha.jpg","datePublished":"2014-09-12T06:03:53+00:00","breadcrumb":{"@id":"https:\/\/www.notibras.com\/site\/ascensao-de-marina-ao-poder-e-a-abertura-do-caminho-para-o-caos\/#breadcrumb"},"inLanguage":"pt-BR","potentialAction":[{"@type":"ReadAction","target":["https:\/\/www.notibras.com\/site\/ascensao-de-marina-ao-poder-e-a-abertura-do-caminho-para-o-caos\/"]}]},{"@type":"ImageObject","inLanguage":"pt-BR","@id":"https:\/\/www.notibras.com\/site\/ascensao-de-marina-ao-poder-e-a-abertura-do-caminho-para-o-caos\/#primaryimage","url":"https:\/\/www.notibras.com\/site\/wp-content\/uploads\/2014\/09\/Marina-Silva-coordenador-deixa-campanha.jpg","contentUrl":"https:\/\/www.notibras.com\/site\/wp-content\/uploads\/2014\/09\/Marina-Silva-coordenador-deixa-campanha.jpg","width":800,"height":521,"caption":"Foto\/Arquivo Notibras"},{"@type":"BreadcrumbList","@id":"https:\/\/www.notibras.com\/site\/ascensao-de-marina-ao-poder-e-a-abertura-do-caminho-para-o-caos\/#breadcrumb","itemListElement":[{"@type":"ListItem","position":1,"name":"In\u00edcio","item":"https:\/\/www.notibras.com\/site\/"},{"@type":"ListItem","position":2,"name":"Ascens\u00e3o de Marina ao poder \u00e9 a abertura do caminho para o caos"}]},{"@type":"WebSite","@id":"https:\/\/www.notibras.com\/site\/#website","url":"https:\/\/www.notibras.com\/site\/","name":"Notibras","description":"Not\u00edcias de Bras\u00edlia, do Brasil e do Mundo","publisher":{"@id":"https:\/\/www.notibras.com\/site\/#organization"},"potentialAction":[{"@type":"SearchAction","target":{"@type":"EntryPoint","urlTemplate":"https:\/\/www.notibras.com\/site\/?s={search_term_string}"},"query-input":{"@type":"PropertyValueSpecification","valueRequired":true,"valueName":"search_term_string"}}],"inLanguage":"pt-BR"},{"@type":"Organization","@id":"https:\/\/www.notibras.com\/site\/#organization","name":"Grupo Notibras de Comunica\u00e7\u00e3o","url":"https:\/\/www.notibras.com\/site\/","logo":{"@type":"ImageObject","inLanguage":"pt-BR","@id":"https:\/\/www.notibras.com\/site\/#\/schema\/logo\/image\/","url":"https:\/\/www.notibras.com\/site\/wp-content\/uploads\/2023\/01\/notibras23.png","contentUrl":"https:\/\/www.notibras.com\/site\/wp-content\/uploads\/2023\/01\/notibras23.png","width":350,"height":87,"caption":"Grupo Notibras de Comunica\u00e7\u00e3o"},"image":{"@id":"https:\/\/www.notibras.com\/site\/#\/schema\/logo\/image\/"},"sameAs":["https:\/\/www.facebook.com\/notibras\/","https:\/\/x.com\/Notibras","https:\/\/www.instagram.com\/notibras\/"]},{"@type":"Person","@id":"https:\/\/www.notibras.com\/site\/#\/schema\/person\/36ab0979449956132d3e5b517ea76ac8","name":"Reda\u00e7\u00e3o","image":{"@type":"ImageObject","inLanguage":"pt-BR","@id":"https:\/\/secure.gravatar.com\/avatar\/e0a867bdedb85fd243eadf09663511f96fc81e0720a4a42581f334ad4303aa6b?s=96&d=mm&r=g","url":"https:\/\/secure.gravatar.com\/avatar\/e0a867bdedb85fd243eadf09663511f96fc81e0720a4a42581f334ad4303aa6b?s=96&d=mm&r=g","contentUrl":"https:\/\/secure.gravatar.com\/avatar\/e0a867bdedb85fd243eadf09663511f96fc81e0720a4a42581f334ad4303aa6b?s=96&d=mm&r=g","caption":"Reda\u00e7\u00e3o"}}]}},"amp_enabled":true,"_links":{"self":[{"href":"https:\/\/www.notibras.com\/site\/wp-json\/wp\/v2\/posts\/22026","targetHints":{"allow":["GET"]}}],"collection":[{"href":"https:\/\/www.notibras.com\/site\/wp-json\/wp\/v2\/posts"}],"about":[{"href":"https:\/\/www.notibras.com\/site\/wp-json\/wp\/v2\/types\/post"}],"author":[{"embeddable":true,"href":"https:\/\/www.notibras.com\/site\/wp-json\/wp\/v2\/users\/2"}],"replies":[{"embeddable":true,"href":"https:\/\/www.notibras.com\/site\/wp-json\/wp\/v2\/comments?post=22026"}],"version-history":[{"count":0,"href":"https:\/\/www.notibras.com\/site\/wp-json\/wp\/v2\/posts\/22026\/revisions"}],"wp:featuredmedia":[{"embeddable":true,"href":"https:\/\/www.notibras.com\/site\/wp-json\/wp\/v2\/media\/22027"}],"wp:attachment":[{"href":"https:\/\/www.notibras.com\/site\/wp-json\/wp\/v2\/media?parent=22026"}],"wp:term":[{"taxonomy":"category","embeddable":true,"href":"https:\/\/www.notibras.com\/site\/wp-json\/wp\/v2\/categories?post=22026"},{"taxonomy":"post_tag","embeddable":true,"href":"https:\/\/www.notibras.com\/site\/wp-json\/wp\/v2\/tags?post=22026"}],"curies":[{"name":"wp","href":"https:\/\/api.w.org\/{rel}","templated":true}]}}