{"id":22034,"date":"2014-09-11T22:17:39","date_gmt":"2014-09-12T01:17:39","guid":{"rendered":"http:\/\/www.notibras.com\/site\/?p=22034"},"modified":"2014-09-12T03:21:08","modified_gmt":"2014-09-12T06:21:08","slug":"petros-marca-timao-bate-galo-e-toma-vaga-do-inter-de-terceiro","status":"publish","type":"post","link":"https:\/\/www.notibras.com\/site\/petros-marca-timao-bate-galo-e-toma-vaga-do-inter-de-terceiro\/","title":{"rendered":"Petros marca, Tim\u00e3o bate Galo e toma vaga do Inter de terceiro"},"content":{"rendered":"<p>Personagem de muita discuss\u00e3o durante as \u00faltimas semanas, Petros foi decisivo para a vit\u00f3ria do Corinthians\u00a0nesta quinta-feira, na Arena em Itaquera. No dia em que foi julgado novamente pelo Superior Tribunal de Justi\u00e7a Desportiva (STJD), o meio-campista fez o gol da vit\u00f3ria por 1 a 0 sobre o Atl\u00e9tico-MG e ajudou a equipe a voltar a vencer no torneio, pela\u00a0primeira rodada do segundo turno do Campeonato Brasileiro.<\/p>\n<p>Destaque da partida, Petros entrou em campo gra\u00e7as a um efeito suspensivo. Mais cedo, ele teve o gancho de 180 dias reduzido a tr\u00eas jogos em julgamento no pleno do STJD. O atleta foi ao tribunal por ato hostil ao \u00e1rbitro Raphael Claus no cl\u00e1ssico entre Santos e Corinthians.<\/p>\n<p>A vit\u00f3ria em casa reabilitou o Corinthians na competi\u00e7\u00e3o nacional. A equipe de Mano Menezes vinha de tr\u00eas trope\u00e7os seguidos &#8211; derrotas para o Gr\u00eamio e empate com Fluminense e Crici\u00fama.<\/p>\n<blockquote><p>Al\u00e9m disso, com o resultado positivo, o time paulista ultrapassa o Internacional e assume a terceira posi\u00e7\u00e3o na classifica\u00e7\u00e3o. Com 36 pontos, os paulistas est\u00e3o agora tr\u00eas atr\u00e1s do S\u00e3o Paulo (segundo) e dez do l\u00edder Cruzeiro. J\u00e1 o Atl\u00e9tico-MG perde a oportunidade de encostar no G-4 da competi\u00e7\u00e3o e segue estacionado, na oitava posi\u00e7\u00e3o, com 30 pontos ganhos.<\/p><\/blockquote>\n<p>Antes mesmo de a bola rolar, um problema surgiu na Arena em Itaquera. O Corinthians entrou em campo com camisa branca e listras pretas, uniforme muito parecido com o tradicional do Atl\u00e9tico-MG. Ap\u00f3s uma conversa, o \u00e1rbitro mandou os jogadores de volta ao vesti\u00e1rio. Assim, os donos da casa voltaram de preto, enquanto os visitantes vestiram um uniforme todo branco.<\/p>\n<p>Ap\u00f3s a confus\u00e3o, a bola rolou. O Atl\u00e9tico-MG teve mais posse no primeiro tempo, mas o Corinthians era mais perigoso. Ap\u00f3s uma cabe\u00e7ada fraca de J\u00f4 e um chute para fora de Luan, os donos da casa abriram o placar.<\/p>\n<p>Aos 13min, Ralf encontrou Romero, que avan\u00e7ou pelo lado esquerdo da \u00e1rea e cruzou rasteiro para tr\u00e1s. Petros, sozinho, bateu firme, cruzado, e marcou. Tr\u00eas minutos depois, por pouco o time paulista n\u00e3o aumentou. Renato Augusto lan\u00e7ou, Victor saiu do gol e afastou parcialmente. No rebote, Elias bateu e Claudinei salvou os visitantes.<\/p>\n<p>A chance mais perigosa do Atl\u00e9tico-MG saiu do p\u00e9 de Luan, aos 25min. Ap\u00f3s \u00f3timo lan\u00e7amento de Diego Tardelli, o atacante ficou cara a cara com o goleiro C\u00e1ssio, mas chutou torto, longe do gol.<\/p>\n<p>As equipes voltaram do intervalo do mesmo jeito que acabaram a etapa inicial: o Atl\u00e9tico-MG dominando a posse de bola, mas o Corinthians chegando com mais perigo e quase ampliando.<\/p>\n<p>Logo aos 4min, Renato Augusto recebeu de Luciano, ajeitou e bateu para o gol. A bola raspou o travess\u00e3o defendido por Victor. Aos 12min, os papeis se inverteram. Dessa vez, o meia serviu o atacante em contra-ataque, que rolou para Elias bater para fora.<\/p>\n<p>Os visitantes at\u00e9 tentaram, mas, sem criatividade, n\u00e3o conseguiram infiltrar no sistema defensivo dos donos da casa e quase n\u00e3o assustaram C\u00e1ssio. Em uma das poucas chances claras, Andr\u00e9 recebeu na \u00e1rea, mas errou o dom\u00ednio.<\/p>\n<p>Na pr\u00f3xima rodada, o Corinthians visita o Flamengo, no domingo (14), \u00e0s 16h, no Maracan\u00e3. J\u00e1 o Atl\u00e9tico-MG recebe o Gr\u00eamio, no mesmo dia, mas \u00e0s 18h30, no Independ\u00eancia.<\/p>\n<p>&nbsp;<\/p>\n","protected":false},"excerpt":{"rendered":"<p>Personagem de muita discuss\u00e3o durante as \u00faltimas semanas, Petros foi decisivo para a vit\u00f3ria do Corinthians\u00a0nesta quinta-feira, na Arena em Itaquera. No dia em que foi julgado novamente pelo Superior Tribunal de Justi\u00e7a Desportiva (STJD), o meio-campista fez o gol da vit\u00f3ria por 1 a 0 sobre o Atl\u00e9tico-MG e ajudou a equipe a voltar [&hellip;]<\/p>\n","protected":false},"author":2,"featured_media":22035,"comment_status":"open","ping_status":"closed","sticky":false,"template":"","format":"standard","meta":{"_acf_changed":false,"footnotes":""},"categories":[19,29],"tags":[],"class_list":["post-22034","post","type-post","status-publish","format-standard","has-post-thumbnail","hentry","category-esportes","category-futebol"],"acf":[],"yoast_head":"<!-- This site is optimized with the Yoast SEO plugin v27.2 - https:\/\/yoast.com\/product\/yoast-seo-wordpress\/ -->\n<title>Petros marca, Tim\u00e3o bate Galo e toma vaga do Inter de terceiro - Notibras<\/title>\n<meta name=\"robots\" content=\"index, follow, max-snippet:-1, max-image-preview:large, max-video-preview:-1\" \/>\n<link rel=\"canonical\" href=\"https:\/\/www.notibras.com\/site\/petros-marca-timao-bate-galo-e-toma-vaga-do-inter-de-terceiro\/\" \/>\n<meta property=\"og:locale\" content=\"pt_BR\" \/>\n<meta property=\"og:type\" content=\"article\" \/>\n<meta property=\"og:title\" content=\"Petros marca, Tim\u00e3o bate Galo e toma vaga do Inter de terceiro - Notibras\" \/>\n<meta property=\"og:description\" content=\"Personagem de muita discuss\u00e3o durante as \u00faltimas semanas, Petros foi decisivo para a vit\u00f3ria do Corinthians\u00a0nesta quinta-feira, na Arena em Itaquera. No dia em que foi julgado novamente pelo Superior Tribunal de Justi\u00e7a Desportiva (STJD), o meio-campista fez o gol da vit\u00f3ria por 1 a 0 sobre o Atl\u00e9tico-MG e ajudou a equipe a voltar [&hellip;]\" \/>\n<meta property=\"og:url\" content=\"https:\/\/www.notibras.com\/site\/petros-marca-timao-bate-galo-e-toma-vaga-do-inter-de-terceiro\/\" \/>\n<meta property=\"og:site_name\" content=\"Notibras\" \/>\n<meta property=\"article:publisher\" content=\"https:\/\/www.facebook.com\/notibras\/\" \/>\n<meta property=\"article:published_time\" content=\"2014-09-12T01:17:39+00:00\" \/>\n<meta property=\"article:modified_time\" content=\"2014-09-12T06:21:08+00:00\" \/>\n<meta property=\"og:image\" content=\"https:\/\/www.notibras.com\/site\/wp-content\/uploads\/2014\/09\/petrosfestajoelhowagnercarmoinovafotogazeta.jpg\" \/>\n\t<meta property=\"og:image:width\" content=\"750\" \/>\n\t<meta property=\"og:image:height\" content=\"500\" \/>\n\t<meta property=\"og:image:type\" content=\"image\/jpeg\" \/>\n<meta name=\"author\" content=\"Reda\u00e7\u00e3o\" \/>\n<meta name=\"twitter:card\" content=\"summary_large_image\" \/>\n<meta name=\"twitter:creator\" content=\"@Notibras\" \/>\n<meta name=\"twitter:site\" content=\"@Notibras\" \/>\n<meta name=\"twitter:label1\" content=\"Escrito por\" \/>\n\t<meta name=\"twitter:data1\" content=\"Reda\u00e7\u00e3o\" \/>\n\t<meta name=\"twitter:label2\" content=\"Est. tempo de leitura\" \/>\n\t<meta name=\"twitter:data2\" content=\"3 minutos\" \/>\n<script type=\"application\/ld+json\" class=\"yoast-schema-graph\">{\"@context\":\"https:\/\/schema.org\",\"@graph\":[{\"@type\":\"Article\",\"@id\":\"https:\/\/www.notibras.com\/site\/petros-marca-timao-bate-galo-e-toma-vaga-do-inter-de-terceiro\/#article\",\"isPartOf\":{\"@id\":\"https:\/\/www.notibras.com\/site\/petros-marca-timao-bate-galo-e-toma-vaga-do-inter-de-terceiro\/\"},\"author\":{\"name\":\"Reda\u00e7\u00e3o\",\"@id\":\"https:\/\/www.notibras.com\/site\/#\/schema\/person\/36ab0979449956132d3e5b517ea76ac8\"},\"headline\":\"Petros marca, Tim\u00e3o bate Galo e toma vaga do Inter de terceiro\",\"datePublished\":\"2014-09-12T01:17:39+00:00\",\"dateModified\":\"2014-09-12T06:21:08+00:00\",\"mainEntityOfPage\":{\"@id\":\"https:\/\/www.notibras.com\/site\/petros-marca-timao-bate-galo-e-toma-vaga-do-inter-de-terceiro\/\"},\"wordCount\":595,\"commentCount\":0,\"publisher\":{\"@id\":\"https:\/\/www.notibras.com\/site\/#organization\"},\"image\":{\"@id\":\"https:\/\/www.notibras.com\/site\/petros-marca-timao-bate-galo-e-toma-vaga-do-inter-de-terceiro\/#primaryimage\"},\"thumbnailUrl\":\"https:\/\/www.notibras.com\/site\/wp-content\/uploads\/2014\/09\/petrosfestajoelhowagnercarmoinovafotogazeta.jpg\",\"articleSection\":[\"Esportes\",\"Futebol\"],\"inLanguage\":\"pt-BR\",\"potentialAction\":[{\"@type\":\"CommentAction\",\"name\":\"Comment\",\"target\":[\"https:\/\/www.notibras.com\/site\/petros-marca-timao-bate-galo-e-toma-vaga-do-inter-de-terceiro\/#respond\"]}]},{\"@type\":\"WebPage\",\"@id\":\"https:\/\/www.notibras.com\/site\/petros-marca-timao-bate-galo-e-toma-vaga-do-inter-de-terceiro\/\",\"url\":\"https:\/\/www.notibras.com\/site\/petros-marca-timao-bate-galo-e-toma-vaga-do-inter-de-terceiro\/\",\"name\":\"Petros marca, Tim\u00e3o bate Galo e toma vaga do Inter de terceiro - Notibras\",\"isPartOf\":{\"@id\":\"https:\/\/www.notibras.com\/site\/#website\"},\"primaryImageOfPage\":{\"@id\":\"https:\/\/www.notibras.com\/site\/petros-marca-timao-bate-galo-e-toma-vaga-do-inter-de-terceiro\/#primaryimage\"},\"image\":{\"@id\":\"https:\/\/www.notibras.com\/site\/petros-marca-timao-bate-galo-e-toma-vaga-do-inter-de-terceiro\/#primaryimage\"},\"thumbnailUrl\":\"https:\/\/www.notibras.com\/site\/wp-content\/uploads\/2014\/09\/petrosfestajoelhowagnercarmoinovafotogazeta.jpg\",\"datePublished\":\"2014-09-12T01:17:39+00:00\",\"dateModified\":\"2014-09-12T06:21:08+00:00\",\"breadcrumb\":{\"@id\":\"https:\/\/www.notibras.com\/site\/petros-marca-timao-bate-galo-e-toma-vaga-do-inter-de-terceiro\/#breadcrumb\"},\"inLanguage\":\"pt-BR\",\"potentialAction\":[{\"@type\":\"ReadAction\",\"target\":[\"https:\/\/www.notibras.com\/site\/petros-marca-timao-bate-galo-e-toma-vaga-do-inter-de-terceiro\/\"]}]},{\"@type\":\"ImageObject\",\"inLanguage\":\"pt-BR\",\"@id\":\"https:\/\/www.notibras.com\/site\/petros-marca-timao-bate-galo-e-toma-vaga-do-inter-de-terceiro\/#primaryimage\",\"url\":\"https:\/\/www.notibras.com\/site\/wp-content\/uploads\/2014\/09\/petrosfestajoelhowagnercarmoinovafotogazeta.jpg\",\"contentUrl\":\"https:\/\/www.notibras.com\/site\/wp-content\/uploads\/2014\/09\/petrosfestajoelhowagnercarmoinovafotogazeta.jpg\",\"width\":750,\"height\":500},{\"@type\":\"BreadcrumbList\",\"@id\":\"https:\/\/www.notibras.com\/site\/petros-marca-timao-bate-galo-e-toma-vaga-do-inter-de-terceiro\/#breadcrumb\",\"itemListElement\":[{\"@type\":\"ListItem\",\"position\":1,\"name\":\"In\u00edcio\",\"item\":\"https:\/\/www.notibras.com\/site\/\"},{\"@type\":\"ListItem\",\"position\":2,\"name\":\"Petros marca, Tim\u00e3o bate Galo e toma vaga do Inter de terceiro\"}]},{\"@type\":\"WebSite\",\"@id\":\"https:\/\/www.notibras.com\/site\/#website\",\"url\":\"https:\/\/www.notibras.com\/site\/\",\"name\":\"Notibras\",\"description\":\"Not\u00edcias de Bras\u00edlia, do Brasil e do Mundo\",\"publisher\":{\"@id\":\"https:\/\/www.notibras.com\/site\/#organization\"},\"potentialAction\":[{\"@type\":\"SearchAction\",\"target\":{\"@type\":\"EntryPoint\",\"urlTemplate\":\"https:\/\/www.notibras.com\/site\/?s={search_term_string}\"},\"query-input\":{\"@type\":\"PropertyValueSpecification\",\"valueRequired\":true,\"valueName\":\"search_term_string\"}}],\"inLanguage\":\"pt-BR\"},{\"@type\":\"Organization\",\"@id\":\"https:\/\/www.notibras.com\/site\/#organization\",\"name\":\"Grupo Notibras de Comunica\u00e7\u00e3o\",\"url\":\"https:\/\/www.notibras.com\/site\/\",\"logo\":{\"@type\":\"ImageObject\",\"inLanguage\":\"pt-BR\",\"@id\":\"https:\/\/www.notibras.com\/site\/#\/schema\/logo\/image\/\",\"url\":\"https:\/\/www.notibras.com\/site\/wp-content\/uploads\/2023\/01\/notibras23.png\",\"contentUrl\":\"https:\/\/www.notibras.com\/site\/wp-content\/uploads\/2023\/01\/notibras23.png\",\"width\":350,\"height\":87,\"caption\":\"Grupo Notibras de Comunica\u00e7\u00e3o\"},\"image\":{\"@id\":\"https:\/\/www.notibras.com\/site\/#\/schema\/logo\/image\/\"},\"sameAs\":[\"https:\/\/www.facebook.com\/notibras\/\",\"https:\/\/x.com\/Notibras\",\"https:\/\/www.instagram.com\/notibras\/\"]},{\"@type\":\"Person\",\"@id\":\"https:\/\/www.notibras.com\/site\/#\/schema\/person\/36ab0979449956132d3e5b517ea76ac8\",\"name\":\"Reda\u00e7\u00e3o\",\"image\":{\"@type\":\"ImageObject\",\"inLanguage\":\"pt-BR\",\"@id\":\"https:\/\/secure.gravatar.com\/avatar\/e0a867bdedb85fd243eadf09663511f96fc81e0720a4a42581f334ad4303aa6b?s=96&d=mm&r=g\",\"url\":\"https:\/\/secure.gravatar.com\/avatar\/e0a867bdedb85fd243eadf09663511f96fc81e0720a4a42581f334ad4303aa6b?s=96&d=mm&r=g\",\"contentUrl\":\"https:\/\/secure.gravatar.com\/avatar\/e0a867bdedb85fd243eadf09663511f96fc81e0720a4a42581f334ad4303aa6b?s=96&d=mm&r=g\",\"caption\":\"Reda\u00e7\u00e3o\"}}]}<\/script>\n<!-- \/ Yoast SEO plugin. -->","yoast_head_json":{"title":"Petros marca, Tim\u00e3o bate Galo e toma vaga do Inter de terceiro - Notibras","robots":{"index":"index","follow":"follow","max-snippet":"max-snippet:-1","max-image-preview":"max-image-preview:large","max-video-preview":"max-video-preview:-1"},"canonical":"https:\/\/www.notibras.com\/site\/petros-marca-timao-bate-galo-e-toma-vaga-do-inter-de-terceiro\/","og_locale":"pt_BR","og_type":"article","og_title":"Petros marca, Tim\u00e3o bate Galo e toma vaga do Inter de terceiro - Notibras","og_description":"Personagem de muita discuss\u00e3o durante as \u00faltimas semanas, Petros foi decisivo para a vit\u00f3ria do Corinthians\u00a0nesta quinta-feira, na Arena em Itaquera. No dia em que foi julgado novamente pelo Superior Tribunal de Justi\u00e7a Desportiva (STJD), o meio-campista fez o gol da vit\u00f3ria por 1 a 0 sobre o Atl\u00e9tico-MG e ajudou a equipe a voltar [&hellip;]","og_url":"https:\/\/www.notibras.com\/site\/petros-marca-timao-bate-galo-e-toma-vaga-do-inter-de-terceiro\/","og_site_name":"Notibras","article_publisher":"https:\/\/www.facebook.com\/notibras\/","article_published_time":"2014-09-12T01:17:39+00:00","article_modified_time":"2014-09-12T06:21:08+00:00","og_image":[{"width":750,"height":500,"url":"https:\/\/www.notibras.com\/site\/wp-content\/uploads\/2014\/09\/petrosfestajoelhowagnercarmoinovafotogazeta.jpg","type":"image\/jpeg"}],"author":"Reda\u00e7\u00e3o","twitter_card":"summary_large_image","twitter_creator":"@Notibras","twitter_site":"@Notibras","twitter_misc":{"Escrito por":"Reda\u00e7\u00e3o","Est. tempo de leitura":"3 minutos"},"schema":{"@context":"https:\/\/schema.org","@graph":[{"@type":"Article","@id":"https:\/\/www.notibras.com\/site\/petros-marca-timao-bate-galo-e-toma-vaga-do-inter-de-terceiro\/#article","isPartOf":{"@id":"https:\/\/www.notibras.com\/site\/petros-marca-timao-bate-galo-e-toma-vaga-do-inter-de-terceiro\/"},"author":{"name":"Reda\u00e7\u00e3o","@id":"https:\/\/www.notibras.com\/site\/#\/schema\/person\/36ab0979449956132d3e5b517ea76ac8"},"headline":"Petros marca, Tim\u00e3o bate Galo e toma vaga do Inter de terceiro","datePublished":"2014-09-12T01:17:39+00:00","dateModified":"2014-09-12T06:21:08+00:00","mainEntityOfPage":{"@id":"https:\/\/www.notibras.com\/site\/petros-marca-timao-bate-galo-e-toma-vaga-do-inter-de-terceiro\/"},"wordCount":595,"commentCount":0,"publisher":{"@id":"https:\/\/www.notibras.com\/site\/#organization"},"image":{"@id":"https:\/\/www.notibras.com\/site\/petros-marca-timao-bate-galo-e-toma-vaga-do-inter-de-terceiro\/#primaryimage"},"thumbnailUrl":"https:\/\/www.notibras.com\/site\/wp-content\/uploads\/2014\/09\/petrosfestajoelhowagnercarmoinovafotogazeta.jpg","articleSection":["Esportes","Futebol"],"inLanguage":"pt-BR","potentialAction":[{"@type":"CommentAction","name":"Comment","target":["https:\/\/www.notibras.com\/site\/petros-marca-timao-bate-galo-e-toma-vaga-do-inter-de-terceiro\/#respond"]}]},{"@type":"WebPage","@id":"https:\/\/www.notibras.com\/site\/petros-marca-timao-bate-galo-e-toma-vaga-do-inter-de-terceiro\/","url":"https:\/\/www.notibras.com\/site\/petros-marca-timao-bate-galo-e-toma-vaga-do-inter-de-terceiro\/","name":"Petros marca, Tim\u00e3o bate Galo e toma vaga do Inter de terceiro - Notibras","isPartOf":{"@id":"https:\/\/www.notibras.com\/site\/#website"},"primaryImageOfPage":{"@id":"https:\/\/www.notibras.com\/site\/petros-marca-timao-bate-galo-e-toma-vaga-do-inter-de-terceiro\/#primaryimage"},"image":{"@id":"https:\/\/www.notibras.com\/site\/petros-marca-timao-bate-galo-e-toma-vaga-do-inter-de-terceiro\/#primaryimage"},"thumbnailUrl":"https:\/\/www.notibras.com\/site\/wp-content\/uploads\/2014\/09\/petrosfestajoelhowagnercarmoinovafotogazeta.jpg","datePublished":"2014-09-12T01:17:39+00:00","dateModified":"2014-09-12T06:21:08+00:00","breadcrumb":{"@id":"https:\/\/www.notibras.com\/site\/petros-marca-timao-bate-galo-e-toma-vaga-do-inter-de-terceiro\/#breadcrumb"},"inLanguage":"pt-BR","potentialAction":[{"@type":"ReadAction","target":["https:\/\/www.notibras.com\/site\/petros-marca-timao-bate-galo-e-toma-vaga-do-inter-de-terceiro\/"]}]},{"@type":"ImageObject","inLanguage":"pt-BR","@id":"https:\/\/www.notibras.com\/site\/petros-marca-timao-bate-galo-e-toma-vaga-do-inter-de-terceiro\/#primaryimage","url":"https:\/\/www.notibras.com\/site\/wp-content\/uploads\/2014\/09\/petrosfestajoelhowagnercarmoinovafotogazeta.jpg","contentUrl":"https:\/\/www.notibras.com\/site\/wp-content\/uploads\/2014\/09\/petrosfestajoelhowagnercarmoinovafotogazeta.jpg","width":750,"height":500},{"@type":"BreadcrumbList","@id":"https:\/\/www.notibras.com\/site\/petros-marca-timao-bate-galo-e-toma-vaga-do-inter-de-terceiro\/#breadcrumb","itemListElement":[{"@type":"ListItem","position":1,"name":"In\u00edcio","item":"https:\/\/www.notibras.com\/site\/"},{"@type":"ListItem","position":2,"name":"Petros marca, Tim\u00e3o bate Galo e toma vaga do Inter de terceiro"}]},{"@type":"WebSite","@id":"https:\/\/www.notibras.com\/site\/#website","url":"https:\/\/www.notibras.com\/site\/","name":"Notibras","description":"Not\u00edcias de Bras\u00edlia, do Brasil e do Mundo","publisher":{"@id":"https:\/\/www.notibras.com\/site\/#organization"},"potentialAction":[{"@type":"SearchAction","target":{"@type":"EntryPoint","urlTemplate":"https:\/\/www.notibras.com\/site\/?s={search_term_string}"},"query-input":{"@type":"PropertyValueSpecification","valueRequired":true,"valueName":"search_term_string"}}],"inLanguage":"pt-BR"},{"@type":"Organization","@id":"https:\/\/www.notibras.com\/site\/#organization","name":"Grupo Notibras de Comunica\u00e7\u00e3o","url":"https:\/\/www.notibras.com\/site\/","logo":{"@type":"ImageObject","inLanguage":"pt-BR","@id":"https:\/\/www.notibras.com\/site\/#\/schema\/logo\/image\/","url":"https:\/\/www.notibras.com\/site\/wp-content\/uploads\/2023\/01\/notibras23.png","contentUrl":"https:\/\/www.notibras.com\/site\/wp-content\/uploads\/2023\/01\/notibras23.png","width":350,"height":87,"caption":"Grupo Notibras de Comunica\u00e7\u00e3o"},"image":{"@id":"https:\/\/www.notibras.com\/site\/#\/schema\/logo\/image\/"},"sameAs":["https:\/\/www.facebook.com\/notibras\/","https:\/\/x.com\/Notibras","https:\/\/www.instagram.com\/notibras\/"]},{"@type":"Person","@id":"https:\/\/www.notibras.com\/site\/#\/schema\/person\/36ab0979449956132d3e5b517ea76ac8","name":"Reda\u00e7\u00e3o","image":{"@type":"ImageObject","inLanguage":"pt-BR","@id":"https:\/\/secure.gravatar.com\/avatar\/e0a867bdedb85fd243eadf09663511f96fc81e0720a4a42581f334ad4303aa6b?s=96&d=mm&r=g","url":"https:\/\/secure.gravatar.com\/avatar\/e0a867bdedb85fd243eadf09663511f96fc81e0720a4a42581f334ad4303aa6b?s=96&d=mm&r=g","contentUrl":"https:\/\/secure.gravatar.com\/avatar\/e0a867bdedb85fd243eadf09663511f96fc81e0720a4a42581f334ad4303aa6b?s=96&d=mm&r=g","caption":"Reda\u00e7\u00e3o"}}]}},"amp_enabled":true,"_links":{"self":[{"href":"https:\/\/www.notibras.com\/site\/wp-json\/wp\/v2\/posts\/22034","targetHints":{"allow":["GET"]}}],"collection":[{"href":"https:\/\/www.notibras.com\/site\/wp-json\/wp\/v2\/posts"}],"about":[{"href":"https:\/\/www.notibras.com\/site\/wp-json\/wp\/v2\/types\/post"}],"author":[{"embeddable":true,"href":"https:\/\/www.notibras.com\/site\/wp-json\/wp\/v2\/users\/2"}],"replies":[{"embeddable":true,"href":"https:\/\/www.notibras.com\/site\/wp-json\/wp\/v2\/comments?post=22034"}],"version-history":[{"count":0,"href":"https:\/\/www.notibras.com\/site\/wp-json\/wp\/v2\/posts\/22034\/revisions"}],"wp:featuredmedia":[{"embeddable":true,"href":"https:\/\/www.notibras.com\/site\/wp-json\/wp\/v2\/media\/22035"}],"wp:attachment":[{"href":"https:\/\/www.notibras.com\/site\/wp-json\/wp\/v2\/media?parent=22034"}],"wp:term":[{"taxonomy":"category","embeddable":true,"href":"https:\/\/www.notibras.com\/site\/wp-json\/wp\/v2\/categories?post=22034"},{"taxonomy":"post_tag","embeddable":true,"href":"https:\/\/www.notibras.com\/site\/wp-json\/wp\/v2\/tags?post=22034"}],"curies":[{"name":"wp","href":"https:\/\/api.w.org\/{rel}","templated":true}]}}