{"id":22040,"date":"2014-09-11T11:27:09","date_gmt":"2014-09-11T14:27:09","guid":{"rendered":"http:\/\/www.notibras.com\/site\/?p=22040"},"modified":"2014-09-12T03:29:06","modified_gmt":"2014-09-12T06:29:06","slug":"ja-em-casa-schumacher-mostra-recuperacao-com-a-familia","status":"publish","type":"post","link":"https:\/\/www.notibras.com\/site\/ja-em-casa-schumacher-mostra-recuperacao-com-a-familia\/","title":{"rendered":"J\u00e1 em casa, Schumacher mostra recupera\u00e7\u00e3o com a fam\u00edlia"},"content":{"rendered":"<p class=\"text\">Michael Schumacher est\u00e1 passando bem suas primeiras horas em casa desde o seu retorno do hospital, de acordo com o jornal alem\u00e3o Bild. Ele foi transferido na \u00faltima ter\u00e7a-feira, para sua resid\u00eancia em Gland, na Su\u00ed\u00e7a, onde ter\u00e1 seguimento a recupera\u00e7\u00e3o do acidente de esqui sofrido em dezembro do ano passado, nos Alpes Franceses.<\/p>\n<p class=\"text\">Ainda de acordo com o jornal alem\u00e3o, o heptacampe\u00e3o conta com uma equipe de 15 pessoas para monitor\u00e1-lo 24 horas. Dois enfermeiros fazem o revezamento, enquanto terapeutas s\u00e3o respons\u00e1veis pelo trabalho de est\u00edmulos motores e cognitivos de Schumacher.<\/p>\n<blockquote>\n<p class=\"text\">Assim como j\u00e1 havia sido feito anteriormente, a fam\u00edlia do ex-piloto pediu privacidade, por\u00e9m a pol\u00edcia teve de marcar presen\u00e7a para evitar um tumulto de pessoas e imprensa na frente da casa de Schumacher.<\/p>\n<\/blockquote>\n<p class=\"text\">Na \u00faltima ter\u00e7a-feira, a assessoria de imprensa do alem\u00e3o emitiu comunicado dizendo que o retorno dele \u00e0 sua casa n\u00e3o significaria um avan\u00e7o de recupera\u00e7\u00e3o. Inclusive, avisou que h\u00e1 um &#8220;longo e dif\u00edcil caminho pela frente&#8221;.<\/p>\n","protected":false},"excerpt":{"rendered":"<p>Michael Schumacher est\u00e1 passando bem suas primeiras horas em casa desde o seu retorno do hospital, de acordo com o jornal alem\u00e3o Bild. Ele foi transferido na \u00faltima ter\u00e7a-feira, para sua resid\u00eancia em Gland, na Su\u00ed\u00e7a, onde ter\u00e1 seguimento a recupera\u00e7\u00e3o do acidente de esqui sofrido em dezembro do ano passado, nos Alpes Franceses. Ainda [&hellip;]<\/p>\n","protected":false},"author":2,"featured_media":22041,"comment_status":"open","ping_status":"closed","sticky":false,"template":"","format":"standard","meta":{"_acf_changed":false,"footnotes":""},"categories":[27,19],"tags":[],"class_list":["post-22040","post","type-post","status-publish","format-standard","has-post-thumbnail","hentry","category-automobilismo","category-esportes"],"acf":[],"_links":{"self":[{"href":"https:\/\/www.notibras.com\/site\/wp-json\/wp\/v2\/posts\/22040","targetHints":{"allow":["GET"]}}],"collection":[{"href":"https:\/\/www.notibras.com\/site\/wp-json\/wp\/v2\/posts"}],"about":[{"href":"https:\/\/www.notibras.com\/site\/wp-json\/wp\/v2\/types\/post"}],"author":[{"embeddable":true,"href":"https:\/\/www.notibras.com\/site\/wp-json\/wp\/v2\/users\/2"}],"replies":[{"embeddable":true,"href":"https:\/\/www.notibras.com\/site\/wp-json\/wp\/v2\/comments?post=22040"}],"version-history":[{"count":0,"href":"https:\/\/www.notibras.com\/site\/wp-json\/wp\/v2\/posts\/22040\/revisions"}],"wp:featuredmedia":[{"embeddable":true,"href":"https:\/\/www.notibras.com\/site\/wp-json\/wp\/v2\/media\/22041"}],"wp:attachment":[{"href":"https:\/\/www.notibras.com\/site\/wp-json\/wp\/v2\/media?parent=22040"}],"wp:term":[{"taxonomy":"category","embeddable":true,"href":"https:\/\/www.notibras.com\/site\/wp-json\/wp\/v2\/categories?post=22040"},{"taxonomy":"post_tag","embeddable":true,"href":"https:\/\/www.notibras.com\/site\/wp-json\/wp\/v2\/tags?post=22040"}],"curies":[{"name":"wp","href":"https:\/\/api.w.org\/{rel}","templated":true}]}}