{"id":22090,"date":"2014-09-12T13:05:33","date_gmt":"2014-09-12T16:05:33","guid":{"rendered":"http:\/\/www.notibras.com\/site\/?p=22090"},"modified":"2014-09-12T13:17:02","modified_gmt":"2014-09-12T16:17:02","slug":"revista-forbes-lista-cinco-motivos-para-brasil-nao-reeleger-dilma","status":"publish","type":"post","link":"https:\/\/www.notibras.com\/site\/revista-forbes-lista-cinco-motivos-para-brasil-nao-reeleger-dilma\/","title":{"rendered":"Revista Forbes lista cinco motivos para Brasil n\u00e3o reeleger Dilma"},"content":{"rendered":"<p>Sob o comando da presidente Dilma Rousseff, o \u201cBrasil passou da efervesc\u00eancia para a melancolia\u201d. Essa \u00e9 a opini\u00e3o de Anderson Antunes, colunista da revista americana Forbes, que elencou cinco motivos para os brasileiros n\u00e3o reelegeram a petista para a Presid\u00eancia da Rep\u00fablica nas elei\u00e7\u00f5es de 5 de outubro.<\/p>\n<p>De acordo com a artigo, o Brasil, nos \u00faltimos 20 anos, passou por uma \u201ctransforma\u00e7\u00e3o social e econ\u00f4mica\u201d que tirou \u201cdezenas de milhares de pessoas da extrema pobreza\u201d, al\u00e9m de alcan\u00e7ar o s\u00e9timo lugar entre as maiores economias do mundo. Entretanto, essas conquistas se devem aos governos dos ex-presidentes Fernando Henrique Cardoso (PSDB) e Luiz In\u00e1cio Lula da Silva, antecessores de Dilma que conseguiram se reeleger.<\/p>\n<blockquote><p>A recess\u00e3o t\u00e9cnica da economia \u2013 ap\u00f3s duas quedas consecutivas do Produto Interno Bruto (PIB) nos primeiro e segundo trimestres deste ano -, a infla\u00e7\u00e3o que persiste em se manter ao redor do teto da meta do Banco Central e esc\u00e2ndalos da Petrobras s\u00e3o alguns dos motivos que, segundo Anderson Antunes, fazem o governo Dilma Rousseff n\u00e3o ser mais o ideal para o Pa\u00eds.<\/p><\/blockquote>\n<p>Confira os cinco motivos do colunista da Forbes para que Dilma Rousseff n\u00e3o seja reeleita:<\/p>\n<p>1 \u2013 O Brasil n\u00e3o cresceu como poderia e deveria durante o governo Dilma<br \/>\nSegundo o colunista, a economia do Pa\u00eds cresceu 7,5% em 2010, \u00faltimo ano de Lula na presid\u00eancia, com o Brasil sendo um dos maiores exportadores de produtos manufaturados e agr\u00edcolas, al\u00e9m de min\u00e9rio de ferro. Desde ent\u00e3o, esse cen\u00e1rio n\u00e3o se repetiu, e a economia entrou em recess\u00e3o t\u00e9cnica neste ano.<\/p>\n<p>\u201c\u00c9 a primeira vez em cinco anos que a economia retraiu\u201d, escreveu o colunista. \u201cAt\u00e9 o fim de seu mandato neste ano, o crescimento do Brasil sob Rousseff esperado \u00e9 de dois pontos percentuais menor do que o crescimento m\u00e9dio da Am\u00e9rica Latina entre 2010 e 2014. \u00c9 a primeira vez em 20 anos que o Brasil \u00e9 deixado para tr\u00e1s comendo a poeira de seus vizinhos.\u201d<\/p>\n<p>2 \u2013 Maior empresa do Pa\u00eds, a Petrobras est\u00e1 sendo seriamente danificada<br \/>\nEm 1997, a Petrobras ganhou uma nova for\u00e7a quando o ex-presidente Fernando Henrique Cardoso acabou com o monop\u00f3lio estatal e abriu o capital da empresa para investimento privado, diz Antunes. Dez anos depois, a petroleiro descobriu o pr\u00e9-sal, o que seria uma prova de que \u201cDeus \u00e9 realmente brasileiro\u201d, citando uma afirma\u00e7\u00e3o do ex-presidente Lula.<\/p>\n<p>Sob o governo petista, a estatal tem enfrentado diversos esc\u00e2ndalos. Al\u00e9m das investiga\u00e7\u00f5es, o valor de mercado da companhia caiu de US$ 190 bilh\u00f5es para US$ 119 bilh\u00f5es em quatro anos. O colunista tamb\u00e9m critica o fato de a Petrobras ser utilizada para controlar a infla\u00e7\u00e3o, segurando reajustes nos pre\u00e7os de combust\u00edveis e agregados.<\/p>\n<p>3 &#8211; Abordagem de Dilma para manter a infla\u00e7\u00e3o alta a fim de manter empregos \u00e9 question\u00e1vel<br \/>\nUm consenso dos analistas \u00e9 que infla\u00e7\u00e3o e desemprego baixo funcionam quando h\u00e1 crescimento econ\u00f4mico, diz o colunista. No Brasil, a infla\u00e7\u00e3o tem piorado pelo fato de que nos \u00faltimos anos os sal\u00e1rios t\u00eam aumentado em um ritmo constante, enquanto o lucro das empresas tem declinado.<\/p>\n<p>\u201cPara Rousseff, a solu\u00e7\u00e3o seria elevar os juros, apertar a pol\u00edtica fiscal e permitir que os pre\u00e7os se ajustem, acelerando a infla\u00e7\u00e3o antes que a situa\u00e7\u00e3o se normalize. Isso n\u00e3o \u00e9 uma tarefa f\u00e1cil, j\u00e1 que o consumo representa a maior parte da economia do Pa\u00eds &#8211; 63%.\u201d Antunes acredita, no entanto, que Dilma n\u00e3o tomar\u00e1 essas medidas, j\u00e1 que seria at\u00edpico para um \u201cgoverno populista\u201d.<\/p>\n<p>4 &#8211; D\u00edvida P\u00fablica do Brasil continua crescendo, e as economias nacionais ainda s\u00e3o baixas<br \/>\nAntunes diz que, apesar de a d\u00edvida p\u00fablica do Pa\u00eds ser relativamente baixa \u2013 cerca de 35% do PIB -, esse percentual tem crescido. \u201cO or\u00e7amento federal est\u00e1 constantemente em d\u00e9ficit, e Rousseff se comprometeu a cumprir uma meta de super\u00e1vit prim\u00e1rio de 1,9% do PIB neste ano e 2% no pr\u00f3ximo ano\u201d, se reeleita.<\/p>\n<p class=\"text\">Antunes ressalta que, nos primeiros seis meses do ano, o super\u00e1vit prim\u00e1rio \u2013 esp\u00e9cie de economia para pagar os juros da d\u00edvida &#8211; atingiu R$ 29,4 bilh\u00f5es, o menor valor da hist\u00f3ria.<\/p>\n<p class=\"text\">5 \u2013 Dilma n\u00e3o promoveu as reformas necess\u00e1rias\u00a0para tornar a vida das pessoas, especialmente dos pobres, melhor<br \/>\nO PT se autoproclama como o partido que tem a miss\u00e3o de defender os pobres e os socialmente exclu\u00eddos. As reformas necess\u00e1rias para isso, no entanto, n\u00e3o t\u00eam acontecido no governo Dilma, afirma o colunista. Ele diz que o Brasil, al\u00e9m de n\u00e3o estar mais crescendo como deveria, reduziu sua distribui\u00e7\u00e3o de renda.<\/p>\n<p class=\"text\">Com base no coeficiente de Gini, uma medida da dispers\u00e3o estat\u00edstica que classifica a distribui\u00e7\u00e3o de renda em uma escala entre 0 e 1, a distribui\u00e7\u00e3o de renda no Brasil parou em 2012, quebrando \u201cuma s\u00e9rie de dez anos de progresso\u201d.<\/p>\n","protected":false},"excerpt":{"rendered":"<p>Sob o comando da presidente Dilma Rousseff, o \u201cBrasil passou da efervesc\u00eancia para a melancolia\u201d. Essa \u00e9 a opini\u00e3o de Anderson Antunes, colunista da revista americana Forbes, que elencou cinco motivos para os brasileiros n\u00e3o reelegeram a petista para a Presid\u00eancia da Rep\u00fablica nas elei\u00e7\u00f5es de 5 de outubro. De acordo com a artigo, o [&hellip;]<\/p>\n","protected":false},"author":2,"featured_media":22091,"comment_status":"open","ping_status":"closed","sticky":false,"template":"","format":"standard","meta":{"_acf_changed":false,"footnotes":""},"categories":[33],"tags":[],"class_list":["post-22090","post","type-post","status-publish","format-standard","has-post-thumbnail","hentry","category-eleicoes-2014"],"acf":[],"yoast_head":"<!-- This site is optimized with the Yoast SEO plugin v27.2 - https:\/\/yoast.com\/product\/yoast-seo-wordpress\/ -->\n<title>Revista Forbes lista cinco motivos para Brasil n\u00e3o reeleger Dilma - Notibras<\/title>\n<meta name=\"robots\" content=\"index, follow, max-snippet:-1, max-image-preview:large, max-video-preview:-1\" \/>\n<link rel=\"canonical\" href=\"https:\/\/www.notibras.com\/site\/revista-forbes-lista-cinco-motivos-para-brasil-nao-reeleger-dilma\/\" \/>\n<meta property=\"og:locale\" content=\"pt_BR\" \/>\n<meta property=\"og:type\" content=\"article\" \/>\n<meta property=\"og:title\" content=\"Revista Forbes lista cinco motivos para Brasil n\u00e3o reeleger Dilma - Notibras\" \/>\n<meta property=\"og:description\" content=\"Sob o comando da presidente Dilma Rousseff, o \u201cBrasil passou da efervesc\u00eancia para a melancolia\u201d. Essa \u00e9 a opini\u00e3o de Anderson Antunes, colunista da revista americana Forbes, que elencou cinco motivos para os brasileiros n\u00e3o reelegeram a petista para a Presid\u00eancia da Rep\u00fablica nas elei\u00e7\u00f5es de 5 de outubro. De acordo com a artigo, o [&hellip;]\" \/>\n<meta property=\"og:url\" content=\"https:\/\/www.notibras.com\/site\/revista-forbes-lista-cinco-motivos-para-brasil-nao-reeleger-dilma\/\" \/>\n<meta property=\"og:site_name\" content=\"Notibras\" \/>\n<meta property=\"article:publisher\" content=\"https:\/\/www.facebook.com\/notibras\/\" \/>\n<meta property=\"article:published_time\" content=\"2014-09-12T16:05:33+00:00\" \/>\n<meta property=\"article:modified_time\" content=\"2014-09-12T16:17:02+00:00\" \/>\n<meta property=\"og:image\" content=\"https:\/\/www.notibras.com\/site\/wp-content\/uploads\/2014\/09\/01dilmaestudantesmatsuterra.jpg\" \/>\n\t<meta property=\"og:image:width\" content=\"460\" \/>\n\t<meta property=\"og:image:height\" content=\"340\" \/>\n\t<meta property=\"og:image:type\" content=\"image\/jpeg\" \/>\n<meta name=\"author\" content=\"Reda\u00e7\u00e3o\" \/>\n<meta name=\"twitter:card\" content=\"summary_large_image\" \/>\n<meta name=\"twitter:creator\" content=\"@Notibras\" \/>\n<meta name=\"twitter:site\" content=\"@Notibras\" \/>\n<meta name=\"twitter:label1\" content=\"Escrito por\" \/>\n\t<meta name=\"twitter:data1\" content=\"Reda\u00e7\u00e3o\" \/>\n\t<meta name=\"twitter:label2\" content=\"Est. tempo de leitura\" \/>\n\t<meta name=\"twitter:data2\" content=\"4 minutos\" \/>\n<script type=\"application\/ld+json\" class=\"yoast-schema-graph\">{\"@context\":\"https:\/\/schema.org\",\"@graph\":[{\"@type\":\"Article\",\"@id\":\"https:\/\/www.notibras.com\/site\/revista-forbes-lista-cinco-motivos-para-brasil-nao-reeleger-dilma\/#article\",\"isPartOf\":{\"@id\":\"https:\/\/www.notibras.com\/site\/revista-forbes-lista-cinco-motivos-para-brasil-nao-reeleger-dilma\/\"},\"author\":{\"name\":\"Reda\u00e7\u00e3o\",\"@id\":\"https:\/\/www.notibras.com\/site\/#\/schema\/person\/36ab0979449956132d3e5b517ea76ac8\"},\"headline\":\"Revista Forbes lista cinco motivos para Brasil n\u00e3o reeleger Dilma\",\"datePublished\":\"2014-09-12T16:05:33+00:00\",\"dateModified\":\"2014-09-12T16:17:02+00:00\",\"mainEntityOfPage\":{\"@id\":\"https:\/\/www.notibras.com\/site\/revista-forbes-lista-cinco-motivos-para-brasil-nao-reeleger-dilma\/\"},\"wordCount\":861,\"commentCount\":0,\"publisher\":{\"@id\":\"https:\/\/www.notibras.com\/site\/#organization\"},\"image\":{\"@id\":\"https:\/\/www.notibras.com\/site\/revista-forbes-lista-cinco-motivos-para-brasil-nao-reeleger-dilma\/#primaryimage\"},\"thumbnailUrl\":\"https:\/\/www.notibras.com\/site\/wp-content\/uploads\/2014\/09\/01dilmaestudantesmatsuterra.jpg\",\"articleSection\":[\"Elei\u00e7\u00f5es 2014\"],\"inLanguage\":\"pt-BR\",\"potentialAction\":[{\"@type\":\"CommentAction\",\"name\":\"Comment\",\"target\":[\"https:\/\/www.notibras.com\/site\/revista-forbes-lista-cinco-motivos-para-brasil-nao-reeleger-dilma\/#respond\"]}]},{\"@type\":\"WebPage\",\"@id\":\"https:\/\/www.notibras.com\/site\/revista-forbes-lista-cinco-motivos-para-brasil-nao-reeleger-dilma\/\",\"url\":\"https:\/\/www.notibras.com\/site\/revista-forbes-lista-cinco-motivos-para-brasil-nao-reeleger-dilma\/\",\"name\":\"Revista Forbes lista cinco motivos para Brasil n\u00e3o reeleger Dilma - Notibras\",\"isPartOf\":{\"@id\":\"https:\/\/www.notibras.com\/site\/#website\"},\"primaryImageOfPage\":{\"@id\":\"https:\/\/www.notibras.com\/site\/revista-forbes-lista-cinco-motivos-para-brasil-nao-reeleger-dilma\/#primaryimage\"},\"image\":{\"@id\":\"https:\/\/www.notibras.com\/site\/revista-forbes-lista-cinco-motivos-para-brasil-nao-reeleger-dilma\/#primaryimage\"},\"thumbnailUrl\":\"https:\/\/www.notibras.com\/site\/wp-content\/uploads\/2014\/09\/01dilmaestudantesmatsuterra.jpg\",\"datePublished\":\"2014-09-12T16:05:33+00:00\",\"dateModified\":\"2014-09-12T16:17:02+00:00\",\"breadcrumb\":{\"@id\":\"https:\/\/www.notibras.com\/site\/revista-forbes-lista-cinco-motivos-para-brasil-nao-reeleger-dilma\/#breadcrumb\"},\"inLanguage\":\"pt-BR\",\"potentialAction\":[{\"@type\":\"ReadAction\",\"target\":[\"https:\/\/www.notibras.com\/site\/revista-forbes-lista-cinco-motivos-para-brasil-nao-reeleger-dilma\/\"]}]},{\"@type\":\"ImageObject\",\"inLanguage\":\"pt-BR\",\"@id\":\"https:\/\/www.notibras.com\/site\/revista-forbes-lista-cinco-motivos-para-brasil-nao-reeleger-dilma\/#primaryimage\",\"url\":\"https:\/\/www.notibras.com\/site\/wp-content\/uploads\/2014\/09\/01dilmaestudantesmatsuterra.jpg\",\"contentUrl\":\"https:\/\/www.notibras.com\/site\/wp-content\/uploads\/2014\/09\/01dilmaestudantesmatsuterra.jpg\",\"width\":460,\"height\":340},{\"@type\":\"BreadcrumbList\",\"@id\":\"https:\/\/www.notibras.com\/site\/revista-forbes-lista-cinco-motivos-para-brasil-nao-reeleger-dilma\/#breadcrumb\",\"itemListElement\":[{\"@type\":\"ListItem\",\"position\":1,\"name\":\"In\u00edcio\",\"item\":\"https:\/\/www.notibras.com\/site\/\"},{\"@type\":\"ListItem\",\"position\":2,\"name\":\"Revista Forbes lista cinco motivos para Brasil n\u00e3o reeleger Dilma\"}]},{\"@type\":\"WebSite\",\"@id\":\"https:\/\/www.notibras.com\/site\/#website\",\"url\":\"https:\/\/www.notibras.com\/site\/\",\"name\":\"Notibras\",\"description\":\"Not\u00edcias de Bras\u00edlia, do Brasil e do Mundo\",\"publisher\":{\"@id\":\"https:\/\/www.notibras.com\/site\/#organization\"},\"potentialAction\":[{\"@type\":\"SearchAction\",\"target\":{\"@type\":\"EntryPoint\",\"urlTemplate\":\"https:\/\/www.notibras.com\/site\/?s={search_term_string}\"},\"query-input\":{\"@type\":\"PropertyValueSpecification\",\"valueRequired\":true,\"valueName\":\"search_term_string\"}}],\"inLanguage\":\"pt-BR\"},{\"@type\":\"Organization\",\"@id\":\"https:\/\/www.notibras.com\/site\/#organization\",\"name\":\"Grupo Notibras de Comunica\u00e7\u00e3o\",\"url\":\"https:\/\/www.notibras.com\/site\/\",\"logo\":{\"@type\":\"ImageObject\",\"inLanguage\":\"pt-BR\",\"@id\":\"https:\/\/www.notibras.com\/site\/#\/schema\/logo\/image\/\",\"url\":\"https:\/\/www.notibras.com\/site\/wp-content\/uploads\/2023\/01\/notibras23.png\",\"contentUrl\":\"https:\/\/www.notibras.com\/site\/wp-content\/uploads\/2023\/01\/notibras23.png\",\"width\":350,\"height\":87,\"caption\":\"Grupo Notibras de Comunica\u00e7\u00e3o\"},\"image\":{\"@id\":\"https:\/\/www.notibras.com\/site\/#\/schema\/logo\/image\/\"},\"sameAs\":[\"https:\/\/www.facebook.com\/notibras\/\",\"https:\/\/x.com\/Notibras\",\"https:\/\/www.instagram.com\/notibras\/\"]},{\"@type\":\"Person\",\"@id\":\"https:\/\/www.notibras.com\/site\/#\/schema\/person\/36ab0979449956132d3e5b517ea76ac8\",\"name\":\"Reda\u00e7\u00e3o\",\"image\":{\"@type\":\"ImageObject\",\"inLanguage\":\"pt-BR\",\"@id\":\"https:\/\/secure.gravatar.com\/avatar\/e0a867bdedb85fd243eadf09663511f96fc81e0720a4a42581f334ad4303aa6b?s=96&d=mm&r=g\",\"url\":\"https:\/\/secure.gravatar.com\/avatar\/e0a867bdedb85fd243eadf09663511f96fc81e0720a4a42581f334ad4303aa6b?s=96&d=mm&r=g\",\"contentUrl\":\"https:\/\/secure.gravatar.com\/avatar\/e0a867bdedb85fd243eadf09663511f96fc81e0720a4a42581f334ad4303aa6b?s=96&d=mm&r=g\",\"caption\":\"Reda\u00e7\u00e3o\"}}]}<\/script>\n<!-- \/ Yoast SEO plugin. -->","yoast_head_json":{"title":"Revista Forbes lista cinco motivos para Brasil n\u00e3o reeleger Dilma - Notibras","robots":{"index":"index","follow":"follow","max-snippet":"max-snippet:-1","max-image-preview":"max-image-preview:large","max-video-preview":"max-video-preview:-1"},"canonical":"https:\/\/www.notibras.com\/site\/revista-forbes-lista-cinco-motivos-para-brasil-nao-reeleger-dilma\/","og_locale":"pt_BR","og_type":"article","og_title":"Revista Forbes lista cinco motivos para Brasil n\u00e3o reeleger Dilma - Notibras","og_description":"Sob o comando da presidente Dilma Rousseff, o \u201cBrasil passou da efervesc\u00eancia para a melancolia\u201d. Essa \u00e9 a opini\u00e3o de Anderson Antunes, colunista da revista americana Forbes, que elencou cinco motivos para os brasileiros n\u00e3o reelegeram a petista para a Presid\u00eancia da Rep\u00fablica nas elei\u00e7\u00f5es de 5 de outubro. De acordo com a artigo, o [&hellip;]","og_url":"https:\/\/www.notibras.com\/site\/revista-forbes-lista-cinco-motivos-para-brasil-nao-reeleger-dilma\/","og_site_name":"Notibras","article_publisher":"https:\/\/www.facebook.com\/notibras\/","article_published_time":"2014-09-12T16:05:33+00:00","article_modified_time":"2014-09-12T16:17:02+00:00","og_image":[{"width":460,"height":340,"url":"https:\/\/www.notibras.com\/site\/wp-content\/uploads\/2014\/09\/01dilmaestudantesmatsuterra.jpg","type":"image\/jpeg"}],"author":"Reda\u00e7\u00e3o","twitter_card":"summary_large_image","twitter_creator":"@Notibras","twitter_site":"@Notibras","twitter_misc":{"Escrito por":"Reda\u00e7\u00e3o","Est. tempo de leitura":"4 minutos"},"schema":{"@context":"https:\/\/schema.org","@graph":[{"@type":"Article","@id":"https:\/\/www.notibras.com\/site\/revista-forbes-lista-cinco-motivos-para-brasil-nao-reeleger-dilma\/#article","isPartOf":{"@id":"https:\/\/www.notibras.com\/site\/revista-forbes-lista-cinco-motivos-para-brasil-nao-reeleger-dilma\/"},"author":{"name":"Reda\u00e7\u00e3o","@id":"https:\/\/www.notibras.com\/site\/#\/schema\/person\/36ab0979449956132d3e5b517ea76ac8"},"headline":"Revista Forbes lista cinco motivos para Brasil n\u00e3o reeleger Dilma","datePublished":"2014-09-12T16:05:33+00:00","dateModified":"2014-09-12T16:17:02+00:00","mainEntityOfPage":{"@id":"https:\/\/www.notibras.com\/site\/revista-forbes-lista-cinco-motivos-para-brasil-nao-reeleger-dilma\/"},"wordCount":861,"commentCount":0,"publisher":{"@id":"https:\/\/www.notibras.com\/site\/#organization"},"image":{"@id":"https:\/\/www.notibras.com\/site\/revista-forbes-lista-cinco-motivos-para-brasil-nao-reeleger-dilma\/#primaryimage"},"thumbnailUrl":"https:\/\/www.notibras.com\/site\/wp-content\/uploads\/2014\/09\/01dilmaestudantesmatsuterra.jpg","articleSection":["Elei\u00e7\u00f5es 2014"],"inLanguage":"pt-BR","potentialAction":[{"@type":"CommentAction","name":"Comment","target":["https:\/\/www.notibras.com\/site\/revista-forbes-lista-cinco-motivos-para-brasil-nao-reeleger-dilma\/#respond"]}]},{"@type":"WebPage","@id":"https:\/\/www.notibras.com\/site\/revista-forbes-lista-cinco-motivos-para-brasil-nao-reeleger-dilma\/","url":"https:\/\/www.notibras.com\/site\/revista-forbes-lista-cinco-motivos-para-brasil-nao-reeleger-dilma\/","name":"Revista Forbes lista cinco motivos para Brasil n\u00e3o reeleger Dilma - Notibras","isPartOf":{"@id":"https:\/\/www.notibras.com\/site\/#website"},"primaryImageOfPage":{"@id":"https:\/\/www.notibras.com\/site\/revista-forbes-lista-cinco-motivos-para-brasil-nao-reeleger-dilma\/#primaryimage"},"image":{"@id":"https:\/\/www.notibras.com\/site\/revista-forbes-lista-cinco-motivos-para-brasil-nao-reeleger-dilma\/#primaryimage"},"thumbnailUrl":"https:\/\/www.notibras.com\/site\/wp-content\/uploads\/2014\/09\/01dilmaestudantesmatsuterra.jpg","datePublished":"2014-09-12T16:05:33+00:00","dateModified":"2014-09-12T16:17:02+00:00","breadcrumb":{"@id":"https:\/\/www.notibras.com\/site\/revista-forbes-lista-cinco-motivos-para-brasil-nao-reeleger-dilma\/#breadcrumb"},"inLanguage":"pt-BR","potentialAction":[{"@type":"ReadAction","target":["https:\/\/www.notibras.com\/site\/revista-forbes-lista-cinco-motivos-para-brasil-nao-reeleger-dilma\/"]}]},{"@type":"ImageObject","inLanguage":"pt-BR","@id":"https:\/\/www.notibras.com\/site\/revista-forbes-lista-cinco-motivos-para-brasil-nao-reeleger-dilma\/#primaryimage","url":"https:\/\/www.notibras.com\/site\/wp-content\/uploads\/2014\/09\/01dilmaestudantesmatsuterra.jpg","contentUrl":"https:\/\/www.notibras.com\/site\/wp-content\/uploads\/2014\/09\/01dilmaestudantesmatsuterra.jpg","width":460,"height":340},{"@type":"BreadcrumbList","@id":"https:\/\/www.notibras.com\/site\/revista-forbes-lista-cinco-motivos-para-brasil-nao-reeleger-dilma\/#breadcrumb","itemListElement":[{"@type":"ListItem","position":1,"name":"In\u00edcio","item":"https:\/\/www.notibras.com\/site\/"},{"@type":"ListItem","position":2,"name":"Revista Forbes lista cinco motivos para Brasil n\u00e3o reeleger Dilma"}]},{"@type":"WebSite","@id":"https:\/\/www.notibras.com\/site\/#website","url":"https:\/\/www.notibras.com\/site\/","name":"Notibras","description":"Not\u00edcias de Bras\u00edlia, do Brasil e do Mundo","publisher":{"@id":"https:\/\/www.notibras.com\/site\/#organization"},"potentialAction":[{"@type":"SearchAction","target":{"@type":"EntryPoint","urlTemplate":"https:\/\/www.notibras.com\/site\/?s={search_term_string}"},"query-input":{"@type":"PropertyValueSpecification","valueRequired":true,"valueName":"search_term_string"}}],"inLanguage":"pt-BR"},{"@type":"Organization","@id":"https:\/\/www.notibras.com\/site\/#organization","name":"Grupo Notibras de Comunica\u00e7\u00e3o","url":"https:\/\/www.notibras.com\/site\/","logo":{"@type":"ImageObject","inLanguage":"pt-BR","@id":"https:\/\/www.notibras.com\/site\/#\/schema\/logo\/image\/","url":"https:\/\/www.notibras.com\/site\/wp-content\/uploads\/2023\/01\/notibras23.png","contentUrl":"https:\/\/www.notibras.com\/site\/wp-content\/uploads\/2023\/01\/notibras23.png","width":350,"height":87,"caption":"Grupo Notibras de Comunica\u00e7\u00e3o"},"image":{"@id":"https:\/\/www.notibras.com\/site\/#\/schema\/logo\/image\/"},"sameAs":["https:\/\/www.facebook.com\/notibras\/","https:\/\/x.com\/Notibras","https:\/\/www.instagram.com\/notibras\/"]},{"@type":"Person","@id":"https:\/\/www.notibras.com\/site\/#\/schema\/person\/36ab0979449956132d3e5b517ea76ac8","name":"Reda\u00e7\u00e3o","image":{"@type":"ImageObject","inLanguage":"pt-BR","@id":"https:\/\/secure.gravatar.com\/avatar\/e0a867bdedb85fd243eadf09663511f96fc81e0720a4a42581f334ad4303aa6b?s=96&d=mm&r=g","url":"https:\/\/secure.gravatar.com\/avatar\/e0a867bdedb85fd243eadf09663511f96fc81e0720a4a42581f334ad4303aa6b?s=96&d=mm&r=g","contentUrl":"https:\/\/secure.gravatar.com\/avatar\/e0a867bdedb85fd243eadf09663511f96fc81e0720a4a42581f334ad4303aa6b?s=96&d=mm&r=g","caption":"Reda\u00e7\u00e3o"}}]}},"amp_enabled":true,"_links":{"self":[{"href":"https:\/\/www.notibras.com\/site\/wp-json\/wp\/v2\/posts\/22090","targetHints":{"allow":["GET"]}}],"collection":[{"href":"https:\/\/www.notibras.com\/site\/wp-json\/wp\/v2\/posts"}],"about":[{"href":"https:\/\/www.notibras.com\/site\/wp-json\/wp\/v2\/types\/post"}],"author":[{"embeddable":true,"href":"https:\/\/www.notibras.com\/site\/wp-json\/wp\/v2\/users\/2"}],"replies":[{"embeddable":true,"href":"https:\/\/www.notibras.com\/site\/wp-json\/wp\/v2\/comments?post=22090"}],"version-history":[{"count":0,"href":"https:\/\/www.notibras.com\/site\/wp-json\/wp\/v2\/posts\/22090\/revisions"}],"wp:featuredmedia":[{"embeddable":true,"href":"https:\/\/www.notibras.com\/site\/wp-json\/wp\/v2\/media\/22091"}],"wp:attachment":[{"href":"https:\/\/www.notibras.com\/site\/wp-json\/wp\/v2\/media?parent=22090"}],"wp:term":[{"taxonomy":"category","embeddable":true,"href":"https:\/\/www.notibras.com\/site\/wp-json\/wp\/v2\/categories?post=22090"},{"taxonomy":"post_tag","embeddable":true,"href":"https:\/\/www.notibras.com\/site\/wp-json\/wp\/v2\/tags?post=22090"}],"curies":[{"name":"wp","href":"https:\/\/api.w.org\/{rel}","templated":true}]}}