{"id":22106,"date":"2014-09-12T18:01:51","date_gmt":"2014-09-12T21:01:51","guid":{"rendered":"http:\/\/www.notibras.com\/site\/?p=22106"},"modified":"2014-09-12T18:03:54","modified_gmt":"2014-09-12T21:03:54","slug":"pt-decide-processar-marina-por-difanar-legenda-no-caso-petrobras","status":"publish","type":"post","link":"https:\/\/www.notibras.com\/site\/pt-decide-processar-marina-por-difanar-legenda-no-caso-petrobras\/","title":{"rendered":"PT decide processar Marina por difamar legenda no caso Petrobras"},"content":{"rendered":"<p>O PT decidiu apresentar uma representa\u00e7\u00e3o criminal junto ao Minist\u00e9rio P\u00fablico Eleitoral acusando a candidata do PSB \u00e0 Presid\u00eancia Marina Silva (PSB-Rede), de ter difamado a legenda.<\/p>\n<p>Na (11), durante sabatina ao jornal &#8220;O Globo&#8221;, a presidenci\u00e1vel declarou que o PT, seu antigo partido, colocou Paulo Roberto Costa na diretoria da Petrobras para assaltar os cofres da estatal.<\/p>\n<p>Conforme a assessoria petista, a legenda alegar\u00e1 ao Minist\u00e9rio P\u00fablico que houve \u201cdifama\u00e7\u00e3o eleitoral\u201d por parte de Marina. A sigla entende que as declara\u00e7\u00f5es da ex-senadora feriram a &#8220;honra&#8221; da legenda.<\/p>\n<blockquote><p>\u201cSegundo avalia\u00e7\u00e3o do Diret\u00f3rio Nacional do PT, durante a sabatina Marina Silva extrapolou \u2013 e em muito \u2013 o mero direito de cr\u00edtica, ferindo abertamente a honra da agremia\u00e7\u00e3o, bem jur\u00eddico tutelado pelo tipo penal em quest\u00e3o\u201d, ressalta nota oficial divulgada pelo PT.<\/p><\/blockquote>\n","protected":false},"excerpt":{"rendered":"<p>O PT decidiu apresentar uma representa\u00e7\u00e3o criminal junto ao Minist\u00e9rio P\u00fablico Eleitoral acusando a candidata do PSB \u00e0 Presid\u00eancia Marina Silva (PSB-Rede), de ter difamado a legenda. Na (11), durante sabatina ao jornal &#8220;O Globo&#8221;, a presidenci\u00e1vel declarou que o PT, seu antigo partido, colocou Paulo Roberto Costa na diretoria da Petrobras para assaltar os [&hellip;]<\/p>\n","protected":false},"author":2,"featured_media":22109,"comment_status":"open","ping_status":"closed","sticky":false,"template":"","format":"standard","meta":{"_acf_changed":false,"footnotes":""},"categories":[33],"tags":[],"class_list":["post-22106","post","type-post","status-publish","format-standard","has-post-thumbnail","hentry","category-eleicoes-2014"],"acf":[],"_links":{"self":[{"href":"https:\/\/www.notibras.com\/site\/wp-json\/wp\/v2\/posts\/22106","targetHints":{"allow":["GET"]}}],"collection":[{"href":"https:\/\/www.notibras.com\/site\/wp-json\/wp\/v2\/posts"}],"about":[{"href":"https:\/\/www.notibras.com\/site\/wp-json\/wp\/v2\/types\/post"}],"author":[{"embeddable":true,"href":"https:\/\/www.notibras.com\/site\/wp-json\/wp\/v2\/users\/2"}],"replies":[{"embeddable":true,"href":"https:\/\/www.notibras.com\/site\/wp-json\/wp\/v2\/comments?post=22106"}],"version-history":[{"count":0,"href":"https:\/\/www.notibras.com\/site\/wp-json\/wp\/v2\/posts\/22106\/revisions"}],"wp:featuredmedia":[{"embeddable":true,"href":"https:\/\/www.notibras.com\/site\/wp-json\/wp\/v2\/media\/22109"}],"wp:attachment":[{"href":"https:\/\/www.notibras.com\/site\/wp-json\/wp\/v2\/media?parent=22106"}],"wp:term":[{"taxonomy":"category","embeddable":true,"href":"https:\/\/www.notibras.com\/site\/wp-json\/wp\/v2\/categories?post=22106"},{"taxonomy":"post_tag","embeddable":true,"href":"https:\/\/www.notibras.com\/site\/wp-json\/wp\/v2\/tags?post=22106"}],"curies":[{"name":"wp","href":"https:\/\/api.w.org\/{rel}","templated":true}]}}