{"id":22111,"date":"2014-09-12T17:21:39","date_gmt":"2014-09-12T20:21:39","guid":{"rendered":"http:\/\/www.notibras.com\/site\/?p=22111"},"modified":"2014-09-12T18:24:51","modified_gmt":"2014-09-12T21:24:51","slug":"vetado-pelo-tse-riva-coloca-mulher-para-disputar-no-mato-grosso","status":"publish","type":"post","link":"https:\/\/www.notibras.com\/site\/vetado-pelo-tse-riva-coloca-mulher-para-disputar-no-mato-grosso\/","title":{"rendered":"Vetado pelo TSE, Riva coloca mulher para disputar no Mato Grosso"},"content":{"rendered":"<p>A ex-secret\u00e1ria de Cultura de Mato Grosso Janete Riva foi lan\u00e7ada pelo PSD como candidata ao governo do Mato Grosso, na tarde desta sexta-feira (12), assumindo o lugar do seu marido, o deputado estadual Jos\u00e9 Riva (PSD), que teve a candidatura indeferida pelo TSE.<\/p>\n<p>Riva foi impedido de continuar na disputa pelo comando do Pal\u00e1cio Paiagu\u00e1s, com base na Lei &#8216;Ficha Limpa&#8217;, por ter sido condenado por improbidade administrativa. O recurso foi julgado na noite desta quinta (11).<\/p>\n<p>O an\u00fancio da nova candidata foi feito durante entrevista coletiva, que reuniu toda a c\u00fapula do partido e das siglas aliadas na coliga\u00e7\u00e3o.<\/p>\n<blockquote><p>No m\u00eas passado, o Tribunal Regional Eleitoral de Mato Grosso (TRE-MT) havia negado o pedido de registro da candidatura do deputado Jos\u00e9 Riva. No TSE, o indeferimento foi mantido. Com Janete, a disputa pelo governo do estado de Mato Grosso agora envolve quatro candidatos.<\/p><\/blockquote>\n<p>Devido ao car\u00e1ter definitivo do indeferimento no TSE, a coliga\u00e7\u00e3o Viva Mato Grosso se reuniu nesta sexta-feira desde a madrugada para decidir os rumos no pleito deste ano. Segundo as regras da Justi\u00e7a Eleitoral, a coliga\u00e7\u00e3o tem tr\u00eas dias \u00fateis para apresentar um substituto para o posto de governador.<\/p>\n<p>Logo, o nome da esposa de Jos\u00e9 Riva foi cotado, segundo explicou o pr\u00f3prio parlamentar antes do an\u00fancio oficial na tarde desta sexta-feira. Aos olhos dos partidos aliados, disse Riva, Janete reune os requisitos necess\u00e1rios para atrair votos mantendo a linha do projeto de governo j\u00e1 divulgado na campanha at\u00e9 agora. O grupo tamb\u00e9m apostou na possibilidade de gerar um fato novo pois, caso eleita, Janete se tornaria a primeira mulher governador do estado.<\/p>\n<div id=\"entenda_o_caso_77\" class=\"entenda-o-caso componente_materia\"><\/div>\n<p>For\u00e7ada pelo rev\u00e9s no TSE, a decis\u00e3o mudou apenas a cabe\u00e7a-de-chapa majorit\u00e1ria. O candidato a vice-governador pela coliga\u00e7\u00e3o continua sendo o m\u00e9dico Aray Fonseca (<a class=\"premium-tip\" href=\"http:\/\/g1.globo.com\/topico\/psd.html\">PSD<\/a>), assim como segue na disputa o candidato a senador Rui Prado (PSD).<\/p>\n<p>Por sua vez, Riva anunciou que atuar\u00e1 como coordenador da campanha da esposa, buscando apoios e organizando a estrat\u00e9gia da coliga\u00e7\u00e3o para chegar ao segundo turno. &#8220;Coordenador de campanha n\u00e3o pode ser impugnado, pode?&#8221;, ironizou, referindo-se \u00e0 decis\u00e3o do TSE.<\/p>\n","protected":false},"excerpt":{"rendered":"<p>A ex-secret\u00e1ria de Cultura de Mato Grosso Janete Riva foi lan\u00e7ada pelo PSD como candidata ao governo do Mato Grosso, na tarde desta sexta-feira (12), assumindo o lugar do seu marido, o deputado estadual Jos\u00e9 Riva (PSD), que teve a candidatura indeferida pelo TSE. Riva foi impedido de continuar na disputa pelo comando do Pal\u00e1cio [&hellip;]<\/p>\n","protected":false},"author":2,"featured_media":22112,"comment_status":"open","ping_status":"closed","sticky":false,"template":"","format":"standard","meta":{"_acf_changed":false,"footnotes":""},"categories":[33],"tags":[],"class_list":["post-22111","post","type-post","status-publish","format-standard","has-post-thumbnail","hentry","category-eleicoes-2014"],"acf":[],"_links":{"self":[{"href":"https:\/\/www.notibras.com\/site\/wp-json\/wp\/v2\/posts\/22111","targetHints":{"allow":["GET"]}}],"collection":[{"href":"https:\/\/www.notibras.com\/site\/wp-json\/wp\/v2\/posts"}],"about":[{"href":"https:\/\/www.notibras.com\/site\/wp-json\/wp\/v2\/types\/post"}],"author":[{"embeddable":true,"href":"https:\/\/www.notibras.com\/site\/wp-json\/wp\/v2\/users\/2"}],"replies":[{"embeddable":true,"href":"https:\/\/www.notibras.com\/site\/wp-json\/wp\/v2\/comments?post=22111"}],"version-history":[{"count":0,"href":"https:\/\/www.notibras.com\/site\/wp-json\/wp\/v2\/posts\/22111\/revisions"}],"wp:featuredmedia":[{"embeddable":true,"href":"https:\/\/www.notibras.com\/site\/wp-json\/wp\/v2\/media\/22112"}],"wp:attachment":[{"href":"https:\/\/www.notibras.com\/site\/wp-json\/wp\/v2\/media?parent=22111"}],"wp:term":[{"taxonomy":"category","embeddable":true,"href":"https:\/\/www.notibras.com\/site\/wp-json\/wp\/v2\/categories?post=22111"},{"taxonomy":"post_tag","embeddable":true,"href":"https:\/\/www.notibras.com\/site\/wp-json\/wp\/v2\/tags?post=22111"}],"curies":[{"name":"wp","href":"https:\/\/api.w.org\/{rel}","templated":true}]}}