{"id":22114,"date":"2014-09-12T17:44:17","date_gmt":"2014-09-12T20:44:17","guid":{"rendered":"http:\/\/www.notibras.com\/site\/?p=22114"},"modified":"2014-09-12T18:28:56","modified_gmt":"2014-09-12T21:28:56","slug":"aecio-se-solidariza-com-marina-por-criticas-pessoais-dos-petistas","status":"publish","type":"post","link":"https:\/\/www.notibras.com\/site\/aecio-se-solidariza-com-marina-por-criticas-pessoais-dos-petistas\/","title":{"rendered":"A\u00e9cio se solidariza com Marina por &#8216;cr\u00edticas pessoais&#8217; dos petistas"},"content":{"rendered":"<p>O candidato do PSDB \u00e0 Presid\u00eancia da Rep\u00fablica, A\u00e9cio Neves, afirmou nesta sexta-feira (12) que a presidenci\u00e1vel do PSB, Marina Silva, sofre ataques da candidata \u00e0 releei\u00e7\u00e3o pelo PT, Dilma Rousseff, e disse que se solidariza com a ex-senadora. A\u00e9cio participou de evendo de campanha em S\u00e3o Paulo ao lado de Geraldo Alckmin, candidato tucano \u00e0 reelei\u00e7\u00e3o para o governo do estado.<\/p>\n<p>A\u00e9cio se referiu \u00e0 compara\u00e7\u00e3o que a campanha de Dilma fez de Marina com Fernando Collor e J\u00e2nio Quadros, ex-presidentes que sofriam com falta de apoio no Congresso e n\u00e3o conclu\u00edram os respectivos mandatos. O tucano tamb\u00e9m fez alus\u00e3o \u00e0 insinua\u00e7\u00e3o feita por Dilma de que Marina seria financiada por banqueiro.<\/p>\n<blockquote><p>\u201cEu me solidarizo com a candidata Marina em rela\u00e7\u00e3o a essas cr\u00edticas pessoais que t\u00eam sido feitas a ela em compara\u00e7\u00e3o com outros presidentes que n\u00e3o terminaram seu mandato. N\u00e3o vejo ali qualquer rela\u00e7\u00e3o com a hist\u00f3ria de Marina e desses candidatos. N\u00e3o entro nessa quest\u00e3o pessoal, esses ataques sobre quem financia a candidata do PSB, mas a discuss\u00e3o pol\u00edtica \u00e9 essencial.<\/p><\/blockquote>\n<p>No \u00faltimo dia 9, Marina fez cr\u00edtica \u00e0 pol\u00edtica econ\u00f4mica do governo Dilma Rousseff e disse que a petista criou a bolsa banqueiro, devido aos sucessivos aumentos na taxa de juros. Dilma rebateu a declara\u00e7\u00e3o no mesmo dia afirmando que n\u00e3o \u00e9 apoiada nem financiada por banqueiro. A presidente fazia alus\u00e3o ao fato de Marina ter em sua coordena\u00e7\u00e3o de campanha a soci\u00f3loga Maria Alice Setubal, conhecida como Neca, herdeira do banco Ita\u00fa.<\/p>\n<p>Mesmo afirmando se solid\u00e1rio com Marina, A\u00e9cio voltou a questionar o fato de ela ter sido membro do PT e hoje criticar a partido. &#8220;Na verdade, n\u00f3s temos uma candidata que baixou o n\u00edvel do debate, a candidata do PT. Uma outra candidata que n\u00e3o quer o debate, que se ofende com a lembran\u00e7a de que ela militou por mais de 20 anos no PT, o mesmo partido que ela acusa de fazer a velha politica&#8221;, declarou.<\/p>\n","protected":false},"excerpt":{"rendered":"<p>O candidato do PSDB \u00e0 Presid\u00eancia da Rep\u00fablica, A\u00e9cio Neves, afirmou nesta sexta-feira (12) que a presidenci\u00e1vel do PSB, Marina Silva, sofre ataques da candidata \u00e0 releei\u00e7\u00e3o pelo PT, Dilma Rousseff, e disse que se solidariza com a ex-senadora. A\u00e9cio participou de evendo de campanha em S\u00e3o Paulo ao lado de Geraldo Alckmin, candidato tucano [&hellip;]<\/p>\n","protected":false},"author":2,"featured_media":22115,"comment_status":"open","ping_status":"closed","sticky":false,"template":"","format":"standard","meta":{"_acf_changed":false,"footnotes":""},"categories":[33],"tags":[],"class_list":["post-22114","post","type-post","status-publish","format-standard","has-post-thumbnail","hentry","category-eleicoes-2014"],"acf":[],"_links":{"self":[{"href":"https:\/\/www.notibras.com\/site\/wp-json\/wp\/v2\/posts\/22114","targetHints":{"allow":["GET"]}}],"collection":[{"href":"https:\/\/www.notibras.com\/site\/wp-json\/wp\/v2\/posts"}],"about":[{"href":"https:\/\/www.notibras.com\/site\/wp-json\/wp\/v2\/types\/post"}],"author":[{"embeddable":true,"href":"https:\/\/www.notibras.com\/site\/wp-json\/wp\/v2\/users\/2"}],"replies":[{"embeddable":true,"href":"https:\/\/www.notibras.com\/site\/wp-json\/wp\/v2\/comments?post=22114"}],"version-history":[{"count":0,"href":"https:\/\/www.notibras.com\/site\/wp-json\/wp\/v2\/posts\/22114\/revisions"}],"wp:featuredmedia":[{"embeddable":true,"href":"https:\/\/www.notibras.com\/site\/wp-json\/wp\/v2\/media\/22115"}],"wp:attachment":[{"href":"https:\/\/www.notibras.com\/site\/wp-json\/wp\/v2\/media?parent=22114"}],"wp:term":[{"taxonomy":"category","embeddable":true,"href":"https:\/\/www.notibras.com\/site\/wp-json\/wp\/v2\/categories?post=22114"},{"taxonomy":"post_tag","embeddable":true,"href":"https:\/\/www.notibras.com\/site\/wp-json\/wp\/v2\/tags?post=22114"}],"curies":[{"name":"wp","href":"https:\/\/api.w.org\/{rel}","templated":true}]}}