{"id":22127,"date":"2014-09-13T05:00:31","date_gmt":"2014-09-13T08:00:31","guid":{"rendered":"http:\/\/www.notibras.com\/site\/?p=22127"},"modified":"2014-09-16T10:30:24","modified_gmt":"2014-09-16T13:30:24","slug":"coveiro-perde-emprego-apos-tirar-foto-ao-lado-de-defunto-mumificado","status":"publish","type":"post","link":"https:\/\/www.notibras.com\/site\/coveiro-perde-emprego-apos-tirar-foto-ao-lado-de-defunto-mumificado\/","title":{"rendered":"Coveiro perde o emprego ap\u00f3s foto com defunto mumificado"},"content":{"rendered":"<p>Um coveiro do cemit\u00e9rio de Guardamar del Segura, em Alicante, na Espanha, foi afastado depois que posou para foto ao lado de um cad\u00e1ver mumificado e um parente do morto.<\/p>\n<p>A imagem gerou pol\u00eamica ao ser publicada nas redes sociais. Com o incidente, o trabalhador acabou demitido.<\/p>\n<blockquote><p>A cena surreal aconteceu depois que familiares decidiram abrir a sepultura do morto para que sua mulher pudesse ser enterrada no mesmo local, e decidiram tirar uma foto com o corpo mumificado.<\/p><\/blockquote>\n<p>Segundo a ag\u00eancia Efe, o epis\u00f3dio bizarro ocorreu no fim de agosto. A foto pol\u00eamica foi compartilhada por v\u00e1rios usu\u00e1rios no Twitter e Facebook.<\/p>\n","protected":false},"excerpt":{"rendered":"<p>Um coveiro do cemit\u00e9rio de Guardamar del Segura, em Alicante, na Espanha, foi afastado depois que posou para foto ao lado de um cad\u00e1ver mumificado e um parente do morto. A imagem gerou pol\u00eamica ao ser publicada nas redes sociais. Com o incidente, o trabalhador acabou demitido. A cena surreal aconteceu depois que familiares decidiram [&hellip;]<\/p>\n","protected":false},"author":2,"featured_media":22128,"comment_status":"open","ping_status":"closed","sticky":false,"template":"","format":"standard","meta":{"_acf_changed":false,"footnotes":""},"categories":[17],"tags":[],"class_list":["post-22127","post","type-post","status-publish","format-standard","has-post-thumbnail","hentry","category-mundo"],"acf":[],"_links":{"self":[{"href":"https:\/\/www.notibras.com\/site\/wp-json\/wp\/v2\/posts\/22127","targetHints":{"allow":["GET"]}}],"collection":[{"href":"https:\/\/www.notibras.com\/site\/wp-json\/wp\/v2\/posts"}],"about":[{"href":"https:\/\/www.notibras.com\/site\/wp-json\/wp\/v2\/types\/post"}],"author":[{"embeddable":true,"href":"https:\/\/www.notibras.com\/site\/wp-json\/wp\/v2\/users\/2"}],"replies":[{"embeddable":true,"href":"https:\/\/www.notibras.com\/site\/wp-json\/wp\/v2\/comments?post=22127"}],"version-history":[{"count":0,"href":"https:\/\/www.notibras.com\/site\/wp-json\/wp\/v2\/posts\/22127\/revisions"}],"wp:featuredmedia":[{"embeddable":true,"href":"https:\/\/www.notibras.com\/site\/wp-json\/wp\/v2\/media\/22128"}],"wp:attachment":[{"href":"https:\/\/www.notibras.com\/site\/wp-json\/wp\/v2\/media?parent=22127"}],"wp:term":[{"taxonomy":"category","embeddable":true,"href":"https:\/\/www.notibras.com\/site\/wp-json\/wp\/v2\/categories?post=22127"},{"taxonomy":"post_tag","embeddable":true,"href":"https:\/\/www.notibras.com\/site\/wp-json\/wp\/v2\/tags?post=22127"}],"curies":[{"name":"wp","href":"https:\/\/api.w.org\/{rel}","templated":true}]}}