{"id":22142,"date":"2014-09-13T04:24:59","date_gmt":"2014-09-13T07:24:59","guid":{"rendered":"http:\/\/www.notibras.com\/site\/?p=22142"},"modified":"2014-09-13T05:37:20","modified_gmt":"2014-09-13T08:37:20","slug":"magela-mesmo-nas-oracoes-pensa-em-como-usar-capetinhas","status":"publish","type":"post","link":"https:\/\/www.notibras.com\/site\/magela-mesmo-nas-oracoes-pensa-em-como-usar-capetinhas\/","title":{"rendered":"Magela, mesmo nas ora\u00e7\u00f5es, pensa em como usar capetinhas"},"content":{"rendered":"<p>Descendo o cen\u00e1rio da disputa (da esfera nacional para a elei\u00e7\u00e3o em Bras\u00edlia) cai tamb\u00e9m o n\u00edvel da campanha. E a escola criada por Collor e alimentada anos depois por Lula e seus aloprados, teve em Geraldo Magela, ex-secret\u00e1rio de Habita\u00e7\u00e3o de Agnelo Queiroz, um aluno brilhante. O candidato ao Senado pelo PT fecha os olhos e ataca. E coloca seus capetinhas em a\u00e7\u00e3o, mentalizando manobras at\u00e9 quando est\u00e1 recolhido em ora\u00e7\u00e3o. Mas Reguffe (PDT), n\u00e3o se deixa abater pela sordidez da campanha. \u00c9 verdade que o queridinho dos eleitores fica chateado com a onda de boatos, mas mant\u00e9m a cabe\u00e7a erguida. Trabalha como formiguinha contra os donos do cofre. E com a serenidade que lhe \u00e9 peculiar, chega a comentar com correligion\u00e1rios que o advers\u00e1rio est\u00e1 apavorado com a eminente derrota. J\u00e1 ele (Reguffe) mostra motiva\u00e7\u00e3o a cada caminhada, a cada abra\u00e7o, a cada aceno do eleitor que vive mobilizado para ajudar a enterrar quem vive de cal\u00fania e difama\u00e7\u00e3o.<\/p>\n","protected":false},"excerpt":{"rendered":"<p>Descendo o cen\u00e1rio da disputa (da esfera nacional para a elei\u00e7\u00e3o em Bras\u00edlia) cai tamb\u00e9m o n\u00edvel da campanha. E a escola criada por Collor e alimentada anos depois por Lula e seus aloprados, teve em Geraldo Magela, ex-secret\u00e1rio de Habita\u00e7\u00e3o de Agnelo Queiroz, um aluno brilhante. O candidato ao Senado pelo PT fecha os [&hellip;]<\/p>\n","protected":false},"author":2,"featured_media":22143,"comment_status":"open","ping_status":"closed","sticky":false,"template":"","format":"standard","meta":{"_acf_changed":false,"footnotes":""},"categories":[26],"tags":[],"class_list":["post-22142","post","type-post","status-publish","format-standard","has-post-thumbnail","hentry","category-eleicoes-2022"],"acf":[],"_links":{"self":[{"href":"https:\/\/www.notibras.com\/site\/wp-json\/wp\/v2\/posts\/22142","targetHints":{"allow":["GET"]}}],"collection":[{"href":"https:\/\/www.notibras.com\/site\/wp-json\/wp\/v2\/posts"}],"about":[{"href":"https:\/\/www.notibras.com\/site\/wp-json\/wp\/v2\/types\/post"}],"author":[{"embeddable":true,"href":"https:\/\/www.notibras.com\/site\/wp-json\/wp\/v2\/users\/2"}],"replies":[{"embeddable":true,"href":"https:\/\/www.notibras.com\/site\/wp-json\/wp\/v2\/comments?post=22142"}],"version-history":[{"count":0,"href":"https:\/\/www.notibras.com\/site\/wp-json\/wp\/v2\/posts\/22142\/revisions"}],"wp:featuredmedia":[{"embeddable":true,"href":"https:\/\/www.notibras.com\/site\/wp-json\/wp\/v2\/media\/22143"}],"wp:attachment":[{"href":"https:\/\/www.notibras.com\/site\/wp-json\/wp\/v2\/media?parent=22142"}],"wp:term":[{"taxonomy":"category","embeddable":true,"href":"https:\/\/www.notibras.com\/site\/wp-json\/wp\/v2\/categories?post=22142"},{"taxonomy":"post_tag","embeddable":true,"href":"https:\/\/www.notibras.com\/site\/wp-json\/wp\/v2\/tags?post=22142"}],"curies":[{"name":"wp","href":"https:\/\/api.w.org\/{rel}","templated":true}]}}