{"id":22145,"date":"2014-09-13T05:53:36","date_gmt":"2014-09-13T08:53:36","guid":{"rendered":"http:\/\/www.notibras.com\/site\/?p=22145"},"modified":"2014-09-13T05:54:24","modified_gmt":"2014-09-13T08:54:24","slug":"rapaz-que-matou-gay-gaucho-e-peso-pela-policia-de-goias","status":"publish","type":"post","link":"https:\/\/www.notibras.com\/site\/rapaz-que-matou-gay-gaucho-e-peso-pela-policia-de-goias\/","title":{"rendered":"Rapaz que matou gay ga\u00facho \u00e9 preso pela pol\u00edcia de Goi\u00e1s"},"content":{"rendered":"<div class=\"content\">\n<p>A Pol\u00edcia Civil de Inhumas (GO) prendeu nesta sexta 12 o assassino do jovem Jo\u00e3o Ant\u00f4nio Donati, de 18 anos. De acordo com o Humberto Te\u00f3filo, delegado respons\u00e1vel pelo caso, Andrie Maicon Ferreira da Silva, de 20 anos, confessou a autoria do assassinato. Andrie vai responder ao processo na pris\u00e3o.<\/p>\n<p>O corpo de Jo\u00e3o Ant\u00f4nio Donati, de 18 anos, foi encontrado no dia 10 de setembro em um terreno baldio, depois de buscas de parentes e amigos preocupados com seu desaparecimento, que sa\u00edra de casa na ter\u00e7a-feira (9) para trabalhar e n\u00e3o retornara.<\/p>\n<blockquote><p>Documentos encontrados pr\u00f3ximos \u00e0 v\u00edtima levaram \u00e0 solu\u00e7\u00e3o do caso. Um dos documentos pertencia a Andrie, que trabalha em uma fazenda pr\u00f3xima e foi reconhecido por testemunhas. Ele foi visto pr\u00f3ximo ao terreno baldio no dia da morte de Donati. Uma vez identificado, sua pris\u00e3o tempor\u00e1ria foi decretada. Na pris\u00e3o, confessou o crime.<\/p><\/blockquote>\n<p>Andrie relatou que manteve rela\u00e7\u00f5es sexuais com a v\u00edtima nas proximidades ao Est\u00e1dio Municipal de Inhumas. Durante a rela\u00e7\u00e3o, os dois se desentenderam e come\u00e7aram a trocar agress\u00f5es. Andrie, ent\u00e3o, enforcou Donati, matando-o. Em seguida, colocou peda\u00e7os de pl\u00e1stico na boca da v\u00edtima. Em seu relato, ele explicou que o motivo do desentendimento come\u00e7ou quando a v\u00edtima sugeriu inverter as posi\u00e7\u00f5es no ato sexual.<\/p>\n<p>A pol\u00edcia informou que o assassino chegou a prometer pagamento pelo programa sexual. Embora Andrie diga que foi um encontro casual, a pol\u00edcia investiga se os dois j\u00e1 haviam mantido contato outras vezes. A pol\u00edcia ainda vai colher depoimentos de testemunhas e pessoas pr\u00f3ximas \u00e0 v\u00edtima.<\/p>\n<p>Segundo o delegado, com a pris\u00e3o de Andrie, n\u00e3o h\u00e1 muitos<a href=\"http:\/\/agenciabrasil.ebc.com.br\/direitos-humanos\/noticia\/2014-09\/policia-investiga-possivel-caso-de-assassinato-por-homofobia-em\" target=\"_blank\"> ind\u00edcios de crime de homofobia<\/a>, uma primeiras linhas de investiga\u00e7\u00e3o para o assassinato de Donati. Ontem,\u00a0 a ministra da Secretaria de Direitos Humanos da Presid\u00eancia da Rep\u00fablica (SDH), <a href=\"http:\/\/agenciabrasil.ebc.com.br\/direitos-humanos\/noticia\/2014-09\/ideli-defende-criminalizacao-da-homofobia\" target=\"_blank\">Ideli Salvatti, defendeu uma legisla\u00e7\u00e3o<\/a> &#8220;adequada para coibir e punir os casos em que a quest\u00e3o homof\u00f3bica se manifeste&#8221;, ap\u00f3s a divulga\u00e7\u00e3o da morte de Donati e do <a href=\"http:\/\/agenciabrasil.ebc.com.br\/geral\/noticia\/2014-09\/incendio-destroi-parte-de-centro-gaucho-vesperas-de-casamento-homoafetivo\" target=\"_blank\">inc\u00eandio no Centro de Tradi\u00e7\u00f5es Ga\u00fachas (CTG)<\/a> Sentinelas do Planalto, em Santana de Livramento (RS), onde haveria uma\u00a0 cerim\u00f4nia coletiva, com o casamento de 28 casais heterossexuais e de duas mulheres.<\/p>\n<\/div>\n","protected":false},"excerpt":{"rendered":"<p>A Pol\u00edcia Civil de Inhumas (GO) prendeu nesta sexta 12 o assassino do jovem Jo\u00e3o Ant\u00f4nio Donati, de 18 anos. De acordo com o Humberto Te\u00f3filo, delegado respons\u00e1vel pelo caso, Andrie Maicon Ferreira da Silva, de 20 anos, confessou a autoria do assassinato. Andrie vai responder ao processo na pris\u00e3o. O corpo de Jo\u00e3o Ant\u00f4nio [&hellip;]<\/p>\n","protected":false},"author":2,"featured_media":22146,"comment_status":"open","ping_status":"closed","sticky":false,"template":"","format":"standard","meta":{"_acf_changed":false,"footnotes":""},"categories":[16],"tags":[],"class_list":["post-22145","post","type-post","status-publish","format-standard","has-post-thumbnail","hentry","category-brasil"],"acf":[],"_links":{"self":[{"href":"https:\/\/www.notibras.com\/site\/wp-json\/wp\/v2\/posts\/22145","targetHints":{"allow":["GET"]}}],"collection":[{"href":"https:\/\/www.notibras.com\/site\/wp-json\/wp\/v2\/posts"}],"about":[{"href":"https:\/\/www.notibras.com\/site\/wp-json\/wp\/v2\/types\/post"}],"author":[{"embeddable":true,"href":"https:\/\/www.notibras.com\/site\/wp-json\/wp\/v2\/users\/2"}],"replies":[{"embeddable":true,"href":"https:\/\/www.notibras.com\/site\/wp-json\/wp\/v2\/comments?post=22145"}],"version-history":[{"count":0,"href":"https:\/\/www.notibras.com\/site\/wp-json\/wp\/v2\/posts\/22145\/revisions"}],"wp:featuredmedia":[{"embeddable":true,"href":"https:\/\/www.notibras.com\/site\/wp-json\/wp\/v2\/media\/22146"}],"wp:attachment":[{"href":"https:\/\/www.notibras.com\/site\/wp-json\/wp\/v2\/media?parent=22145"}],"wp:term":[{"taxonomy":"category","embeddable":true,"href":"https:\/\/www.notibras.com\/site\/wp-json\/wp\/v2\/categories?post=22145"},{"taxonomy":"post_tag","embeddable":true,"href":"https:\/\/www.notibras.com\/site\/wp-json\/wp\/v2\/tags?post=22145"}],"curies":[{"name":"wp","href":"https:\/\/api.w.org\/{rel}","templated":true}]}}