{"id":22156,"date":"2014-09-13T18:38:01","date_gmt":"2014-09-13T21:38:01","guid":{"rendered":"http:\/\/www.notibras.com\/site\/?p=22156"},"modified":"2014-09-14T15:03:52","modified_gmt":"2014-09-14T18:03:52","slug":"vasco-sai-na-frente-empata-e-perde-chance-de-liderar-a-segundona","status":"publish","type":"post","link":"https:\/\/www.notibras.com\/site\/vasco-sai-na-frente-empata-e-perde-chance-de-liderar-a-segundona\/","title":{"rendered":"Vasco sai na frente, cede empate e perde chance de liderar"},"content":{"rendered":"<p class=\"text\">O Vasco, que vinha de duas vit\u00f3rias seguidas, at\u00e9 saiu na frente contra o Atl\u00e9tico-GO, mas cedeu o empate por 1 a\u00a0 ao Atl\u00e9tico de Goi\u00e1s neste s\u00e1bado, n o Man\u00e9 Garrincha, em Bras\u00edlia. N\u00e3o \u00e9 um mau resultado, mas o time perdeu a chance de assumir a lideran\u00e7a &#8211; est\u00e1 em segundo, com 39, um a menos que o Joinville. J\u00e1 o Atl\u00e9tico-GO segue no meio da tabela, em 13\u00ba, com 29 pontos.<\/p>\n<p class=\"text\">Com um p\u00fablico frio nas arquibancadas e muitos erros em campo, o jogo demorou a animar. Lances de emo\u00e7\u00f5es s\u00f3 come\u00e7aram a acontecer na parte final do primeiro tempo. Aos 35min, o Atl\u00e9tico-GO teve sua melhor chance: sozinho na \u00e1rea, Andr\u00e9 Luiz cabeceou com for\u00e7a, mas Mart\u00edn Silva fez boa defesa com a perna.<\/p>\n<p class=\"text\">Mas o Vasco logo reagiu. Primeiro Douglas perdeu o que seria um gol f\u00e1cil. Mas logo depois Edmilson conseguiu um gol dif\u00edcil, raro e muito bonito: avan\u00e7ou com a bola pela esquerda e disparou uma &#8220;bomba&#8221; com a perna esquerda. Um leve desvio enganou M\u00e1rcio e fez a bola entrar.<\/p>\n<p class=\"text\">O Atl\u00e9tico-GO at\u00e9 fez um gol antes do primeiro tempo acabar, mas foi invalidado. No segundo tempo a primeira chance do time aconteceu aos 17min, em um contra-ataque r\u00e1pido, mas Diogo Campos chutou por pouco para fora do gol.<\/p>\n<p class=\"text\">O Atl\u00e9tico-GO se animou com as chances criadas e, aos 23min, essa\u00a0empolga\u00e7\u00e3o resultou em gol: ap\u00f3s falha na lateral direita vasca\u00edna, Diogo Campos cruzou rasteiro, Juninho se jogou e empurrou a bola para o gol. Ele tinha entrado no jogo h\u00e1 cinco minutos, no lugar de Jorginho.<\/p>\n<p class=\"text\">A resposta de Joel Santana a isso foi colocar Biteco no lugar de Maxi, que n\u00e3o fez boa partida. O jovem entrou bem e levou perigo aos 40min, quando roubou uma bola na defesa, teve tempo para armar o chute, mas mandou a bola para fora. O Atl\u00e9tico-GO desistiu dos contra-ataques perigosos e se contentou em segurar o empate, conseguindo o objetivo com sucesso.<\/p>\n<p class=\"text\">\n","protected":false},"excerpt":{"rendered":"<p>O Vasco, que vinha de duas vit\u00f3rias seguidas, at\u00e9 saiu na frente contra o Atl\u00e9tico-GO, mas cedeu o empate por 1 a\u00a0 ao Atl\u00e9tico de Goi\u00e1s neste s\u00e1bado, n o Man\u00e9 Garrincha, em Bras\u00edlia. N\u00e3o \u00e9 um mau resultado, mas o time perdeu a chance de assumir a lideran\u00e7a &#8211; est\u00e1 em segundo, com 39, [&hellip;]<\/p>\n","protected":false},"author":2,"featured_media":22158,"comment_status":"open","ping_status":"closed","sticky":false,"template":"","format":"standard","meta":{"_acf_changed":false,"footnotes":""},"categories":[19,29],"tags":[],"class_list":["post-22156","post","type-post","status-publish","format-standard","has-post-thumbnail","hentry","category-esportes","category-futebol"],"acf":[],"yoast_head":"<!-- This site is optimized with the Yoast SEO plugin v27.2 - https:\/\/yoast.com\/product\/yoast-seo-wordpress\/ -->\n<title>Vasco sai na frente, cede empate e perde chance de liderar - Notibras<\/title>\n<meta name=\"robots\" content=\"index, follow, max-snippet:-1, max-image-preview:large, max-video-preview:-1\" \/>\n<link rel=\"canonical\" href=\"https:\/\/www.notibras.com\/site\/vasco-sai-na-frente-empata-e-perde-chance-de-liderar-a-segundona\/\" \/>\n<meta property=\"og:locale\" content=\"pt_BR\" \/>\n<meta property=\"og:type\" content=\"article\" \/>\n<meta property=\"og:title\" content=\"Vasco sai na frente, cede empate e perde chance de liderar - Notibras\" \/>\n<meta property=\"og:description\" content=\"O Vasco, que vinha de duas vit\u00f3rias seguidas, at\u00e9 saiu na frente contra o Atl\u00e9tico-GO, mas cedeu o empate por 1 a\u00a0 ao Atl\u00e9tico de Goi\u00e1s neste s\u00e1bado, n o Man\u00e9 Garrincha, em Bras\u00edlia. N\u00e3o \u00e9 um mau resultado, mas o time perdeu a chance de assumir a lideran\u00e7a &#8211; est\u00e1 em segundo, com 39, [&hellip;]\" \/>\n<meta property=\"og:url\" content=\"https:\/\/www.notibras.com\/site\/vasco-sai-na-frente-empata-e-perde-chance-de-liderar-a-segundona\/\" \/>\n<meta property=\"og:site_name\" content=\"Notibras\" \/>\n<meta property=\"article:publisher\" content=\"https:\/\/www.facebook.com\/notibras\/\" \/>\n<meta property=\"article:published_time\" content=\"2014-09-13T21:38:01+00:00\" \/>\n<meta property=\"article:modified_time\" content=\"2014-09-14T18:03:52+00:00\" \/>\n<meta property=\"og:image\" content=\"https:\/\/www.notibras.com\/site\/wp-content\/uploads\/2014\/09\/es6.jpg\" \/>\n\t<meta property=\"og:image:width\" content=\"920\" \/>\n\t<meta property=\"og:image:height\" content=\"613\" \/>\n\t<meta property=\"og:image:type\" content=\"image\/jpeg\" \/>\n<meta name=\"author\" content=\"Reda\u00e7\u00e3o\" \/>\n<meta name=\"twitter:card\" content=\"summary_large_image\" \/>\n<meta name=\"twitter:creator\" content=\"@Notibras\" \/>\n<meta name=\"twitter:site\" content=\"@Notibras\" \/>\n<meta name=\"twitter:label1\" content=\"Escrito por\" \/>\n\t<meta name=\"twitter:data1\" content=\"Reda\u00e7\u00e3o\" \/>\n\t<meta name=\"twitter:label2\" content=\"Est. tempo de leitura\" \/>\n\t<meta name=\"twitter:data2\" content=\"2 minutos\" \/>\n<script type=\"application\/ld+json\" class=\"yoast-schema-graph\">{\"@context\":\"https:\/\/schema.org\",\"@graph\":[{\"@type\":\"Article\",\"@id\":\"https:\/\/www.notibras.com\/site\/vasco-sai-na-frente-empata-e-perde-chance-de-liderar-a-segundona\/#article\",\"isPartOf\":{\"@id\":\"https:\/\/www.notibras.com\/site\/vasco-sai-na-frente-empata-e-perde-chance-de-liderar-a-segundona\/\"},\"author\":{\"name\":\"Reda\u00e7\u00e3o\",\"@id\":\"https:\/\/www.notibras.com\/site\/#\/schema\/person\/36ab0979449956132d3e5b517ea76ac8\"},\"headline\":\"Vasco sai na frente, cede empate e perde chance de liderar\",\"datePublished\":\"2014-09-13T21:38:01+00:00\",\"dateModified\":\"2014-09-14T18:03:52+00:00\",\"mainEntityOfPage\":{\"@id\":\"https:\/\/www.notibras.com\/site\/vasco-sai-na-frente-empata-e-perde-chance-de-liderar-a-segundona\/\"},\"wordCount\":362,\"commentCount\":0,\"publisher\":{\"@id\":\"https:\/\/www.notibras.com\/site\/#organization\"},\"image\":{\"@id\":\"https:\/\/www.notibras.com\/site\/vasco-sai-na-frente-empata-e-perde-chance-de-liderar-a-segundona\/#primaryimage\"},\"thumbnailUrl\":\"https:\/\/www.notibras.com\/site\/wp-content\/uploads\/2014\/09\/es6.jpg\",\"articleSection\":[\"Esportes\",\"Futebol\"],\"inLanguage\":\"pt-BR\",\"potentialAction\":[{\"@type\":\"CommentAction\",\"name\":\"Comment\",\"target\":[\"https:\/\/www.notibras.com\/site\/vasco-sai-na-frente-empata-e-perde-chance-de-liderar-a-segundona\/#respond\"]}]},{\"@type\":\"WebPage\",\"@id\":\"https:\/\/www.notibras.com\/site\/vasco-sai-na-frente-empata-e-perde-chance-de-liderar-a-segundona\/\",\"url\":\"https:\/\/www.notibras.com\/site\/vasco-sai-na-frente-empata-e-perde-chance-de-liderar-a-segundona\/\",\"name\":\"Vasco sai na frente, cede empate e perde chance de liderar - Notibras\",\"isPartOf\":{\"@id\":\"https:\/\/www.notibras.com\/site\/#website\"},\"primaryImageOfPage\":{\"@id\":\"https:\/\/www.notibras.com\/site\/vasco-sai-na-frente-empata-e-perde-chance-de-liderar-a-segundona\/#primaryimage\"},\"image\":{\"@id\":\"https:\/\/www.notibras.com\/site\/vasco-sai-na-frente-empata-e-perde-chance-de-liderar-a-segundona\/#primaryimage\"},\"thumbnailUrl\":\"https:\/\/www.notibras.com\/site\/wp-content\/uploads\/2014\/09\/es6.jpg\",\"datePublished\":\"2014-09-13T21:38:01+00:00\",\"dateModified\":\"2014-09-14T18:03:52+00:00\",\"breadcrumb\":{\"@id\":\"https:\/\/www.notibras.com\/site\/vasco-sai-na-frente-empata-e-perde-chance-de-liderar-a-segundona\/#breadcrumb\"},\"inLanguage\":\"pt-BR\",\"potentialAction\":[{\"@type\":\"ReadAction\",\"target\":[\"https:\/\/www.notibras.com\/site\/vasco-sai-na-frente-empata-e-perde-chance-de-liderar-a-segundona\/\"]}]},{\"@type\":\"ImageObject\",\"inLanguage\":\"pt-BR\",\"@id\":\"https:\/\/www.notibras.com\/site\/vasco-sai-na-frente-empata-e-perde-chance-de-liderar-a-segundona\/#primaryimage\",\"url\":\"https:\/\/www.notibras.com\/site\/wp-content\/uploads\/2014\/09\/es6.jpg\",\"contentUrl\":\"https:\/\/www.notibras.com\/site\/wp-content\/uploads\/2014\/09\/es6.jpg\",\"width\":920,\"height\":613},{\"@type\":\"BreadcrumbList\",\"@id\":\"https:\/\/www.notibras.com\/site\/vasco-sai-na-frente-empata-e-perde-chance-de-liderar-a-segundona\/#breadcrumb\",\"itemListElement\":[{\"@type\":\"ListItem\",\"position\":1,\"name\":\"In\u00edcio\",\"item\":\"https:\/\/www.notibras.com\/site\/\"},{\"@type\":\"ListItem\",\"position\":2,\"name\":\"Vasco sai na frente, cede empate e perde chance de liderar\"}]},{\"@type\":\"WebSite\",\"@id\":\"https:\/\/www.notibras.com\/site\/#website\",\"url\":\"https:\/\/www.notibras.com\/site\/\",\"name\":\"Notibras\",\"description\":\"Not\u00edcias de Bras\u00edlia, do Brasil e do Mundo\",\"publisher\":{\"@id\":\"https:\/\/www.notibras.com\/site\/#organization\"},\"potentialAction\":[{\"@type\":\"SearchAction\",\"target\":{\"@type\":\"EntryPoint\",\"urlTemplate\":\"https:\/\/www.notibras.com\/site\/?s={search_term_string}\"},\"query-input\":{\"@type\":\"PropertyValueSpecification\",\"valueRequired\":true,\"valueName\":\"search_term_string\"}}],\"inLanguage\":\"pt-BR\"},{\"@type\":\"Organization\",\"@id\":\"https:\/\/www.notibras.com\/site\/#organization\",\"name\":\"Grupo Notibras de Comunica\u00e7\u00e3o\",\"url\":\"https:\/\/www.notibras.com\/site\/\",\"logo\":{\"@type\":\"ImageObject\",\"inLanguage\":\"pt-BR\",\"@id\":\"https:\/\/www.notibras.com\/site\/#\/schema\/logo\/image\/\",\"url\":\"https:\/\/www.notibras.com\/site\/wp-content\/uploads\/2023\/01\/notibras23.png\",\"contentUrl\":\"https:\/\/www.notibras.com\/site\/wp-content\/uploads\/2023\/01\/notibras23.png\",\"width\":350,\"height\":87,\"caption\":\"Grupo Notibras de Comunica\u00e7\u00e3o\"},\"image\":{\"@id\":\"https:\/\/www.notibras.com\/site\/#\/schema\/logo\/image\/\"},\"sameAs\":[\"https:\/\/www.facebook.com\/notibras\/\",\"https:\/\/x.com\/Notibras\",\"https:\/\/www.instagram.com\/notibras\/\"]},{\"@type\":\"Person\",\"@id\":\"https:\/\/www.notibras.com\/site\/#\/schema\/person\/36ab0979449956132d3e5b517ea76ac8\",\"name\":\"Reda\u00e7\u00e3o\",\"image\":{\"@type\":\"ImageObject\",\"inLanguage\":\"pt-BR\",\"@id\":\"https:\/\/secure.gravatar.com\/avatar\/e0a867bdedb85fd243eadf09663511f96fc81e0720a4a42581f334ad4303aa6b?s=96&d=mm&r=g\",\"url\":\"https:\/\/secure.gravatar.com\/avatar\/e0a867bdedb85fd243eadf09663511f96fc81e0720a4a42581f334ad4303aa6b?s=96&d=mm&r=g\",\"contentUrl\":\"https:\/\/secure.gravatar.com\/avatar\/e0a867bdedb85fd243eadf09663511f96fc81e0720a4a42581f334ad4303aa6b?s=96&d=mm&r=g\",\"caption\":\"Reda\u00e7\u00e3o\"}}]}<\/script>\n<!-- \/ Yoast SEO plugin. -->","yoast_head_json":{"title":"Vasco sai na frente, cede empate e perde chance de liderar - Notibras","robots":{"index":"index","follow":"follow","max-snippet":"max-snippet:-1","max-image-preview":"max-image-preview:large","max-video-preview":"max-video-preview:-1"},"canonical":"https:\/\/www.notibras.com\/site\/vasco-sai-na-frente-empata-e-perde-chance-de-liderar-a-segundona\/","og_locale":"pt_BR","og_type":"article","og_title":"Vasco sai na frente, cede empate e perde chance de liderar - Notibras","og_description":"O Vasco, que vinha de duas vit\u00f3rias seguidas, at\u00e9 saiu na frente contra o Atl\u00e9tico-GO, mas cedeu o empate por 1 a\u00a0 ao Atl\u00e9tico de Goi\u00e1s neste s\u00e1bado, n o Man\u00e9 Garrincha, em Bras\u00edlia. N\u00e3o \u00e9 um mau resultado, mas o time perdeu a chance de assumir a lideran\u00e7a &#8211; est\u00e1 em segundo, com 39, [&hellip;]","og_url":"https:\/\/www.notibras.com\/site\/vasco-sai-na-frente-empata-e-perde-chance-de-liderar-a-segundona\/","og_site_name":"Notibras","article_publisher":"https:\/\/www.facebook.com\/notibras\/","article_published_time":"2014-09-13T21:38:01+00:00","article_modified_time":"2014-09-14T18:03:52+00:00","og_image":[{"width":920,"height":613,"url":"https:\/\/www.notibras.com\/site\/wp-content\/uploads\/2014\/09\/es6.jpg","type":"image\/jpeg"}],"author":"Reda\u00e7\u00e3o","twitter_card":"summary_large_image","twitter_creator":"@Notibras","twitter_site":"@Notibras","twitter_misc":{"Escrito por":"Reda\u00e7\u00e3o","Est. tempo de leitura":"2 minutos"},"schema":{"@context":"https:\/\/schema.org","@graph":[{"@type":"Article","@id":"https:\/\/www.notibras.com\/site\/vasco-sai-na-frente-empata-e-perde-chance-de-liderar-a-segundona\/#article","isPartOf":{"@id":"https:\/\/www.notibras.com\/site\/vasco-sai-na-frente-empata-e-perde-chance-de-liderar-a-segundona\/"},"author":{"name":"Reda\u00e7\u00e3o","@id":"https:\/\/www.notibras.com\/site\/#\/schema\/person\/36ab0979449956132d3e5b517ea76ac8"},"headline":"Vasco sai na frente, cede empate e perde chance de liderar","datePublished":"2014-09-13T21:38:01+00:00","dateModified":"2014-09-14T18:03:52+00:00","mainEntityOfPage":{"@id":"https:\/\/www.notibras.com\/site\/vasco-sai-na-frente-empata-e-perde-chance-de-liderar-a-segundona\/"},"wordCount":362,"commentCount":0,"publisher":{"@id":"https:\/\/www.notibras.com\/site\/#organization"},"image":{"@id":"https:\/\/www.notibras.com\/site\/vasco-sai-na-frente-empata-e-perde-chance-de-liderar-a-segundona\/#primaryimage"},"thumbnailUrl":"https:\/\/www.notibras.com\/site\/wp-content\/uploads\/2014\/09\/es6.jpg","articleSection":["Esportes","Futebol"],"inLanguage":"pt-BR","potentialAction":[{"@type":"CommentAction","name":"Comment","target":["https:\/\/www.notibras.com\/site\/vasco-sai-na-frente-empata-e-perde-chance-de-liderar-a-segundona\/#respond"]}]},{"@type":"WebPage","@id":"https:\/\/www.notibras.com\/site\/vasco-sai-na-frente-empata-e-perde-chance-de-liderar-a-segundona\/","url":"https:\/\/www.notibras.com\/site\/vasco-sai-na-frente-empata-e-perde-chance-de-liderar-a-segundona\/","name":"Vasco sai na frente, cede empate e perde chance de liderar - Notibras","isPartOf":{"@id":"https:\/\/www.notibras.com\/site\/#website"},"primaryImageOfPage":{"@id":"https:\/\/www.notibras.com\/site\/vasco-sai-na-frente-empata-e-perde-chance-de-liderar-a-segundona\/#primaryimage"},"image":{"@id":"https:\/\/www.notibras.com\/site\/vasco-sai-na-frente-empata-e-perde-chance-de-liderar-a-segundona\/#primaryimage"},"thumbnailUrl":"https:\/\/www.notibras.com\/site\/wp-content\/uploads\/2014\/09\/es6.jpg","datePublished":"2014-09-13T21:38:01+00:00","dateModified":"2014-09-14T18:03:52+00:00","breadcrumb":{"@id":"https:\/\/www.notibras.com\/site\/vasco-sai-na-frente-empata-e-perde-chance-de-liderar-a-segundona\/#breadcrumb"},"inLanguage":"pt-BR","potentialAction":[{"@type":"ReadAction","target":["https:\/\/www.notibras.com\/site\/vasco-sai-na-frente-empata-e-perde-chance-de-liderar-a-segundona\/"]}]},{"@type":"ImageObject","inLanguage":"pt-BR","@id":"https:\/\/www.notibras.com\/site\/vasco-sai-na-frente-empata-e-perde-chance-de-liderar-a-segundona\/#primaryimage","url":"https:\/\/www.notibras.com\/site\/wp-content\/uploads\/2014\/09\/es6.jpg","contentUrl":"https:\/\/www.notibras.com\/site\/wp-content\/uploads\/2014\/09\/es6.jpg","width":920,"height":613},{"@type":"BreadcrumbList","@id":"https:\/\/www.notibras.com\/site\/vasco-sai-na-frente-empata-e-perde-chance-de-liderar-a-segundona\/#breadcrumb","itemListElement":[{"@type":"ListItem","position":1,"name":"In\u00edcio","item":"https:\/\/www.notibras.com\/site\/"},{"@type":"ListItem","position":2,"name":"Vasco sai na frente, cede empate e perde chance de liderar"}]},{"@type":"WebSite","@id":"https:\/\/www.notibras.com\/site\/#website","url":"https:\/\/www.notibras.com\/site\/","name":"Notibras","description":"Not\u00edcias de Bras\u00edlia, do Brasil e do Mundo","publisher":{"@id":"https:\/\/www.notibras.com\/site\/#organization"},"potentialAction":[{"@type":"SearchAction","target":{"@type":"EntryPoint","urlTemplate":"https:\/\/www.notibras.com\/site\/?s={search_term_string}"},"query-input":{"@type":"PropertyValueSpecification","valueRequired":true,"valueName":"search_term_string"}}],"inLanguage":"pt-BR"},{"@type":"Organization","@id":"https:\/\/www.notibras.com\/site\/#organization","name":"Grupo Notibras de Comunica\u00e7\u00e3o","url":"https:\/\/www.notibras.com\/site\/","logo":{"@type":"ImageObject","inLanguage":"pt-BR","@id":"https:\/\/www.notibras.com\/site\/#\/schema\/logo\/image\/","url":"https:\/\/www.notibras.com\/site\/wp-content\/uploads\/2023\/01\/notibras23.png","contentUrl":"https:\/\/www.notibras.com\/site\/wp-content\/uploads\/2023\/01\/notibras23.png","width":350,"height":87,"caption":"Grupo Notibras de Comunica\u00e7\u00e3o"},"image":{"@id":"https:\/\/www.notibras.com\/site\/#\/schema\/logo\/image\/"},"sameAs":["https:\/\/www.facebook.com\/notibras\/","https:\/\/x.com\/Notibras","https:\/\/www.instagram.com\/notibras\/"]},{"@type":"Person","@id":"https:\/\/www.notibras.com\/site\/#\/schema\/person\/36ab0979449956132d3e5b517ea76ac8","name":"Reda\u00e7\u00e3o","image":{"@type":"ImageObject","inLanguage":"pt-BR","@id":"https:\/\/secure.gravatar.com\/avatar\/e0a867bdedb85fd243eadf09663511f96fc81e0720a4a42581f334ad4303aa6b?s=96&d=mm&r=g","url":"https:\/\/secure.gravatar.com\/avatar\/e0a867bdedb85fd243eadf09663511f96fc81e0720a4a42581f334ad4303aa6b?s=96&d=mm&r=g","contentUrl":"https:\/\/secure.gravatar.com\/avatar\/e0a867bdedb85fd243eadf09663511f96fc81e0720a4a42581f334ad4303aa6b?s=96&d=mm&r=g","caption":"Reda\u00e7\u00e3o"}}]}},"amp_enabled":true,"_links":{"self":[{"href":"https:\/\/www.notibras.com\/site\/wp-json\/wp\/v2\/posts\/22156","targetHints":{"allow":["GET"]}}],"collection":[{"href":"https:\/\/www.notibras.com\/site\/wp-json\/wp\/v2\/posts"}],"about":[{"href":"https:\/\/www.notibras.com\/site\/wp-json\/wp\/v2\/types\/post"}],"author":[{"embeddable":true,"href":"https:\/\/www.notibras.com\/site\/wp-json\/wp\/v2\/users\/2"}],"replies":[{"embeddable":true,"href":"https:\/\/www.notibras.com\/site\/wp-json\/wp\/v2\/comments?post=22156"}],"version-history":[{"count":0,"href":"https:\/\/www.notibras.com\/site\/wp-json\/wp\/v2\/posts\/22156\/revisions"}],"wp:featuredmedia":[{"embeddable":true,"href":"https:\/\/www.notibras.com\/site\/wp-json\/wp\/v2\/media\/22158"}],"wp:attachment":[{"href":"https:\/\/www.notibras.com\/site\/wp-json\/wp\/v2\/media?parent=22156"}],"wp:term":[{"taxonomy":"category","embeddable":true,"href":"https:\/\/www.notibras.com\/site\/wp-json\/wp\/v2\/categories?post=22156"},{"taxonomy":"post_tag","embeddable":true,"href":"https:\/\/www.notibras.com\/site\/wp-json\/wp\/v2\/tags?post=22156"}],"curies":[{"name":"wp","href":"https:\/\/api.w.org\/{rel}","templated":true}]}}