{"id":2216,"date":"2014-02-19T20:22:06","date_gmt":"2014-02-19T23:22:06","guid":{"rendered":"http:\/\/www.notibras.com\/site\/?p=2216"},"modified":"2014-02-20T00:23:01","modified_gmt":"2014-02-20T03:23:01","slug":"maraja-do-senado-tem-prazo-para-voltar-a-receber-salario-alto","status":"publish","type":"post","link":"https:\/\/www.notibras.com\/site\/maraja-do-senado-tem-prazo-para-voltar-a-receber-salario-alto\/","title":{"rendered":"Maraj\u00e1 do Senado tem prazo para receber sal\u00e1rio alto"},"content":{"rendered":"<p>A Mesa Diretora do Senado decidiu abrir prazo de cinco dias para que os servidores da Casa que recebem acima do teto constitucional de R$ 29,4 mil e tiveram os sal\u00e1rios cortados apresentem defesa e exer\u00e7am o contradit\u00f3rio sobre a decis\u00e3o.<\/p>\n<p>A medida obedece \u00e0 liminar do ministro do Supremo Tribunal Federal (STF) Marco Aur\u00e9lio Mello, que considerou que os funcion\u00e1rios deveriam ter tido direito de se defender em processo administrativo, antes de ter os sal\u00e1rios cortados.<\/p>\n<p>Tamb\u00e9m em obedi\u00eancia \u00e0 liminar, e orientados pela assessoria jur\u00eddica do Senado, os membros da Mesa Diretora decidiram encaminhar of\u00edcio ao Supremo solicitando o n\u00famero da conta banc\u00e1ria em que possa ser feito o dep\u00f3sito judicial dos valores excedentes ao teto constitucional referentes aos vencimentos dos servidores. Eles somam cerca de 800 pessoas entre ativos e inativos.<\/p>\n<p>O primeiro secret\u00e1rio do Senado, Flexa Ribeiro (PSDB-PA), disse que a op\u00e7\u00e3o de pagar em ju\u00edzo foi tomada como forma de n\u00e3o contrariar decis\u00e3o anterior do Tribunal de Contas da Uni\u00e3o (TCU) e que os servidores ser\u00e3o notificados para que possam recorrer na Justi\u00e7a e sacar o dinheiro.<\/p>\n<p>&#8220;N\u00f3s temos orienta\u00e7\u00e3o do TCU de que n\u00e3o devemos pagar<em>\u00a0(sal\u00e1rios acima do teto)<\/em>, inclusive mandando devolver o retroativo. Ent\u00e3o, a melhor op\u00e7\u00e3o \u00e9 pagar em ju\u00edzo e, quando sair a decis\u00e3o (<em>de m\u00e9rito)<\/em>, a gente v\u00ea. Mas os servidores ser\u00e3o notificados e podem pedir a libera\u00e7\u00e3o do dinheiro na Justi\u00e7a&#8221;, refor\u00e7ou. Com isso, a Mesa Diretora ratifica o que j\u00e1 tinha sido anunciado mais cedo pelo presidente da Casa, senador Renan Calheiros (PMDB-AL).<\/p>\n","protected":false},"excerpt":{"rendered":"<p>A Mesa Diretora do Senado decidiu abrir prazo de cinco dias para que os servidores da Casa que recebem acima do teto constitucional de R$ 29,4 mil e tiveram os sal\u00e1rios cortados apresentem defesa e exer\u00e7am o contradit\u00f3rio sobre a decis\u00e3o. A medida obedece \u00e0 liminar do ministro do Supremo Tribunal Federal (STF) Marco Aur\u00e9lio [&hellip;]<\/p>\n","protected":false},"author":2,"featured_media":2217,"comment_status":"open","ping_status":"closed","sticky":false,"template":"","format":"standard","meta":{"_acf_changed":false,"footnotes":""},"categories":[16],"tags":[],"class_list":["post-2216","post","type-post","status-publish","format-standard","has-post-thumbnail","hentry","category-brasil"],"acf":[],"yoast_head":"<!-- This site is optimized with the Yoast SEO plugin v27.2 - https:\/\/yoast.com\/product\/yoast-seo-wordpress\/ -->\n<title>Maraj\u00e1 do Senado tem prazo para receber sal\u00e1rio alto - Notibras<\/title>\n<meta name=\"robots\" content=\"index, follow, max-snippet:-1, max-image-preview:large, max-video-preview:-1\" \/>\n<link rel=\"canonical\" href=\"https:\/\/www.notibras.com\/site\/maraja-do-senado-tem-prazo-para-voltar-a-receber-salario-alto\/\" \/>\n<meta property=\"og:locale\" content=\"pt_BR\" \/>\n<meta property=\"og:type\" content=\"article\" \/>\n<meta property=\"og:title\" content=\"Maraj\u00e1 do Senado tem prazo para receber sal\u00e1rio alto - Notibras\" \/>\n<meta property=\"og:description\" content=\"A Mesa Diretora do Senado decidiu abrir prazo de cinco dias para que os servidores da Casa que recebem acima do teto constitucional de R$ 29,4 mil e tiveram os sal\u00e1rios cortados apresentem defesa e exer\u00e7am o contradit\u00f3rio sobre a decis\u00e3o. A medida obedece \u00e0 liminar do ministro do Supremo Tribunal Federal (STF) Marco Aur\u00e9lio [&hellip;]\" \/>\n<meta property=\"og:url\" content=\"https:\/\/www.notibras.com\/site\/maraja-do-senado-tem-prazo-para-voltar-a-receber-salario-alto\/\" \/>\n<meta property=\"og:site_name\" content=\"Notibras\" \/>\n<meta property=\"article:publisher\" content=\"https:\/\/www.facebook.com\/notibras\/\" \/>\n<meta property=\"article:published_time\" content=\"2014-02-19T23:22:06+00:00\" \/>\n<meta property=\"article:modified_time\" content=\"2014-02-20T03:23:01+00:00\" \/>\n<meta property=\"og:image\" content=\"https:\/\/www.notibras.com\/site\/wp-content\/uploads\/2014\/02\/br8.jpg\" \/>\n\t<meta property=\"og:image:width\" content=\"267\" \/>\n\t<meta property=\"og:image:height\" content=\"189\" \/>\n\t<meta property=\"og:image:type\" content=\"image\/jpeg\" \/>\n<meta name=\"author\" content=\"Reda\u00e7\u00e3o\" \/>\n<meta name=\"twitter:card\" content=\"summary_large_image\" \/>\n<meta name=\"twitter:creator\" content=\"@Notibras\" \/>\n<meta name=\"twitter:site\" content=\"@Notibras\" \/>\n<meta name=\"twitter:label1\" content=\"Escrito por\" \/>\n\t<meta name=\"twitter:data1\" content=\"Reda\u00e7\u00e3o\" \/>\n\t<meta name=\"twitter:label2\" content=\"Est. tempo de leitura\" \/>\n\t<meta name=\"twitter:data2\" content=\"1 minuto\" \/>\n<script type=\"application\/ld+json\" class=\"yoast-schema-graph\">{\"@context\":\"https:\/\/schema.org\",\"@graph\":[{\"@type\":\"Article\",\"@id\":\"https:\/\/www.notibras.com\/site\/maraja-do-senado-tem-prazo-para-voltar-a-receber-salario-alto\/#article\",\"isPartOf\":{\"@id\":\"https:\/\/www.notibras.com\/site\/maraja-do-senado-tem-prazo-para-voltar-a-receber-salario-alto\/\"},\"author\":{\"name\":\"Reda\u00e7\u00e3o\",\"@id\":\"https:\/\/www.notibras.com\/site\/#\/schema\/person\/36ab0979449956132d3e5b517ea76ac8\"},\"headline\":\"Maraj\u00e1 do Senado tem prazo para receber sal\u00e1rio alto\",\"datePublished\":\"2014-02-19T23:22:06+00:00\",\"dateModified\":\"2014-02-20T03:23:01+00:00\",\"mainEntityOfPage\":{\"@id\":\"https:\/\/www.notibras.com\/site\/maraja-do-senado-tem-prazo-para-voltar-a-receber-salario-alto\/\"},\"wordCount\":296,\"commentCount\":0,\"publisher\":{\"@id\":\"https:\/\/www.notibras.com\/site\/#organization\"},\"image\":{\"@id\":\"https:\/\/www.notibras.com\/site\/maraja-do-senado-tem-prazo-para-voltar-a-receber-salario-alto\/#primaryimage\"},\"thumbnailUrl\":\"https:\/\/www.notibras.com\/site\/wp-content\/uploads\/2014\/02\/br8.jpg\",\"articleSection\":[\"Brasil\"],\"inLanguage\":\"pt-BR\",\"potentialAction\":[{\"@type\":\"CommentAction\",\"name\":\"Comment\",\"target\":[\"https:\/\/www.notibras.com\/site\/maraja-do-senado-tem-prazo-para-voltar-a-receber-salario-alto\/#respond\"]}]},{\"@type\":\"WebPage\",\"@id\":\"https:\/\/www.notibras.com\/site\/maraja-do-senado-tem-prazo-para-voltar-a-receber-salario-alto\/\",\"url\":\"https:\/\/www.notibras.com\/site\/maraja-do-senado-tem-prazo-para-voltar-a-receber-salario-alto\/\",\"name\":\"Maraj\u00e1 do Senado tem prazo para receber sal\u00e1rio alto - Notibras\",\"isPartOf\":{\"@id\":\"https:\/\/www.notibras.com\/site\/#website\"},\"primaryImageOfPage\":{\"@id\":\"https:\/\/www.notibras.com\/site\/maraja-do-senado-tem-prazo-para-voltar-a-receber-salario-alto\/#primaryimage\"},\"image\":{\"@id\":\"https:\/\/www.notibras.com\/site\/maraja-do-senado-tem-prazo-para-voltar-a-receber-salario-alto\/#primaryimage\"},\"thumbnailUrl\":\"https:\/\/www.notibras.com\/site\/wp-content\/uploads\/2014\/02\/br8.jpg\",\"datePublished\":\"2014-02-19T23:22:06+00:00\",\"dateModified\":\"2014-02-20T03:23:01+00:00\",\"breadcrumb\":{\"@id\":\"https:\/\/www.notibras.com\/site\/maraja-do-senado-tem-prazo-para-voltar-a-receber-salario-alto\/#breadcrumb\"},\"inLanguage\":\"pt-BR\",\"potentialAction\":[{\"@type\":\"ReadAction\",\"target\":[\"https:\/\/www.notibras.com\/site\/maraja-do-senado-tem-prazo-para-voltar-a-receber-salario-alto\/\"]}]},{\"@type\":\"ImageObject\",\"inLanguage\":\"pt-BR\",\"@id\":\"https:\/\/www.notibras.com\/site\/maraja-do-senado-tem-prazo-para-voltar-a-receber-salario-alto\/#primaryimage\",\"url\":\"https:\/\/www.notibras.com\/site\/wp-content\/uploads\/2014\/02\/br8.jpg\",\"contentUrl\":\"https:\/\/www.notibras.com\/site\/wp-content\/uploads\/2014\/02\/br8.jpg\",\"width\":267,\"height\":189},{\"@type\":\"BreadcrumbList\",\"@id\":\"https:\/\/www.notibras.com\/site\/maraja-do-senado-tem-prazo-para-voltar-a-receber-salario-alto\/#breadcrumb\",\"itemListElement\":[{\"@type\":\"ListItem\",\"position\":1,\"name\":\"In\u00edcio\",\"item\":\"https:\/\/www.notibras.com\/site\/\"},{\"@type\":\"ListItem\",\"position\":2,\"name\":\"Maraj\u00e1 do Senado tem prazo para receber sal\u00e1rio alto\"}]},{\"@type\":\"WebSite\",\"@id\":\"https:\/\/www.notibras.com\/site\/#website\",\"url\":\"https:\/\/www.notibras.com\/site\/\",\"name\":\"Notibras\",\"description\":\"Not\u00edcias de Bras\u00edlia, do Brasil e do Mundo\",\"publisher\":{\"@id\":\"https:\/\/www.notibras.com\/site\/#organization\"},\"potentialAction\":[{\"@type\":\"SearchAction\",\"target\":{\"@type\":\"EntryPoint\",\"urlTemplate\":\"https:\/\/www.notibras.com\/site\/?s={search_term_string}\"},\"query-input\":{\"@type\":\"PropertyValueSpecification\",\"valueRequired\":true,\"valueName\":\"search_term_string\"}}],\"inLanguage\":\"pt-BR\"},{\"@type\":\"Organization\",\"@id\":\"https:\/\/www.notibras.com\/site\/#organization\",\"name\":\"Grupo Notibras de Comunica\u00e7\u00e3o\",\"url\":\"https:\/\/www.notibras.com\/site\/\",\"logo\":{\"@type\":\"ImageObject\",\"inLanguage\":\"pt-BR\",\"@id\":\"https:\/\/www.notibras.com\/site\/#\/schema\/logo\/image\/\",\"url\":\"https:\/\/www.notibras.com\/site\/wp-content\/uploads\/2023\/01\/notibras23.png\",\"contentUrl\":\"https:\/\/www.notibras.com\/site\/wp-content\/uploads\/2023\/01\/notibras23.png\",\"width\":350,\"height\":87,\"caption\":\"Grupo Notibras de Comunica\u00e7\u00e3o\"},\"image\":{\"@id\":\"https:\/\/www.notibras.com\/site\/#\/schema\/logo\/image\/\"},\"sameAs\":[\"https:\/\/www.facebook.com\/notibras\/\",\"https:\/\/x.com\/Notibras\",\"https:\/\/www.instagram.com\/notibras\/\"]},{\"@type\":\"Person\",\"@id\":\"https:\/\/www.notibras.com\/site\/#\/schema\/person\/36ab0979449956132d3e5b517ea76ac8\",\"name\":\"Reda\u00e7\u00e3o\",\"image\":{\"@type\":\"ImageObject\",\"inLanguage\":\"pt-BR\",\"@id\":\"https:\/\/secure.gravatar.com\/avatar\/e0a867bdedb85fd243eadf09663511f96fc81e0720a4a42581f334ad4303aa6b?s=96&d=mm&r=g\",\"url\":\"https:\/\/secure.gravatar.com\/avatar\/e0a867bdedb85fd243eadf09663511f96fc81e0720a4a42581f334ad4303aa6b?s=96&d=mm&r=g\",\"contentUrl\":\"https:\/\/secure.gravatar.com\/avatar\/e0a867bdedb85fd243eadf09663511f96fc81e0720a4a42581f334ad4303aa6b?s=96&d=mm&r=g\",\"caption\":\"Reda\u00e7\u00e3o\"}}]}<\/script>\n<!-- \/ Yoast SEO plugin. -->","yoast_head_json":{"title":"Maraj\u00e1 do Senado tem prazo para receber sal\u00e1rio alto - Notibras","robots":{"index":"index","follow":"follow","max-snippet":"max-snippet:-1","max-image-preview":"max-image-preview:large","max-video-preview":"max-video-preview:-1"},"canonical":"https:\/\/www.notibras.com\/site\/maraja-do-senado-tem-prazo-para-voltar-a-receber-salario-alto\/","og_locale":"pt_BR","og_type":"article","og_title":"Maraj\u00e1 do Senado tem prazo para receber sal\u00e1rio alto - Notibras","og_description":"A Mesa Diretora do Senado decidiu abrir prazo de cinco dias para que os servidores da Casa que recebem acima do teto constitucional de R$ 29,4 mil e tiveram os sal\u00e1rios cortados apresentem defesa e exer\u00e7am o contradit\u00f3rio sobre a decis\u00e3o. A medida obedece \u00e0 liminar do ministro do Supremo Tribunal Federal (STF) Marco Aur\u00e9lio [&hellip;]","og_url":"https:\/\/www.notibras.com\/site\/maraja-do-senado-tem-prazo-para-voltar-a-receber-salario-alto\/","og_site_name":"Notibras","article_publisher":"https:\/\/www.facebook.com\/notibras\/","article_published_time":"2014-02-19T23:22:06+00:00","article_modified_time":"2014-02-20T03:23:01+00:00","og_image":[{"width":267,"height":189,"url":"https:\/\/www.notibras.com\/site\/wp-content\/uploads\/2014\/02\/br8.jpg","type":"image\/jpeg"}],"author":"Reda\u00e7\u00e3o","twitter_card":"summary_large_image","twitter_creator":"@Notibras","twitter_site":"@Notibras","twitter_misc":{"Escrito por":"Reda\u00e7\u00e3o","Est. tempo de leitura":"1 minuto"},"schema":{"@context":"https:\/\/schema.org","@graph":[{"@type":"Article","@id":"https:\/\/www.notibras.com\/site\/maraja-do-senado-tem-prazo-para-voltar-a-receber-salario-alto\/#article","isPartOf":{"@id":"https:\/\/www.notibras.com\/site\/maraja-do-senado-tem-prazo-para-voltar-a-receber-salario-alto\/"},"author":{"name":"Reda\u00e7\u00e3o","@id":"https:\/\/www.notibras.com\/site\/#\/schema\/person\/36ab0979449956132d3e5b517ea76ac8"},"headline":"Maraj\u00e1 do Senado tem prazo para receber sal\u00e1rio alto","datePublished":"2014-02-19T23:22:06+00:00","dateModified":"2014-02-20T03:23:01+00:00","mainEntityOfPage":{"@id":"https:\/\/www.notibras.com\/site\/maraja-do-senado-tem-prazo-para-voltar-a-receber-salario-alto\/"},"wordCount":296,"commentCount":0,"publisher":{"@id":"https:\/\/www.notibras.com\/site\/#organization"},"image":{"@id":"https:\/\/www.notibras.com\/site\/maraja-do-senado-tem-prazo-para-voltar-a-receber-salario-alto\/#primaryimage"},"thumbnailUrl":"https:\/\/www.notibras.com\/site\/wp-content\/uploads\/2014\/02\/br8.jpg","articleSection":["Brasil"],"inLanguage":"pt-BR","potentialAction":[{"@type":"CommentAction","name":"Comment","target":["https:\/\/www.notibras.com\/site\/maraja-do-senado-tem-prazo-para-voltar-a-receber-salario-alto\/#respond"]}]},{"@type":"WebPage","@id":"https:\/\/www.notibras.com\/site\/maraja-do-senado-tem-prazo-para-voltar-a-receber-salario-alto\/","url":"https:\/\/www.notibras.com\/site\/maraja-do-senado-tem-prazo-para-voltar-a-receber-salario-alto\/","name":"Maraj\u00e1 do Senado tem prazo para receber sal\u00e1rio alto - Notibras","isPartOf":{"@id":"https:\/\/www.notibras.com\/site\/#website"},"primaryImageOfPage":{"@id":"https:\/\/www.notibras.com\/site\/maraja-do-senado-tem-prazo-para-voltar-a-receber-salario-alto\/#primaryimage"},"image":{"@id":"https:\/\/www.notibras.com\/site\/maraja-do-senado-tem-prazo-para-voltar-a-receber-salario-alto\/#primaryimage"},"thumbnailUrl":"https:\/\/www.notibras.com\/site\/wp-content\/uploads\/2014\/02\/br8.jpg","datePublished":"2014-02-19T23:22:06+00:00","dateModified":"2014-02-20T03:23:01+00:00","breadcrumb":{"@id":"https:\/\/www.notibras.com\/site\/maraja-do-senado-tem-prazo-para-voltar-a-receber-salario-alto\/#breadcrumb"},"inLanguage":"pt-BR","potentialAction":[{"@type":"ReadAction","target":["https:\/\/www.notibras.com\/site\/maraja-do-senado-tem-prazo-para-voltar-a-receber-salario-alto\/"]}]},{"@type":"ImageObject","inLanguage":"pt-BR","@id":"https:\/\/www.notibras.com\/site\/maraja-do-senado-tem-prazo-para-voltar-a-receber-salario-alto\/#primaryimage","url":"https:\/\/www.notibras.com\/site\/wp-content\/uploads\/2014\/02\/br8.jpg","contentUrl":"https:\/\/www.notibras.com\/site\/wp-content\/uploads\/2014\/02\/br8.jpg","width":267,"height":189},{"@type":"BreadcrumbList","@id":"https:\/\/www.notibras.com\/site\/maraja-do-senado-tem-prazo-para-voltar-a-receber-salario-alto\/#breadcrumb","itemListElement":[{"@type":"ListItem","position":1,"name":"In\u00edcio","item":"https:\/\/www.notibras.com\/site\/"},{"@type":"ListItem","position":2,"name":"Maraj\u00e1 do Senado tem prazo para receber sal\u00e1rio alto"}]},{"@type":"WebSite","@id":"https:\/\/www.notibras.com\/site\/#website","url":"https:\/\/www.notibras.com\/site\/","name":"Notibras","description":"Not\u00edcias de Bras\u00edlia, do Brasil e do Mundo","publisher":{"@id":"https:\/\/www.notibras.com\/site\/#organization"},"potentialAction":[{"@type":"SearchAction","target":{"@type":"EntryPoint","urlTemplate":"https:\/\/www.notibras.com\/site\/?s={search_term_string}"},"query-input":{"@type":"PropertyValueSpecification","valueRequired":true,"valueName":"search_term_string"}}],"inLanguage":"pt-BR"},{"@type":"Organization","@id":"https:\/\/www.notibras.com\/site\/#organization","name":"Grupo Notibras de Comunica\u00e7\u00e3o","url":"https:\/\/www.notibras.com\/site\/","logo":{"@type":"ImageObject","inLanguage":"pt-BR","@id":"https:\/\/www.notibras.com\/site\/#\/schema\/logo\/image\/","url":"https:\/\/www.notibras.com\/site\/wp-content\/uploads\/2023\/01\/notibras23.png","contentUrl":"https:\/\/www.notibras.com\/site\/wp-content\/uploads\/2023\/01\/notibras23.png","width":350,"height":87,"caption":"Grupo Notibras de Comunica\u00e7\u00e3o"},"image":{"@id":"https:\/\/www.notibras.com\/site\/#\/schema\/logo\/image\/"},"sameAs":["https:\/\/www.facebook.com\/notibras\/","https:\/\/x.com\/Notibras","https:\/\/www.instagram.com\/notibras\/"]},{"@type":"Person","@id":"https:\/\/www.notibras.com\/site\/#\/schema\/person\/36ab0979449956132d3e5b517ea76ac8","name":"Reda\u00e7\u00e3o","image":{"@type":"ImageObject","inLanguage":"pt-BR","@id":"https:\/\/secure.gravatar.com\/avatar\/e0a867bdedb85fd243eadf09663511f96fc81e0720a4a42581f334ad4303aa6b?s=96&d=mm&r=g","url":"https:\/\/secure.gravatar.com\/avatar\/e0a867bdedb85fd243eadf09663511f96fc81e0720a4a42581f334ad4303aa6b?s=96&d=mm&r=g","contentUrl":"https:\/\/secure.gravatar.com\/avatar\/e0a867bdedb85fd243eadf09663511f96fc81e0720a4a42581f334ad4303aa6b?s=96&d=mm&r=g","caption":"Reda\u00e7\u00e3o"}}]}},"amp_enabled":true,"_links":{"self":[{"href":"https:\/\/www.notibras.com\/site\/wp-json\/wp\/v2\/posts\/2216","targetHints":{"allow":["GET"]}}],"collection":[{"href":"https:\/\/www.notibras.com\/site\/wp-json\/wp\/v2\/posts"}],"about":[{"href":"https:\/\/www.notibras.com\/site\/wp-json\/wp\/v2\/types\/post"}],"author":[{"embeddable":true,"href":"https:\/\/www.notibras.com\/site\/wp-json\/wp\/v2\/users\/2"}],"replies":[{"embeddable":true,"href":"https:\/\/www.notibras.com\/site\/wp-json\/wp\/v2\/comments?post=2216"}],"version-history":[{"count":0,"href":"https:\/\/www.notibras.com\/site\/wp-json\/wp\/v2\/posts\/2216\/revisions"}],"wp:featuredmedia":[{"embeddable":true,"href":"https:\/\/www.notibras.com\/site\/wp-json\/wp\/v2\/media\/2217"}],"wp:attachment":[{"href":"https:\/\/www.notibras.com\/site\/wp-json\/wp\/v2\/media?parent=2216"}],"wp:term":[{"taxonomy":"category","embeddable":true,"href":"https:\/\/www.notibras.com\/site\/wp-json\/wp\/v2\/categories?post=2216"},{"taxonomy":"post_tag","embeddable":true,"href":"https:\/\/www.notibras.com\/site\/wp-json\/wp\/v2\/tags?post=2216"}],"curies":[{"name":"wp","href":"https:\/\/api.w.org\/{rel}","templated":true}]}}