{"id":22164,"date":"2014-09-13T19:02:16","date_gmt":"2014-09-13T22:02:16","guid":{"rendered":"http:\/\/www.notibras.com\/site\/?p=22164"},"modified":"2014-09-13T19:02:16","modified_gmt":"2014-09-13T22:02:16","slug":"selecao-passa-pelo-canada-e-avanca-no-mundial-de-volei","status":"publish","type":"post","link":"https:\/\/www.notibras.com\/site\/selecao-passa-pelo-canada-e-avanca-no-mundial-de-volei\/","title":{"rendered":"Sele\u00e7\u00e3o passa pelo Canad\u00e1 e avan\u00e7a no Mundial de V\u00f4lei"},"content":{"rendered":"<p class=\"text\">O Brasil n\u00e3o foi perfeito, mas venceu neste s\u00e1bado o Canad\u00e1 por 3 sets a 0, com parciais de 25\/19, 25\/23 e 29\/27, em Katowice (POL), e garantiu uma das tr\u00eas vagas do Grupo F na pr\u00f3xima etapa do\u00a0Campeonato Mundial Masculino de V\u00f4lei.<\/p>\n<p class=\"text\">Classificar-se com uma rodada de anteced\u00eancia\u00a0era o\u00a0objetivo principal,\u00a0mas\u00a0quando entrou em quadra\u00a0a Sele\u00e7\u00e3o pensava tamb\u00e9m\u00a0em parar Gavin Schmitt, de 2,08m. O\u00a0canadense foi o maior pontuador da partida com 18 acertos, mas o time de Bernardinho cumpriu a tarefa de controlar o gigante.<\/p>\n<p class=\"text\">Pelo lado brasileiro, o central Luc\u00e3o colocou a bola no ch\u00e3o da quadra advers\u00e1ria em 15 oportunidades, sendo 14 em ataques e uma de bloqueio.<\/p>\n<p class=\"text\">Com a vit\u00f3ria, o time verde e amarelo mant\u00e9m a lideran\u00e7a do grupo F, com 18 pontos, e assegura uma das tr\u00eas vagas da chave para a fase seguinte da competi\u00e7\u00e3o. J\u00e1 o Canad\u00e1 fica estacionado na quarta posi\u00e7\u00e3o, com 10 pontos.<\/p>\n<p class=\"text\">O pr\u00f3ximo desafio do Brasil \u00e9 o \u00faltimo e mais dif\u00edcil dessa segunda fase e deve definir o l\u00edder do grupo F. Os brasileiros v\u00e3o enfrentar neste domingo, \u00e0s 11h30 (de Bras\u00edlia), a R\u00fassia do gigante Dmitry Muserskiy.<\/p>\n","protected":false},"excerpt":{"rendered":"<p>O Brasil n\u00e3o foi perfeito, mas venceu neste s\u00e1bado o Canad\u00e1 por 3 sets a 0, com parciais de 25\/19, 25\/23 e 29\/27, em Katowice (POL), e garantiu uma das tr\u00eas vagas do Grupo F na pr\u00f3xima etapa do\u00a0Campeonato Mundial Masculino de V\u00f4lei. Classificar-se com uma rodada de anteced\u00eancia\u00a0era o\u00a0objetivo principal,\u00a0mas\u00a0quando entrou em quadra\u00a0a Sele\u00e7\u00e3o [&hellip;]<\/p>\n","protected":false},"author":2,"featured_media":22165,"comment_status":"open","ping_status":"closed","sticky":false,"template":"","format":"standard","meta":{"_acf_changed":false,"footnotes":""},"categories":[19,30],"tags":[],"class_list":["post-22164","post","type-post","status-publish","format-standard","has-post-thumbnail","hentry","category-esportes","category-volei"],"acf":[],"_links":{"self":[{"href":"https:\/\/www.notibras.com\/site\/wp-json\/wp\/v2\/posts\/22164","targetHints":{"allow":["GET"]}}],"collection":[{"href":"https:\/\/www.notibras.com\/site\/wp-json\/wp\/v2\/posts"}],"about":[{"href":"https:\/\/www.notibras.com\/site\/wp-json\/wp\/v2\/types\/post"}],"author":[{"embeddable":true,"href":"https:\/\/www.notibras.com\/site\/wp-json\/wp\/v2\/users\/2"}],"replies":[{"embeddable":true,"href":"https:\/\/www.notibras.com\/site\/wp-json\/wp\/v2\/comments?post=22164"}],"version-history":[{"count":0,"href":"https:\/\/www.notibras.com\/site\/wp-json\/wp\/v2\/posts\/22164\/revisions"}],"wp:featuredmedia":[{"embeddable":true,"href":"https:\/\/www.notibras.com\/site\/wp-json\/wp\/v2\/media\/22165"}],"wp:attachment":[{"href":"https:\/\/www.notibras.com\/site\/wp-json\/wp\/v2\/media?parent=22164"}],"wp:term":[{"taxonomy":"category","embeddable":true,"href":"https:\/\/www.notibras.com\/site\/wp-json\/wp\/v2\/categories?post=22164"},{"taxonomy":"post_tag","embeddable":true,"href":"https:\/\/www.notibras.com\/site\/wp-json\/wp\/v2\/tags?post=22164"}],"curies":[{"name":"wp","href":"https:\/\/api.w.org\/{rel}","templated":true}]}}