{"id":22167,"date":"2014-09-13T17:47:11","date_gmt":"2014-09-13T20:47:11","guid":{"rendered":"http:\/\/www.notibras.com\/site\/?p=22167"},"modified":"2014-09-13T19:48:51","modified_gmt":"2014-09-13T22:48:51","slug":"america-mg-perde-2x0-para-o-boa-esporte-e-se-afasta-do-g-4","status":"publish","type":"post","link":"https:\/\/www.notibras.com\/site\/america-mg-perde-2x0-para-o-boa-esporte-e-se-afasta-do-g-4\/","title":{"rendered":"Am\u00e9rica-MG perde (2&#215;0) para o Boa Esporte e se afasta do G-4"},"content":{"rendered":"<p class=\"text\">O Am\u00e9rica-MG n\u00e3o vive um bom momento na S\u00e9rie B do Brasileiro e j\u00e1 come\u00e7a a ver o G4 distante. O Coelho recebeu o Boa Esporte, neste s\u00e1bado, no Independ\u00eancia, e acabou trope\u00e7ando no time boveta, rev\u00e9s por 2 a 0, e sem apresentar perspectivas de evolu\u00e7\u00e3o para os pr\u00f3ximos jogos. A torcida americana pediu ra\u00e7a durante o jogo e vaiou o time no apito final.<\/p>\n<p class=\"text\">O primeiro gol do jogo foi anotado pelo armador Tom\u00e1s, que aproveitou um corte errado da zaga americana, e finalizou cruzado. Nos acr\u00e9scimos do segundo tempo, Fernando Karanga fechou o placar.<\/p>\n<blockquote>\n<p class=\"text\">Com a vit\u00f3ria, o Boa Esporte chega aos 34 pontos, ultrapassa o Am\u00e9rica-MG na classifica\u00e7\u00e3o e j\u00e1 come\u00e7a a sonhar, inclusive, com o G4. J\u00e1 o Coelho estaciona nos 33 pontos e come\u00e7a a se distanciar do sonho do acesso para elite do futebol brasileiro.<\/p>\n<\/blockquote>\n<p class=\"text\">Na sequ\u00eancia do Campeonato Brasileiro da S\u00e9rie B, o Am\u00e9rica-MG ter\u00e1 compromisso contra o Bragantino, na pr\u00f3xima ter\u00e7a-feira, em mais um jogo que ser\u00e1 realizado no Independ\u00eancia. J\u00e1 o Boa Esporte tamb\u00e9m joga na ter\u00e7a-feira, s\u00f3 que contra a Portuguesa, duelo confirmado para o Canind\u00e9.<\/p>\n","protected":false},"excerpt":{"rendered":"<p>O Am\u00e9rica-MG n\u00e3o vive um bom momento na S\u00e9rie B do Brasileiro e j\u00e1 come\u00e7a a ver o G4 distante. O Coelho recebeu o Boa Esporte, neste s\u00e1bado, no Independ\u00eancia, e acabou trope\u00e7ando no time boveta, rev\u00e9s por 2 a 0, e sem apresentar perspectivas de evolu\u00e7\u00e3o para os pr\u00f3ximos jogos. A torcida americana pediu [&hellip;]<\/p>\n","protected":false},"author":2,"featured_media":22168,"comment_status":"open","ping_status":"closed","sticky":false,"template":"","format":"standard","meta":{"_acf_changed":false,"footnotes":""},"categories":[19,29],"tags":[],"class_list":["post-22167","post","type-post","status-publish","format-standard","has-post-thumbnail","hentry","category-esportes","category-futebol"],"acf":[],"yoast_head":"<!-- This site is optimized with the Yoast SEO plugin v27.2 - https:\/\/yoast.com\/product\/yoast-seo-wordpress\/ -->\n<title>Am\u00e9rica-MG perde (2x0) para o Boa Esporte e se afasta do G-4 - Notibras<\/title>\n<meta name=\"robots\" content=\"index, follow, max-snippet:-1, max-image-preview:large, max-video-preview:-1\" \/>\n<link rel=\"canonical\" href=\"https:\/\/www.notibras.com\/site\/america-mg-perde-2x0-para-o-boa-esporte-e-se-afasta-do-g-4\/\" \/>\n<meta property=\"og:locale\" content=\"pt_BR\" \/>\n<meta property=\"og:type\" content=\"article\" \/>\n<meta property=\"og:title\" content=\"Am\u00e9rica-MG perde (2x0) para o Boa Esporte e se afasta do G-4 - Notibras\" \/>\n<meta property=\"og:description\" content=\"O Am\u00e9rica-MG n\u00e3o vive um bom momento na S\u00e9rie B do Brasileiro e j\u00e1 come\u00e7a a ver o G4 distante. O Coelho recebeu o Boa Esporte, neste s\u00e1bado, no Independ\u00eancia, e acabou trope\u00e7ando no time boveta, rev\u00e9s por 2 a 0, e sem apresentar perspectivas de evolu\u00e7\u00e3o para os pr\u00f3ximos jogos. A torcida americana pediu [&hellip;]\" \/>\n<meta property=\"og:url\" content=\"https:\/\/www.notibras.com\/site\/america-mg-perde-2x0-para-o-boa-esporte-e-se-afasta-do-g-4\/\" \/>\n<meta property=\"og:site_name\" content=\"Notibras\" \/>\n<meta property=\"article:publisher\" content=\"https:\/\/www.facebook.com\/notibras\/\" \/>\n<meta property=\"article:published_time\" content=\"2014-09-13T20:47:11+00:00\" \/>\n<meta property=\"article:modified_time\" content=\"2014-09-13T22:48:51+00:00\" \/>\n<meta property=\"og:image\" content=\"https:\/\/www.notibras.com\/site\/wp-content\/uploads\/2014\/09\/boaicasa4.jpg\" \/>\n\t<meta property=\"og:image:width\" content=\"620\" \/>\n\t<meta property=\"og:image:height\" content=\"390\" \/>\n\t<meta property=\"og:image:type\" content=\"image\/jpeg\" \/>\n<meta name=\"author\" content=\"Reda\u00e7\u00e3o\" \/>\n<meta name=\"twitter:card\" content=\"summary_large_image\" \/>\n<meta name=\"twitter:creator\" content=\"@Notibras\" \/>\n<meta name=\"twitter:site\" content=\"@Notibras\" \/>\n<meta name=\"twitter:label1\" content=\"Escrito por\" \/>\n\t<meta name=\"twitter:data1\" content=\"Reda\u00e7\u00e3o\" \/>\n\t<meta name=\"twitter:label2\" content=\"Est. tempo de leitura\" \/>\n\t<meta name=\"twitter:data2\" content=\"1 minuto\" \/>\n<script type=\"application\/ld+json\" class=\"yoast-schema-graph\">{\"@context\":\"https:\/\/schema.org\",\"@graph\":[{\"@type\":\"Article\",\"@id\":\"https:\/\/www.notibras.com\/site\/america-mg-perde-2x0-para-o-boa-esporte-e-se-afasta-do-g-4\/#article\",\"isPartOf\":{\"@id\":\"https:\/\/www.notibras.com\/site\/america-mg-perde-2x0-para-o-boa-esporte-e-se-afasta-do-g-4\/\"},\"author\":{\"name\":\"Reda\u00e7\u00e3o\",\"@id\":\"https:\/\/www.notibras.com\/site\/#\/schema\/person\/36ab0979449956132d3e5b517ea76ac8\"},\"headline\":\"Am\u00e9rica-MG perde (2&#215;0) para o Boa Esporte e se afasta do G-4\",\"datePublished\":\"2014-09-13T20:47:11+00:00\",\"dateModified\":\"2014-09-13T22:48:51+00:00\",\"mainEntityOfPage\":{\"@id\":\"https:\/\/www.notibras.com\/site\/america-mg-perde-2x0-para-o-boa-esporte-e-se-afasta-do-g-4\/\"},\"wordCount\":222,\"commentCount\":0,\"publisher\":{\"@id\":\"https:\/\/www.notibras.com\/site\/#organization\"},\"image\":{\"@id\":\"https:\/\/www.notibras.com\/site\/america-mg-perde-2x0-para-o-boa-esporte-e-se-afasta-do-g-4\/#primaryimage\"},\"thumbnailUrl\":\"https:\/\/www.notibras.com\/site\/wp-content\/uploads\/2014\/09\/boaicasa4.jpg\",\"articleSection\":[\"Esportes\",\"Futebol\"],\"inLanguage\":\"pt-BR\",\"potentialAction\":[{\"@type\":\"CommentAction\",\"name\":\"Comment\",\"target\":[\"https:\/\/www.notibras.com\/site\/america-mg-perde-2x0-para-o-boa-esporte-e-se-afasta-do-g-4\/#respond\"]}]},{\"@type\":\"WebPage\",\"@id\":\"https:\/\/www.notibras.com\/site\/america-mg-perde-2x0-para-o-boa-esporte-e-se-afasta-do-g-4\/\",\"url\":\"https:\/\/www.notibras.com\/site\/america-mg-perde-2x0-para-o-boa-esporte-e-se-afasta-do-g-4\/\",\"name\":\"Am\u00e9rica-MG perde (2x0) para o Boa Esporte e se afasta do G-4 - Notibras\",\"isPartOf\":{\"@id\":\"https:\/\/www.notibras.com\/site\/#website\"},\"primaryImageOfPage\":{\"@id\":\"https:\/\/www.notibras.com\/site\/america-mg-perde-2x0-para-o-boa-esporte-e-se-afasta-do-g-4\/#primaryimage\"},\"image\":{\"@id\":\"https:\/\/www.notibras.com\/site\/america-mg-perde-2x0-para-o-boa-esporte-e-se-afasta-do-g-4\/#primaryimage\"},\"thumbnailUrl\":\"https:\/\/www.notibras.com\/site\/wp-content\/uploads\/2014\/09\/boaicasa4.jpg\",\"datePublished\":\"2014-09-13T20:47:11+00:00\",\"dateModified\":\"2014-09-13T22:48:51+00:00\",\"breadcrumb\":{\"@id\":\"https:\/\/www.notibras.com\/site\/america-mg-perde-2x0-para-o-boa-esporte-e-se-afasta-do-g-4\/#breadcrumb\"},\"inLanguage\":\"pt-BR\",\"potentialAction\":[{\"@type\":\"ReadAction\",\"target\":[\"https:\/\/www.notibras.com\/site\/america-mg-perde-2x0-para-o-boa-esporte-e-se-afasta-do-g-4\/\"]}]},{\"@type\":\"ImageObject\",\"inLanguage\":\"pt-BR\",\"@id\":\"https:\/\/www.notibras.com\/site\/america-mg-perde-2x0-para-o-boa-esporte-e-se-afasta-do-g-4\/#primaryimage\",\"url\":\"https:\/\/www.notibras.com\/site\/wp-content\/uploads\/2014\/09\/boaicasa4.jpg\",\"contentUrl\":\"https:\/\/www.notibras.com\/site\/wp-content\/uploads\/2014\/09\/boaicasa4.jpg\",\"width\":620,\"height\":390},{\"@type\":\"BreadcrumbList\",\"@id\":\"https:\/\/www.notibras.com\/site\/america-mg-perde-2x0-para-o-boa-esporte-e-se-afasta-do-g-4\/#breadcrumb\",\"itemListElement\":[{\"@type\":\"ListItem\",\"position\":1,\"name\":\"In\u00edcio\",\"item\":\"https:\/\/www.notibras.com\/site\/\"},{\"@type\":\"ListItem\",\"position\":2,\"name\":\"Am\u00e9rica-MG perde (2&#215;0) para o Boa Esporte e se afasta do G-4\"}]},{\"@type\":\"WebSite\",\"@id\":\"https:\/\/www.notibras.com\/site\/#website\",\"url\":\"https:\/\/www.notibras.com\/site\/\",\"name\":\"Notibras\",\"description\":\"Not\u00edcias de Bras\u00edlia, do Brasil e do Mundo\",\"publisher\":{\"@id\":\"https:\/\/www.notibras.com\/site\/#organization\"},\"potentialAction\":[{\"@type\":\"SearchAction\",\"target\":{\"@type\":\"EntryPoint\",\"urlTemplate\":\"https:\/\/www.notibras.com\/site\/?s={search_term_string}\"},\"query-input\":{\"@type\":\"PropertyValueSpecification\",\"valueRequired\":true,\"valueName\":\"search_term_string\"}}],\"inLanguage\":\"pt-BR\"},{\"@type\":\"Organization\",\"@id\":\"https:\/\/www.notibras.com\/site\/#organization\",\"name\":\"Grupo Notibras de Comunica\u00e7\u00e3o\",\"url\":\"https:\/\/www.notibras.com\/site\/\",\"logo\":{\"@type\":\"ImageObject\",\"inLanguage\":\"pt-BR\",\"@id\":\"https:\/\/www.notibras.com\/site\/#\/schema\/logo\/image\/\",\"url\":\"https:\/\/www.notibras.com\/site\/wp-content\/uploads\/2023\/01\/notibras23.png\",\"contentUrl\":\"https:\/\/www.notibras.com\/site\/wp-content\/uploads\/2023\/01\/notibras23.png\",\"width\":350,\"height\":87,\"caption\":\"Grupo Notibras de Comunica\u00e7\u00e3o\"},\"image\":{\"@id\":\"https:\/\/www.notibras.com\/site\/#\/schema\/logo\/image\/\"},\"sameAs\":[\"https:\/\/www.facebook.com\/notibras\/\",\"https:\/\/x.com\/Notibras\",\"https:\/\/www.instagram.com\/notibras\/\"]},{\"@type\":\"Person\",\"@id\":\"https:\/\/www.notibras.com\/site\/#\/schema\/person\/36ab0979449956132d3e5b517ea76ac8\",\"name\":\"Reda\u00e7\u00e3o\",\"image\":{\"@type\":\"ImageObject\",\"inLanguage\":\"pt-BR\",\"@id\":\"https:\/\/secure.gravatar.com\/avatar\/e0a867bdedb85fd243eadf09663511f96fc81e0720a4a42581f334ad4303aa6b?s=96&d=mm&r=g\",\"url\":\"https:\/\/secure.gravatar.com\/avatar\/e0a867bdedb85fd243eadf09663511f96fc81e0720a4a42581f334ad4303aa6b?s=96&d=mm&r=g\",\"contentUrl\":\"https:\/\/secure.gravatar.com\/avatar\/e0a867bdedb85fd243eadf09663511f96fc81e0720a4a42581f334ad4303aa6b?s=96&d=mm&r=g\",\"caption\":\"Reda\u00e7\u00e3o\"}}]}<\/script>\n<!-- \/ Yoast SEO plugin. -->","yoast_head_json":{"title":"Am\u00e9rica-MG perde (2x0) para o Boa Esporte e se afasta do G-4 - Notibras","robots":{"index":"index","follow":"follow","max-snippet":"max-snippet:-1","max-image-preview":"max-image-preview:large","max-video-preview":"max-video-preview:-1"},"canonical":"https:\/\/www.notibras.com\/site\/america-mg-perde-2x0-para-o-boa-esporte-e-se-afasta-do-g-4\/","og_locale":"pt_BR","og_type":"article","og_title":"Am\u00e9rica-MG perde (2x0) para o Boa Esporte e se afasta do G-4 - Notibras","og_description":"O Am\u00e9rica-MG n\u00e3o vive um bom momento na S\u00e9rie B do Brasileiro e j\u00e1 come\u00e7a a ver o G4 distante. O Coelho recebeu o Boa Esporte, neste s\u00e1bado, no Independ\u00eancia, e acabou trope\u00e7ando no time boveta, rev\u00e9s por 2 a 0, e sem apresentar perspectivas de evolu\u00e7\u00e3o para os pr\u00f3ximos jogos. A torcida americana pediu [&hellip;]","og_url":"https:\/\/www.notibras.com\/site\/america-mg-perde-2x0-para-o-boa-esporte-e-se-afasta-do-g-4\/","og_site_name":"Notibras","article_publisher":"https:\/\/www.facebook.com\/notibras\/","article_published_time":"2014-09-13T20:47:11+00:00","article_modified_time":"2014-09-13T22:48:51+00:00","og_image":[{"width":620,"height":390,"url":"https:\/\/www.notibras.com\/site\/wp-content\/uploads\/2014\/09\/boaicasa4.jpg","type":"image\/jpeg"}],"author":"Reda\u00e7\u00e3o","twitter_card":"summary_large_image","twitter_creator":"@Notibras","twitter_site":"@Notibras","twitter_misc":{"Escrito por":"Reda\u00e7\u00e3o","Est. tempo de leitura":"1 minuto"},"schema":{"@context":"https:\/\/schema.org","@graph":[{"@type":"Article","@id":"https:\/\/www.notibras.com\/site\/america-mg-perde-2x0-para-o-boa-esporte-e-se-afasta-do-g-4\/#article","isPartOf":{"@id":"https:\/\/www.notibras.com\/site\/america-mg-perde-2x0-para-o-boa-esporte-e-se-afasta-do-g-4\/"},"author":{"name":"Reda\u00e7\u00e3o","@id":"https:\/\/www.notibras.com\/site\/#\/schema\/person\/36ab0979449956132d3e5b517ea76ac8"},"headline":"Am\u00e9rica-MG perde (2&#215;0) para o Boa Esporte e se afasta do G-4","datePublished":"2014-09-13T20:47:11+00:00","dateModified":"2014-09-13T22:48:51+00:00","mainEntityOfPage":{"@id":"https:\/\/www.notibras.com\/site\/america-mg-perde-2x0-para-o-boa-esporte-e-se-afasta-do-g-4\/"},"wordCount":222,"commentCount":0,"publisher":{"@id":"https:\/\/www.notibras.com\/site\/#organization"},"image":{"@id":"https:\/\/www.notibras.com\/site\/america-mg-perde-2x0-para-o-boa-esporte-e-se-afasta-do-g-4\/#primaryimage"},"thumbnailUrl":"https:\/\/www.notibras.com\/site\/wp-content\/uploads\/2014\/09\/boaicasa4.jpg","articleSection":["Esportes","Futebol"],"inLanguage":"pt-BR","potentialAction":[{"@type":"CommentAction","name":"Comment","target":["https:\/\/www.notibras.com\/site\/america-mg-perde-2x0-para-o-boa-esporte-e-se-afasta-do-g-4\/#respond"]}]},{"@type":"WebPage","@id":"https:\/\/www.notibras.com\/site\/america-mg-perde-2x0-para-o-boa-esporte-e-se-afasta-do-g-4\/","url":"https:\/\/www.notibras.com\/site\/america-mg-perde-2x0-para-o-boa-esporte-e-se-afasta-do-g-4\/","name":"Am\u00e9rica-MG perde (2x0) para o Boa Esporte e se afasta do G-4 - Notibras","isPartOf":{"@id":"https:\/\/www.notibras.com\/site\/#website"},"primaryImageOfPage":{"@id":"https:\/\/www.notibras.com\/site\/america-mg-perde-2x0-para-o-boa-esporte-e-se-afasta-do-g-4\/#primaryimage"},"image":{"@id":"https:\/\/www.notibras.com\/site\/america-mg-perde-2x0-para-o-boa-esporte-e-se-afasta-do-g-4\/#primaryimage"},"thumbnailUrl":"https:\/\/www.notibras.com\/site\/wp-content\/uploads\/2014\/09\/boaicasa4.jpg","datePublished":"2014-09-13T20:47:11+00:00","dateModified":"2014-09-13T22:48:51+00:00","breadcrumb":{"@id":"https:\/\/www.notibras.com\/site\/america-mg-perde-2x0-para-o-boa-esporte-e-se-afasta-do-g-4\/#breadcrumb"},"inLanguage":"pt-BR","potentialAction":[{"@type":"ReadAction","target":["https:\/\/www.notibras.com\/site\/america-mg-perde-2x0-para-o-boa-esporte-e-se-afasta-do-g-4\/"]}]},{"@type":"ImageObject","inLanguage":"pt-BR","@id":"https:\/\/www.notibras.com\/site\/america-mg-perde-2x0-para-o-boa-esporte-e-se-afasta-do-g-4\/#primaryimage","url":"https:\/\/www.notibras.com\/site\/wp-content\/uploads\/2014\/09\/boaicasa4.jpg","contentUrl":"https:\/\/www.notibras.com\/site\/wp-content\/uploads\/2014\/09\/boaicasa4.jpg","width":620,"height":390},{"@type":"BreadcrumbList","@id":"https:\/\/www.notibras.com\/site\/america-mg-perde-2x0-para-o-boa-esporte-e-se-afasta-do-g-4\/#breadcrumb","itemListElement":[{"@type":"ListItem","position":1,"name":"In\u00edcio","item":"https:\/\/www.notibras.com\/site\/"},{"@type":"ListItem","position":2,"name":"Am\u00e9rica-MG perde (2&#215;0) para o Boa Esporte e se afasta do G-4"}]},{"@type":"WebSite","@id":"https:\/\/www.notibras.com\/site\/#website","url":"https:\/\/www.notibras.com\/site\/","name":"Notibras","description":"Not\u00edcias de Bras\u00edlia, do Brasil e do Mundo","publisher":{"@id":"https:\/\/www.notibras.com\/site\/#organization"},"potentialAction":[{"@type":"SearchAction","target":{"@type":"EntryPoint","urlTemplate":"https:\/\/www.notibras.com\/site\/?s={search_term_string}"},"query-input":{"@type":"PropertyValueSpecification","valueRequired":true,"valueName":"search_term_string"}}],"inLanguage":"pt-BR"},{"@type":"Organization","@id":"https:\/\/www.notibras.com\/site\/#organization","name":"Grupo Notibras de Comunica\u00e7\u00e3o","url":"https:\/\/www.notibras.com\/site\/","logo":{"@type":"ImageObject","inLanguage":"pt-BR","@id":"https:\/\/www.notibras.com\/site\/#\/schema\/logo\/image\/","url":"https:\/\/www.notibras.com\/site\/wp-content\/uploads\/2023\/01\/notibras23.png","contentUrl":"https:\/\/www.notibras.com\/site\/wp-content\/uploads\/2023\/01\/notibras23.png","width":350,"height":87,"caption":"Grupo Notibras de Comunica\u00e7\u00e3o"},"image":{"@id":"https:\/\/www.notibras.com\/site\/#\/schema\/logo\/image\/"},"sameAs":["https:\/\/www.facebook.com\/notibras\/","https:\/\/x.com\/Notibras","https:\/\/www.instagram.com\/notibras\/"]},{"@type":"Person","@id":"https:\/\/www.notibras.com\/site\/#\/schema\/person\/36ab0979449956132d3e5b517ea76ac8","name":"Reda\u00e7\u00e3o","image":{"@type":"ImageObject","inLanguage":"pt-BR","@id":"https:\/\/secure.gravatar.com\/avatar\/e0a867bdedb85fd243eadf09663511f96fc81e0720a4a42581f334ad4303aa6b?s=96&d=mm&r=g","url":"https:\/\/secure.gravatar.com\/avatar\/e0a867bdedb85fd243eadf09663511f96fc81e0720a4a42581f334ad4303aa6b?s=96&d=mm&r=g","contentUrl":"https:\/\/secure.gravatar.com\/avatar\/e0a867bdedb85fd243eadf09663511f96fc81e0720a4a42581f334ad4303aa6b?s=96&d=mm&r=g","caption":"Reda\u00e7\u00e3o"}}]}},"amp_enabled":true,"_links":{"self":[{"href":"https:\/\/www.notibras.com\/site\/wp-json\/wp\/v2\/posts\/22167","targetHints":{"allow":["GET"]}}],"collection":[{"href":"https:\/\/www.notibras.com\/site\/wp-json\/wp\/v2\/posts"}],"about":[{"href":"https:\/\/www.notibras.com\/site\/wp-json\/wp\/v2\/types\/post"}],"author":[{"embeddable":true,"href":"https:\/\/www.notibras.com\/site\/wp-json\/wp\/v2\/users\/2"}],"replies":[{"embeddable":true,"href":"https:\/\/www.notibras.com\/site\/wp-json\/wp\/v2\/comments?post=22167"}],"version-history":[{"count":0,"href":"https:\/\/www.notibras.com\/site\/wp-json\/wp\/v2\/posts\/22167\/revisions"}],"wp:featuredmedia":[{"embeddable":true,"href":"https:\/\/www.notibras.com\/site\/wp-json\/wp\/v2\/media\/22168"}],"wp:attachment":[{"href":"https:\/\/www.notibras.com\/site\/wp-json\/wp\/v2\/media?parent=22167"}],"wp:term":[{"taxonomy":"category","embeddable":true,"href":"https:\/\/www.notibras.com\/site\/wp-json\/wp\/v2\/categories?post=22167"},{"taxonomy":"post_tag","embeddable":true,"href":"https:\/\/www.notibras.com\/site\/wp-json\/wp\/v2\/tags?post=22167"}],"curies":[{"name":"wp","href":"https:\/\/api.w.org\/{rel}","templated":true}]}}