{"id":22170,"date":"2014-09-13T17:50:42","date_gmt":"2014-09-13T20:50:42","guid":{"rendered":"http:\/\/www.notibras.com\/site\/?p=22170"},"modified":"2014-09-13T19:53:36","modified_gmt":"2014-09-13T22:53:36","slug":"ricardinho-volta-e-parana-vira-no-fim-contra-o-santa-cruz","status":"publish","type":"post","link":"https:\/\/www.notibras.com\/site\/ricardinho-volta-e-parana-vira-no-fim-contra-o-santa-cruz\/","title":{"rendered":"Ricardinho volta e Paran\u00e1 vira no fim contra o Santa Cruz"},"content":{"rendered":"<p>O t\u00e9cnico Ricardinho, que voltou ao comando do Paran\u00e1 ap\u00f3s dois anos, reestreou neste s\u00e1bado, e em grande estilo. Depois de ficar duas vezes atr\u00e1s do placar, o Paran\u00e1 virou a partida no fim e derrotou o Santa Cruz, por 3 a 2, em jogo v\u00e1lido pela 22\u00aa rodada da S\u00e9rie B do Campeonato Brasileiro e realizado na no est\u00e1dio Durival Britto, na Vila Capanema. Jean, Tiago Alves e Adailton marcaram para o Tricolor, enquanto Wescley e L\u00e9o Gamalho fizeram os gols do Santa.<\/p>\n<p>Com o resultado, o Paran\u00e1 subiu para os 29 pontos e se aproximou do Cear\u00e1, quarto colocado, que tem 38 pontos e nesta sexta-feira foi derrotado pelo N\u00e1utico. O Santa Cruz permaneceu com 30 pontos.<\/p>\n<blockquote><p>As duas equipes voltam a campo na pr\u00f3xima ter\u00e7a-feira. Enquanto o Paran\u00e1 recebe o Cear\u00e1 no Durival Britto, o Santa Cruz joga contra o Luverdense no est\u00e1dio Passo das Emas.<\/p><\/blockquote>\n<p>Os visitantes abriram o placar logo aos dois minutos de jogo. Julinho recebeu de Natan, avan\u00e7ou \u00e0 linha de fundo e cruzou na dire\u00e7\u00e3o de L\u00e9o Gamalho, que n\u00e3o conseguiu alcan\u00e7ar a bola: Wescley, oportunista, finalizou de primeira, no canto direito do goleiro Marcos.<\/p>\n<p>No final da primeira etapa, aos 43, Adailton arrancou com a bola, livrou-se de Julinho e Renan Fonseca e finalizou no canto esquerdo de Tiago Cardoso.O Santa retomou a dianteira do placar aos 22 minutos da segunda etapa, quando L\u00e9o Gamalho recebeu cruzamento rasteiro de Bileu e finalizou com a perna esquerda. Dois minutos depois, o Paran\u00e1 empatou de novo: J\u00falio C\u00e9sar cruzou na \u00e1rea, Julinho n\u00e3o conseguiu afastar e Tiago Alves cabeceou para o fundo das redes.<br \/>\npublicidade<\/p>\n<p>Os anfitri\u00f5es viraram o jogo aos 40 minutos do segundo tempo. Livre de marca\u00e7\u00e3o, Jean recebeu na entrada da \u00e1rea e finalizou colocado, no canto esquerdo de Tiago Cardoso, que s\u00f3 observou a bola.<\/p>\n<p>A equipe pernambucana balan\u00e7ou as redes novamente, mas a arbitragem invalidou o que seria o gol de empate. Ap\u00f3s cobran\u00e7a de falta em dire\u00e7\u00e3o \u00e0 \u00e1rea, Pingo recebeu a bola e chutou de perna direita. A arbitragem alegou posi\u00e7\u00e3o de impedimento e anulou o tento.<\/p>\n","protected":false},"excerpt":{"rendered":"<p>O t\u00e9cnico Ricardinho, que voltou ao comando do Paran\u00e1 ap\u00f3s dois anos, reestreou neste s\u00e1bado, e em grande estilo. Depois de ficar duas vezes atr\u00e1s do placar, o Paran\u00e1 virou a partida no fim e derrotou o Santa Cruz, por 3 a 2, em jogo v\u00e1lido pela 22\u00aa rodada da S\u00e9rie B do Campeonato Brasileiro [&hellip;]<\/p>\n","protected":false},"author":2,"featured_media":22171,"comment_status":"open","ping_status":"closed","sticky":false,"template":"","format":"standard","meta":{"_acf_changed":false,"footnotes":""},"categories":[19,29],"tags":[],"class_list":["post-22170","post","type-post","status-publish","format-standard","has-post-thumbnail","hentry","category-esportes","category-futebol"],"acf":[],"yoast_head":"<!-- This site is optimized with the Yoast SEO plugin v27.2 - https:\/\/yoast.com\/product\/yoast-seo-wordpress\/ -->\n<title>Ricardinho volta e Paran\u00e1 vira no fim contra o Santa Cruz - Notibras<\/title>\n<meta name=\"robots\" content=\"index, follow, max-snippet:-1, max-image-preview:large, max-video-preview:-1\" \/>\n<link rel=\"canonical\" href=\"https:\/\/www.notibras.com\/site\/ricardinho-volta-e-parana-vira-no-fim-contra-o-santa-cruz\/\" \/>\n<meta property=\"og:locale\" content=\"pt_BR\" \/>\n<meta property=\"og:type\" content=\"article\" \/>\n<meta property=\"og:title\" content=\"Ricardinho volta e Paran\u00e1 vira no fim contra o Santa Cruz - Notibras\" \/>\n<meta property=\"og:description\" content=\"O t\u00e9cnico Ricardinho, que voltou ao comando do Paran\u00e1 ap\u00f3s dois anos, reestreou neste s\u00e1bado, e em grande estilo. Depois de ficar duas vezes atr\u00e1s do placar, o Paran\u00e1 virou a partida no fim e derrotou o Santa Cruz, por 3 a 2, em jogo v\u00e1lido pela 22\u00aa rodada da S\u00e9rie B do Campeonato Brasileiro [&hellip;]\" \/>\n<meta property=\"og:url\" content=\"https:\/\/www.notibras.com\/site\/ricardinho-volta-e-parana-vira-no-fim-contra-o-santa-cruz\/\" \/>\n<meta property=\"og:site_name\" content=\"Notibras\" \/>\n<meta property=\"article:publisher\" content=\"https:\/\/www.facebook.com\/notibras\/\" \/>\n<meta property=\"article:published_time\" content=\"2014-09-13T20:50:42+00:00\" \/>\n<meta property=\"article:modified_time\" content=\"2014-09-13T22:53:36+00:00\" \/>\n<meta property=\"og:image\" content=\"https:\/\/www.notibras.com\/site\/wp-content\/uploads\/2014\/09\/unnamed.jpg\" \/>\n\t<meta property=\"og:image:width\" content=\"400\" \/>\n\t<meta property=\"og:image:height\" content=\"300\" \/>\n\t<meta property=\"og:image:type\" content=\"image\/jpeg\" \/>\n<meta name=\"author\" content=\"Reda\u00e7\u00e3o\" \/>\n<meta name=\"twitter:card\" content=\"summary_large_image\" \/>\n<meta name=\"twitter:creator\" content=\"@Notibras\" \/>\n<meta name=\"twitter:site\" content=\"@Notibras\" \/>\n<meta name=\"twitter:label1\" content=\"Escrito por\" \/>\n\t<meta name=\"twitter:data1\" content=\"Reda\u00e7\u00e3o\" \/>\n\t<meta name=\"twitter:label2\" content=\"Est. tempo de leitura\" \/>\n\t<meta name=\"twitter:data2\" content=\"2 minutos\" \/>\n<script type=\"application\/ld+json\" class=\"yoast-schema-graph\">{\"@context\":\"https:\/\/schema.org\",\"@graph\":[{\"@type\":\"Article\",\"@id\":\"https:\/\/www.notibras.com\/site\/ricardinho-volta-e-parana-vira-no-fim-contra-o-santa-cruz\/#article\",\"isPartOf\":{\"@id\":\"https:\/\/www.notibras.com\/site\/ricardinho-volta-e-parana-vira-no-fim-contra-o-santa-cruz\/\"},\"author\":{\"name\":\"Reda\u00e7\u00e3o\",\"@id\":\"https:\/\/www.notibras.com\/site\/#\/schema\/person\/36ab0979449956132d3e5b517ea76ac8\"},\"headline\":\"Ricardinho volta e Paran\u00e1 vira no fim contra o Santa Cruz\",\"datePublished\":\"2014-09-13T20:50:42+00:00\",\"dateModified\":\"2014-09-13T22:53:36+00:00\",\"mainEntityOfPage\":{\"@id\":\"https:\/\/www.notibras.com\/site\/ricardinho-volta-e-parana-vira-no-fim-contra-o-santa-cruz\/\"},\"wordCount\":380,\"commentCount\":0,\"publisher\":{\"@id\":\"https:\/\/www.notibras.com\/site\/#organization\"},\"image\":{\"@id\":\"https:\/\/www.notibras.com\/site\/ricardinho-volta-e-parana-vira-no-fim-contra-o-santa-cruz\/#primaryimage\"},\"thumbnailUrl\":\"https:\/\/www.notibras.com\/site\/wp-content\/uploads\/2014\/09\/unnamed.jpg\",\"articleSection\":[\"Esportes\",\"Futebol\"],\"inLanguage\":\"pt-BR\",\"potentialAction\":[{\"@type\":\"CommentAction\",\"name\":\"Comment\",\"target\":[\"https:\/\/www.notibras.com\/site\/ricardinho-volta-e-parana-vira-no-fim-contra-o-santa-cruz\/#respond\"]}]},{\"@type\":\"WebPage\",\"@id\":\"https:\/\/www.notibras.com\/site\/ricardinho-volta-e-parana-vira-no-fim-contra-o-santa-cruz\/\",\"url\":\"https:\/\/www.notibras.com\/site\/ricardinho-volta-e-parana-vira-no-fim-contra-o-santa-cruz\/\",\"name\":\"Ricardinho volta e Paran\u00e1 vira no fim contra o Santa Cruz - Notibras\",\"isPartOf\":{\"@id\":\"https:\/\/www.notibras.com\/site\/#website\"},\"primaryImageOfPage\":{\"@id\":\"https:\/\/www.notibras.com\/site\/ricardinho-volta-e-parana-vira-no-fim-contra-o-santa-cruz\/#primaryimage\"},\"image\":{\"@id\":\"https:\/\/www.notibras.com\/site\/ricardinho-volta-e-parana-vira-no-fim-contra-o-santa-cruz\/#primaryimage\"},\"thumbnailUrl\":\"https:\/\/www.notibras.com\/site\/wp-content\/uploads\/2014\/09\/unnamed.jpg\",\"datePublished\":\"2014-09-13T20:50:42+00:00\",\"dateModified\":\"2014-09-13T22:53:36+00:00\",\"breadcrumb\":{\"@id\":\"https:\/\/www.notibras.com\/site\/ricardinho-volta-e-parana-vira-no-fim-contra-o-santa-cruz\/#breadcrumb\"},\"inLanguage\":\"pt-BR\",\"potentialAction\":[{\"@type\":\"ReadAction\",\"target\":[\"https:\/\/www.notibras.com\/site\/ricardinho-volta-e-parana-vira-no-fim-contra-o-santa-cruz\/\"]}]},{\"@type\":\"ImageObject\",\"inLanguage\":\"pt-BR\",\"@id\":\"https:\/\/www.notibras.com\/site\/ricardinho-volta-e-parana-vira-no-fim-contra-o-santa-cruz\/#primaryimage\",\"url\":\"https:\/\/www.notibras.com\/site\/wp-content\/uploads\/2014\/09\/unnamed.jpg\",\"contentUrl\":\"https:\/\/www.notibras.com\/site\/wp-content\/uploads\/2014\/09\/unnamed.jpg\",\"width\":400,\"height\":300},{\"@type\":\"BreadcrumbList\",\"@id\":\"https:\/\/www.notibras.com\/site\/ricardinho-volta-e-parana-vira-no-fim-contra-o-santa-cruz\/#breadcrumb\",\"itemListElement\":[{\"@type\":\"ListItem\",\"position\":1,\"name\":\"In\u00edcio\",\"item\":\"https:\/\/www.notibras.com\/site\/\"},{\"@type\":\"ListItem\",\"position\":2,\"name\":\"Ricardinho volta e Paran\u00e1 vira no fim contra o Santa Cruz\"}]},{\"@type\":\"WebSite\",\"@id\":\"https:\/\/www.notibras.com\/site\/#website\",\"url\":\"https:\/\/www.notibras.com\/site\/\",\"name\":\"Notibras\",\"description\":\"Not\u00edcias de Bras\u00edlia, do Brasil e do Mundo\",\"publisher\":{\"@id\":\"https:\/\/www.notibras.com\/site\/#organization\"},\"potentialAction\":[{\"@type\":\"SearchAction\",\"target\":{\"@type\":\"EntryPoint\",\"urlTemplate\":\"https:\/\/www.notibras.com\/site\/?s={search_term_string}\"},\"query-input\":{\"@type\":\"PropertyValueSpecification\",\"valueRequired\":true,\"valueName\":\"search_term_string\"}}],\"inLanguage\":\"pt-BR\"},{\"@type\":\"Organization\",\"@id\":\"https:\/\/www.notibras.com\/site\/#organization\",\"name\":\"Grupo Notibras de Comunica\u00e7\u00e3o\",\"url\":\"https:\/\/www.notibras.com\/site\/\",\"logo\":{\"@type\":\"ImageObject\",\"inLanguage\":\"pt-BR\",\"@id\":\"https:\/\/www.notibras.com\/site\/#\/schema\/logo\/image\/\",\"url\":\"https:\/\/www.notibras.com\/site\/wp-content\/uploads\/2023\/01\/notibras23.png\",\"contentUrl\":\"https:\/\/www.notibras.com\/site\/wp-content\/uploads\/2023\/01\/notibras23.png\",\"width\":350,\"height\":87,\"caption\":\"Grupo Notibras de Comunica\u00e7\u00e3o\"},\"image\":{\"@id\":\"https:\/\/www.notibras.com\/site\/#\/schema\/logo\/image\/\"},\"sameAs\":[\"https:\/\/www.facebook.com\/notibras\/\",\"https:\/\/x.com\/Notibras\",\"https:\/\/www.instagram.com\/notibras\/\"]},{\"@type\":\"Person\",\"@id\":\"https:\/\/www.notibras.com\/site\/#\/schema\/person\/36ab0979449956132d3e5b517ea76ac8\",\"name\":\"Reda\u00e7\u00e3o\",\"image\":{\"@type\":\"ImageObject\",\"inLanguage\":\"pt-BR\",\"@id\":\"https:\/\/secure.gravatar.com\/avatar\/e0a867bdedb85fd243eadf09663511f96fc81e0720a4a42581f334ad4303aa6b?s=96&d=mm&r=g\",\"url\":\"https:\/\/secure.gravatar.com\/avatar\/e0a867bdedb85fd243eadf09663511f96fc81e0720a4a42581f334ad4303aa6b?s=96&d=mm&r=g\",\"contentUrl\":\"https:\/\/secure.gravatar.com\/avatar\/e0a867bdedb85fd243eadf09663511f96fc81e0720a4a42581f334ad4303aa6b?s=96&d=mm&r=g\",\"caption\":\"Reda\u00e7\u00e3o\"}}]}<\/script>\n<!-- \/ Yoast SEO plugin. -->","yoast_head_json":{"title":"Ricardinho volta e Paran\u00e1 vira no fim contra o Santa Cruz - Notibras","robots":{"index":"index","follow":"follow","max-snippet":"max-snippet:-1","max-image-preview":"max-image-preview:large","max-video-preview":"max-video-preview:-1"},"canonical":"https:\/\/www.notibras.com\/site\/ricardinho-volta-e-parana-vira-no-fim-contra-o-santa-cruz\/","og_locale":"pt_BR","og_type":"article","og_title":"Ricardinho volta e Paran\u00e1 vira no fim contra o Santa Cruz - Notibras","og_description":"O t\u00e9cnico Ricardinho, que voltou ao comando do Paran\u00e1 ap\u00f3s dois anos, reestreou neste s\u00e1bado, e em grande estilo. Depois de ficar duas vezes atr\u00e1s do placar, o Paran\u00e1 virou a partida no fim e derrotou o Santa Cruz, por 3 a 2, em jogo v\u00e1lido pela 22\u00aa rodada da S\u00e9rie B do Campeonato Brasileiro [&hellip;]","og_url":"https:\/\/www.notibras.com\/site\/ricardinho-volta-e-parana-vira-no-fim-contra-o-santa-cruz\/","og_site_name":"Notibras","article_publisher":"https:\/\/www.facebook.com\/notibras\/","article_published_time":"2014-09-13T20:50:42+00:00","article_modified_time":"2014-09-13T22:53:36+00:00","og_image":[{"width":400,"height":300,"url":"https:\/\/www.notibras.com\/site\/wp-content\/uploads\/2014\/09\/unnamed.jpg","type":"image\/jpeg"}],"author":"Reda\u00e7\u00e3o","twitter_card":"summary_large_image","twitter_creator":"@Notibras","twitter_site":"@Notibras","twitter_misc":{"Escrito por":"Reda\u00e7\u00e3o","Est. tempo de leitura":"2 minutos"},"schema":{"@context":"https:\/\/schema.org","@graph":[{"@type":"Article","@id":"https:\/\/www.notibras.com\/site\/ricardinho-volta-e-parana-vira-no-fim-contra-o-santa-cruz\/#article","isPartOf":{"@id":"https:\/\/www.notibras.com\/site\/ricardinho-volta-e-parana-vira-no-fim-contra-o-santa-cruz\/"},"author":{"name":"Reda\u00e7\u00e3o","@id":"https:\/\/www.notibras.com\/site\/#\/schema\/person\/36ab0979449956132d3e5b517ea76ac8"},"headline":"Ricardinho volta e Paran\u00e1 vira no fim contra o Santa Cruz","datePublished":"2014-09-13T20:50:42+00:00","dateModified":"2014-09-13T22:53:36+00:00","mainEntityOfPage":{"@id":"https:\/\/www.notibras.com\/site\/ricardinho-volta-e-parana-vira-no-fim-contra-o-santa-cruz\/"},"wordCount":380,"commentCount":0,"publisher":{"@id":"https:\/\/www.notibras.com\/site\/#organization"},"image":{"@id":"https:\/\/www.notibras.com\/site\/ricardinho-volta-e-parana-vira-no-fim-contra-o-santa-cruz\/#primaryimage"},"thumbnailUrl":"https:\/\/www.notibras.com\/site\/wp-content\/uploads\/2014\/09\/unnamed.jpg","articleSection":["Esportes","Futebol"],"inLanguage":"pt-BR","potentialAction":[{"@type":"CommentAction","name":"Comment","target":["https:\/\/www.notibras.com\/site\/ricardinho-volta-e-parana-vira-no-fim-contra-o-santa-cruz\/#respond"]}]},{"@type":"WebPage","@id":"https:\/\/www.notibras.com\/site\/ricardinho-volta-e-parana-vira-no-fim-contra-o-santa-cruz\/","url":"https:\/\/www.notibras.com\/site\/ricardinho-volta-e-parana-vira-no-fim-contra-o-santa-cruz\/","name":"Ricardinho volta e Paran\u00e1 vira no fim contra o Santa Cruz - Notibras","isPartOf":{"@id":"https:\/\/www.notibras.com\/site\/#website"},"primaryImageOfPage":{"@id":"https:\/\/www.notibras.com\/site\/ricardinho-volta-e-parana-vira-no-fim-contra-o-santa-cruz\/#primaryimage"},"image":{"@id":"https:\/\/www.notibras.com\/site\/ricardinho-volta-e-parana-vira-no-fim-contra-o-santa-cruz\/#primaryimage"},"thumbnailUrl":"https:\/\/www.notibras.com\/site\/wp-content\/uploads\/2014\/09\/unnamed.jpg","datePublished":"2014-09-13T20:50:42+00:00","dateModified":"2014-09-13T22:53:36+00:00","breadcrumb":{"@id":"https:\/\/www.notibras.com\/site\/ricardinho-volta-e-parana-vira-no-fim-contra-o-santa-cruz\/#breadcrumb"},"inLanguage":"pt-BR","potentialAction":[{"@type":"ReadAction","target":["https:\/\/www.notibras.com\/site\/ricardinho-volta-e-parana-vira-no-fim-contra-o-santa-cruz\/"]}]},{"@type":"ImageObject","inLanguage":"pt-BR","@id":"https:\/\/www.notibras.com\/site\/ricardinho-volta-e-parana-vira-no-fim-contra-o-santa-cruz\/#primaryimage","url":"https:\/\/www.notibras.com\/site\/wp-content\/uploads\/2014\/09\/unnamed.jpg","contentUrl":"https:\/\/www.notibras.com\/site\/wp-content\/uploads\/2014\/09\/unnamed.jpg","width":400,"height":300},{"@type":"BreadcrumbList","@id":"https:\/\/www.notibras.com\/site\/ricardinho-volta-e-parana-vira-no-fim-contra-o-santa-cruz\/#breadcrumb","itemListElement":[{"@type":"ListItem","position":1,"name":"In\u00edcio","item":"https:\/\/www.notibras.com\/site\/"},{"@type":"ListItem","position":2,"name":"Ricardinho volta e Paran\u00e1 vira no fim contra o Santa Cruz"}]},{"@type":"WebSite","@id":"https:\/\/www.notibras.com\/site\/#website","url":"https:\/\/www.notibras.com\/site\/","name":"Notibras","description":"Not\u00edcias de Bras\u00edlia, do Brasil e do Mundo","publisher":{"@id":"https:\/\/www.notibras.com\/site\/#organization"},"potentialAction":[{"@type":"SearchAction","target":{"@type":"EntryPoint","urlTemplate":"https:\/\/www.notibras.com\/site\/?s={search_term_string}"},"query-input":{"@type":"PropertyValueSpecification","valueRequired":true,"valueName":"search_term_string"}}],"inLanguage":"pt-BR"},{"@type":"Organization","@id":"https:\/\/www.notibras.com\/site\/#organization","name":"Grupo Notibras de Comunica\u00e7\u00e3o","url":"https:\/\/www.notibras.com\/site\/","logo":{"@type":"ImageObject","inLanguage":"pt-BR","@id":"https:\/\/www.notibras.com\/site\/#\/schema\/logo\/image\/","url":"https:\/\/www.notibras.com\/site\/wp-content\/uploads\/2023\/01\/notibras23.png","contentUrl":"https:\/\/www.notibras.com\/site\/wp-content\/uploads\/2023\/01\/notibras23.png","width":350,"height":87,"caption":"Grupo Notibras de Comunica\u00e7\u00e3o"},"image":{"@id":"https:\/\/www.notibras.com\/site\/#\/schema\/logo\/image\/"},"sameAs":["https:\/\/www.facebook.com\/notibras\/","https:\/\/x.com\/Notibras","https:\/\/www.instagram.com\/notibras\/"]},{"@type":"Person","@id":"https:\/\/www.notibras.com\/site\/#\/schema\/person\/36ab0979449956132d3e5b517ea76ac8","name":"Reda\u00e7\u00e3o","image":{"@type":"ImageObject","inLanguage":"pt-BR","@id":"https:\/\/secure.gravatar.com\/avatar\/e0a867bdedb85fd243eadf09663511f96fc81e0720a4a42581f334ad4303aa6b?s=96&d=mm&r=g","url":"https:\/\/secure.gravatar.com\/avatar\/e0a867bdedb85fd243eadf09663511f96fc81e0720a4a42581f334ad4303aa6b?s=96&d=mm&r=g","contentUrl":"https:\/\/secure.gravatar.com\/avatar\/e0a867bdedb85fd243eadf09663511f96fc81e0720a4a42581f334ad4303aa6b?s=96&d=mm&r=g","caption":"Reda\u00e7\u00e3o"}}]}},"amp_enabled":true,"_links":{"self":[{"href":"https:\/\/www.notibras.com\/site\/wp-json\/wp\/v2\/posts\/22170","targetHints":{"allow":["GET"]}}],"collection":[{"href":"https:\/\/www.notibras.com\/site\/wp-json\/wp\/v2\/posts"}],"about":[{"href":"https:\/\/www.notibras.com\/site\/wp-json\/wp\/v2\/types\/post"}],"author":[{"embeddable":true,"href":"https:\/\/www.notibras.com\/site\/wp-json\/wp\/v2\/users\/2"}],"replies":[{"embeddable":true,"href":"https:\/\/www.notibras.com\/site\/wp-json\/wp\/v2\/comments?post=22170"}],"version-history":[{"count":0,"href":"https:\/\/www.notibras.com\/site\/wp-json\/wp\/v2\/posts\/22170\/revisions"}],"wp:featuredmedia":[{"embeddable":true,"href":"https:\/\/www.notibras.com\/site\/wp-json\/wp\/v2\/media\/22171"}],"wp:attachment":[{"href":"https:\/\/www.notibras.com\/site\/wp-json\/wp\/v2\/media?parent=22170"}],"wp:term":[{"taxonomy":"category","embeddable":true,"href":"https:\/\/www.notibras.com\/site\/wp-json\/wp\/v2\/categories?post=22170"},{"taxonomy":"post_tag","embeddable":true,"href":"https:\/\/www.notibras.com\/site\/wp-json\/wp\/v2\/tags?post=22170"}],"curies":[{"name":"wp","href":"https:\/\/api.w.org\/{rel}","templated":true}]}}