{"id":2220,"date":"2014-02-19T19:26:37","date_gmt":"2014-02-19T22:26:37","guid":{"rendered":"http:\/\/www.notibras.com\/site\/?p=2220"},"modified":"2014-02-20T00:28:46","modified_gmt":"2014-02-20T03:28:46","slug":"acao-de-justiceiros-pode-virar-epidemia-diz-antropologa","status":"publish","type":"post","link":"https:\/\/www.notibras.com\/site\/acao-de-justiceiros-pode-virar-epidemia-diz-antropologa\/","title":{"rendered":"A\u00e7\u00e3o de justiceiros pode virar uma epidemia em todo o Brasil, avalia antrop\u00f3loga"},"content":{"rendered":"<p>As cenas de justi\u00e7amentos de suspeitos de crimes, feitos pela pr\u00f3pria popula\u00e7\u00e3o, podem se tornar uma epidemia no Pa\u00eds, se n\u00e3o forem tomadas medidas urgentes. A opini\u00e3o \u00e9 da ativista dos direitos humanos Yvonne Bezerra de Melo, que recentemente ficou em evid\u00eancia ao proteger um jovem negro que havia sido preso por uma tranca de bicicleta a um poste, no\u00a0 Flamengo, zona sul do Rio. Ela participou na noite desta quarta-feira\u00a0do programa 3 a 1, apresentado pelo jornalista Florestan Fernandes J\u00fanior, na TV Brasil.<\/p>\n<p>&#8220;O Pa\u00eds est\u00e1 vivendo esta epidemia porque a popula\u00e7\u00e3o se deu conta, de repente, que n\u00f3s n\u00e3o temos seguran\u00e7a. E n\u00f3s n\u00e3o temos ningu\u00e9m para nos proteger. Quando isso acontece, que voc\u00ea tem uma pol\u00edcia que n\u00e3o responde aos anseios da sociedade, que n\u00e3o funciona e deixa tudo acontecer, as pessoas pensam: se ela n\u00e3o funciona, funciono eu. Isso \u00e9 perigos\u00edssimo. \u00c9 pr\u00e9-guerra civil&#8221;, advertiu Yvonne, que se projetou nacionalmente em 1993, ap\u00f3s atuar na chacina da Candel\u00e1ria, quando oito jovens foram assassinados por policiais militares, no centro do Rio de Janeiro.<\/p>\n<p>A antrop\u00f3loga\u00a0especializada em pesquisas da viol\u00eancia\u00a0Jacqueline Muniz\u00a0tamb\u00e9m participou do programa e destacou que os fen\u00f4menos de justi\u00e7amento n\u00e3o s\u00e3o novos, mas agora t\u00eam maior visibilidade, por causa das redes sociais e da facilidade em se produzir imagens. Ela lembrou dos esquadr\u00f5es da morte, que atuavam na \u00e9poca da ditadura militar, fazendo justi\u00e7a pelas pr\u00f3prias m\u00e3os. &#8220;Essa percep\u00e7\u00e3o generalizada de inseguran\u00e7a vem em ondas. As pessoas t\u00eam apetite por Justi\u00e7a aqui e agora. Mas o salvador de hoje pode virar o tirano de amanh\u00e3, e vai come\u00e7ar a cobrar por seguran\u00e7a do territ\u00f3rio&#8221;, disse Jacqueline.<\/p>\n","protected":false},"excerpt":{"rendered":"<p>As cenas de justi\u00e7amentos de suspeitos de crimes, feitos pela pr\u00f3pria popula\u00e7\u00e3o, podem se tornar uma epidemia no Pa\u00eds, se n\u00e3o forem tomadas medidas urgentes. A opini\u00e3o \u00e9 da ativista dos direitos humanos Yvonne Bezerra de Melo, que recentemente ficou em evid\u00eancia ao proteger um jovem negro que havia sido preso por uma tranca de [&hellip;]<\/p>\n","protected":false},"author":2,"featured_media":2221,"comment_status":"open","ping_status":"closed","sticky":false,"template":"","format":"standard","meta":{"_acf_changed":false,"footnotes":""},"categories":[16],"tags":[],"class_list":["post-2220","post","type-post","status-publish","format-standard","has-post-thumbnail","hentry","category-brasil"],"acf":[],"yoast_head":"<!-- This site is optimized with the Yoast SEO plugin v27.2 - https:\/\/yoast.com\/product\/yoast-seo-wordpress\/ -->\n<title>A\u00e7\u00e3o de justiceiros pode virar uma epidemia em todo o Brasil, avalia antrop\u00f3loga - Notibras<\/title>\n<meta name=\"robots\" content=\"index, follow, max-snippet:-1, max-image-preview:large, max-video-preview:-1\" \/>\n<link rel=\"canonical\" href=\"https:\/\/www.notibras.com\/site\/acao-de-justiceiros-pode-virar-epidemia-diz-antropologa\/\" \/>\n<meta property=\"og:locale\" content=\"pt_BR\" \/>\n<meta property=\"og:type\" content=\"article\" \/>\n<meta property=\"og:title\" content=\"A\u00e7\u00e3o de justiceiros pode virar uma epidemia em todo o Brasil, avalia antrop\u00f3loga - Notibras\" \/>\n<meta property=\"og:description\" content=\"As cenas de justi\u00e7amentos de suspeitos de crimes, feitos pela pr\u00f3pria popula\u00e7\u00e3o, podem se tornar uma epidemia no Pa\u00eds, se n\u00e3o forem tomadas medidas urgentes. A opini\u00e3o \u00e9 da ativista dos direitos humanos Yvonne Bezerra de Melo, que recentemente ficou em evid\u00eancia ao proteger um jovem negro que havia sido preso por uma tranca de [&hellip;]\" \/>\n<meta property=\"og:url\" content=\"https:\/\/www.notibras.com\/site\/acao-de-justiceiros-pode-virar-epidemia-diz-antropologa\/\" \/>\n<meta property=\"og:site_name\" content=\"Notibras\" \/>\n<meta property=\"article:publisher\" content=\"https:\/\/www.facebook.com\/notibras\/\" \/>\n<meta property=\"article:published_time\" content=\"2014-02-19T22:26:37+00:00\" \/>\n<meta property=\"article:modified_time\" content=\"2014-02-20T03:28:46+00:00\" \/>\n<meta property=\"og:image\" content=\"https:\/\/www.notibras.com\/site\/wp-content\/uploads\/2014\/02\/br113.jpg\" \/>\n\t<meta property=\"og:image:width\" content=\"619\" \/>\n\t<meta property=\"og:image:height\" content=\"464\" \/>\n\t<meta property=\"og:image:type\" content=\"image\/jpeg\" \/>\n<meta name=\"author\" content=\"Reda\u00e7\u00e3o\" \/>\n<meta name=\"twitter:card\" content=\"summary_large_image\" \/>\n<meta name=\"twitter:creator\" content=\"@Notibras\" \/>\n<meta name=\"twitter:site\" content=\"@Notibras\" \/>\n<meta name=\"twitter:label1\" content=\"Escrito por\" \/>\n\t<meta name=\"twitter:data1\" content=\"Reda\u00e7\u00e3o\" \/>\n\t<meta name=\"twitter:label2\" content=\"Est. tempo de leitura\" \/>\n\t<meta name=\"twitter:data2\" content=\"2 minutos\" \/>\n<script type=\"application\/ld+json\" class=\"yoast-schema-graph\">{\"@context\":\"https:\/\/schema.org\",\"@graph\":[{\"@type\":\"Article\",\"@id\":\"https:\/\/www.notibras.com\/site\/acao-de-justiceiros-pode-virar-epidemia-diz-antropologa\/#article\",\"isPartOf\":{\"@id\":\"https:\/\/www.notibras.com\/site\/acao-de-justiceiros-pode-virar-epidemia-diz-antropologa\/\"},\"author\":{\"name\":\"Reda\u00e7\u00e3o\",\"@id\":\"https:\/\/www.notibras.com\/site\/#\/schema\/person\/36ab0979449956132d3e5b517ea76ac8\"},\"headline\":\"A\u00e7\u00e3o de justiceiros pode virar uma epidemia em todo o Brasil, avalia antrop\u00f3loga\",\"datePublished\":\"2014-02-19T22:26:37+00:00\",\"dateModified\":\"2014-02-20T03:28:46+00:00\",\"mainEntityOfPage\":{\"@id\":\"https:\/\/www.notibras.com\/site\/acao-de-justiceiros-pode-virar-epidemia-diz-antropologa\/\"},\"wordCount\":326,\"commentCount\":0,\"publisher\":{\"@id\":\"https:\/\/www.notibras.com\/site\/#organization\"},\"image\":{\"@id\":\"https:\/\/www.notibras.com\/site\/acao-de-justiceiros-pode-virar-epidemia-diz-antropologa\/#primaryimage\"},\"thumbnailUrl\":\"https:\/\/www.notibras.com\/site\/wp-content\/uploads\/2014\/02\/br113.jpg\",\"articleSection\":[\"Brasil\"],\"inLanguage\":\"pt-BR\",\"potentialAction\":[{\"@type\":\"CommentAction\",\"name\":\"Comment\",\"target\":[\"https:\/\/www.notibras.com\/site\/acao-de-justiceiros-pode-virar-epidemia-diz-antropologa\/#respond\"]}]},{\"@type\":\"WebPage\",\"@id\":\"https:\/\/www.notibras.com\/site\/acao-de-justiceiros-pode-virar-epidemia-diz-antropologa\/\",\"url\":\"https:\/\/www.notibras.com\/site\/acao-de-justiceiros-pode-virar-epidemia-diz-antropologa\/\",\"name\":\"A\u00e7\u00e3o de justiceiros pode virar uma epidemia em todo o Brasil, avalia antrop\u00f3loga - Notibras\",\"isPartOf\":{\"@id\":\"https:\/\/www.notibras.com\/site\/#website\"},\"primaryImageOfPage\":{\"@id\":\"https:\/\/www.notibras.com\/site\/acao-de-justiceiros-pode-virar-epidemia-diz-antropologa\/#primaryimage\"},\"image\":{\"@id\":\"https:\/\/www.notibras.com\/site\/acao-de-justiceiros-pode-virar-epidemia-diz-antropologa\/#primaryimage\"},\"thumbnailUrl\":\"https:\/\/www.notibras.com\/site\/wp-content\/uploads\/2014\/02\/br113.jpg\",\"datePublished\":\"2014-02-19T22:26:37+00:00\",\"dateModified\":\"2014-02-20T03:28:46+00:00\",\"breadcrumb\":{\"@id\":\"https:\/\/www.notibras.com\/site\/acao-de-justiceiros-pode-virar-epidemia-diz-antropologa\/#breadcrumb\"},\"inLanguage\":\"pt-BR\",\"potentialAction\":[{\"@type\":\"ReadAction\",\"target\":[\"https:\/\/www.notibras.com\/site\/acao-de-justiceiros-pode-virar-epidemia-diz-antropologa\/\"]}]},{\"@type\":\"ImageObject\",\"inLanguage\":\"pt-BR\",\"@id\":\"https:\/\/www.notibras.com\/site\/acao-de-justiceiros-pode-virar-epidemia-diz-antropologa\/#primaryimage\",\"url\":\"https:\/\/www.notibras.com\/site\/wp-content\/uploads\/2014\/02\/br113.jpg\",\"contentUrl\":\"https:\/\/www.notibras.com\/site\/wp-content\/uploads\/2014\/02\/br113.jpg\",\"width\":619,\"height\":464},{\"@type\":\"BreadcrumbList\",\"@id\":\"https:\/\/www.notibras.com\/site\/acao-de-justiceiros-pode-virar-epidemia-diz-antropologa\/#breadcrumb\",\"itemListElement\":[{\"@type\":\"ListItem\",\"position\":1,\"name\":\"In\u00edcio\",\"item\":\"https:\/\/www.notibras.com\/site\/\"},{\"@type\":\"ListItem\",\"position\":2,\"name\":\"A\u00e7\u00e3o de justiceiros pode virar uma epidemia em todo o Brasil, avalia antrop\u00f3loga\"}]},{\"@type\":\"WebSite\",\"@id\":\"https:\/\/www.notibras.com\/site\/#website\",\"url\":\"https:\/\/www.notibras.com\/site\/\",\"name\":\"Notibras\",\"description\":\"Not\u00edcias de Bras\u00edlia, do Brasil e do Mundo\",\"publisher\":{\"@id\":\"https:\/\/www.notibras.com\/site\/#organization\"},\"potentialAction\":[{\"@type\":\"SearchAction\",\"target\":{\"@type\":\"EntryPoint\",\"urlTemplate\":\"https:\/\/www.notibras.com\/site\/?s={search_term_string}\"},\"query-input\":{\"@type\":\"PropertyValueSpecification\",\"valueRequired\":true,\"valueName\":\"search_term_string\"}}],\"inLanguage\":\"pt-BR\"},{\"@type\":\"Organization\",\"@id\":\"https:\/\/www.notibras.com\/site\/#organization\",\"name\":\"Grupo Notibras de Comunica\u00e7\u00e3o\",\"url\":\"https:\/\/www.notibras.com\/site\/\",\"logo\":{\"@type\":\"ImageObject\",\"inLanguage\":\"pt-BR\",\"@id\":\"https:\/\/www.notibras.com\/site\/#\/schema\/logo\/image\/\",\"url\":\"https:\/\/www.notibras.com\/site\/wp-content\/uploads\/2023\/01\/notibras23.png\",\"contentUrl\":\"https:\/\/www.notibras.com\/site\/wp-content\/uploads\/2023\/01\/notibras23.png\",\"width\":350,\"height\":87,\"caption\":\"Grupo Notibras de Comunica\u00e7\u00e3o\"},\"image\":{\"@id\":\"https:\/\/www.notibras.com\/site\/#\/schema\/logo\/image\/\"},\"sameAs\":[\"https:\/\/www.facebook.com\/notibras\/\",\"https:\/\/x.com\/Notibras\",\"https:\/\/www.instagram.com\/notibras\/\"]},{\"@type\":\"Person\",\"@id\":\"https:\/\/www.notibras.com\/site\/#\/schema\/person\/36ab0979449956132d3e5b517ea76ac8\",\"name\":\"Reda\u00e7\u00e3o\",\"image\":{\"@type\":\"ImageObject\",\"inLanguage\":\"pt-BR\",\"@id\":\"https:\/\/secure.gravatar.com\/avatar\/e0a867bdedb85fd243eadf09663511f96fc81e0720a4a42581f334ad4303aa6b?s=96&d=mm&r=g\",\"url\":\"https:\/\/secure.gravatar.com\/avatar\/e0a867bdedb85fd243eadf09663511f96fc81e0720a4a42581f334ad4303aa6b?s=96&d=mm&r=g\",\"contentUrl\":\"https:\/\/secure.gravatar.com\/avatar\/e0a867bdedb85fd243eadf09663511f96fc81e0720a4a42581f334ad4303aa6b?s=96&d=mm&r=g\",\"caption\":\"Reda\u00e7\u00e3o\"}}]}<\/script>\n<!-- \/ Yoast SEO plugin. -->","yoast_head_json":{"title":"A\u00e7\u00e3o de justiceiros pode virar uma epidemia em todo o Brasil, avalia antrop\u00f3loga - Notibras","robots":{"index":"index","follow":"follow","max-snippet":"max-snippet:-1","max-image-preview":"max-image-preview:large","max-video-preview":"max-video-preview:-1"},"canonical":"https:\/\/www.notibras.com\/site\/acao-de-justiceiros-pode-virar-epidemia-diz-antropologa\/","og_locale":"pt_BR","og_type":"article","og_title":"A\u00e7\u00e3o de justiceiros pode virar uma epidemia em todo o Brasil, avalia antrop\u00f3loga - Notibras","og_description":"As cenas de justi\u00e7amentos de suspeitos de crimes, feitos pela pr\u00f3pria popula\u00e7\u00e3o, podem se tornar uma epidemia no Pa\u00eds, se n\u00e3o forem tomadas medidas urgentes. A opini\u00e3o \u00e9 da ativista dos direitos humanos Yvonne Bezerra de Melo, que recentemente ficou em evid\u00eancia ao proteger um jovem negro que havia sido preso por uma tranca de [&hellip;]","og_url":"https:\/\/www.notibras.com\/site\/acao-de-justiceiros-pode-virar-epidemia-diz-antropologa\/","og_site_name":"Notibras","article_publisher":"https:\/\/www.facebook.com\/notibras\/","article_published_time":"2014-02-19T22:26:37+00:00","article_modified_time":"2014-02-20T03:28:46+00:00","og_image":[{"width":619,"height":464,"url":"https:\/\/www.notibras.com\/site\/wp-content\/uploads\/2014\/02\/br113.jpg","type":"image\/jpeg"}],"author":"Reda\u00e7\u00e3o","twitter_card":"summary_large_image","twitter_creator":"@Notibras","twitter_site":"@Notibras","twitter_misc":{"Escrito por":"Reda\u00e7\u00e3o","Est. tempo de leitura":"2 minutos"},"schema":{"@context":"https:\/\/schema.org","@graph":[{"@type":"Article","@id":"https:\/\/www.notibras.com\/site\/acao-de-justiceiros-pode-virar-epidemia-diz-antropologa\/#article","isPartOf":{"@id":"https:\/\/www.notibras.com\/site\/acao-de-justiceiros-pode-virar-epidemia-diz-antropologa\/"},"author":{"name":"Reda\u00e7\u00e3o","@id":"https:\/\/www.notibras.com\/site\/#\/schema\/person\/36ab0979449956132d3e5b517ea76ac8"},"headline":"A\u00e7\u00e3o de justiceiros pode virar uma epidemia em todo o Brasil, avalia antrop\u00f3loga","datePublished":"2014-02-19T22:26:37+00:00","dateModified":"2014-02-20T03:28:46+00:00","mainEntityOfPage":{"@id":"https:\/\/www.notibras.com\/site\/acao-de-justiceiros-pode-virar-epidemia-diz-antropologa\/"},"wordCount":326,"commentCount":0,"publisher":{"@id":"https:\/\/www.notibras.com\/site\/#organization"},"image":{"@id":"https:\/\/www.notibras.com\/site\/acao-de-justiceiros-pode-virar-epidemia-diz-antropologa\/#primaryimage"},"thumbnailUrl":"https:\/\/www.notibras.com\/site\/wp-content\/uploads\/2014\/02\/br113.jpg","articleSection":["Brasil"],"inLanguage":"pt-BR","potentialAction":[{"@type":"CommentAction","name":"Comment","target":["https:\/\/www.notibras.com\/site\/acao-de-justiceiros-pode-virar-epidemia-diz-antropologa\/#respond"]}]},{"@type":"WebPage","@id":"https:\/\/www.notibras.com\/site\/acao-de-justiceiros-pode-virar-epidemia-diz-antropologa\/","url":"https:\/\/www.notibras.com\/site\/acao-de-justiceiros-pode-virar-epidemia-diz-antropologa\/","name":"A\u00e7\u00e3o de justiceiros pode virar uma epidemia em todo o Brasil, avalia antrop\u00f3loga - Notibras","isPartOf":{"@id":"https:\/\/www.notibras.com\/site\/#website"},"primaryImageOfPage":{"@id":"https:\/\/www.notibras.com\/site\/acao-de-justiceiros-pode-virar-epidemia-diz-antropologa\/#primaryimage"},"image":{"@id":"https:\/\/www.notibras.com\/site\/acao-de-justiceiros-pode-virar-epidemia-diz-antropologa\/#primaryimage"},"thumbnailUrl":"https:\/\/www.notibras.com\/site\/wp-content\/uploads\/2014\/02\/br113.jpg","datePublished":"2014-02-19T22:26:37+00:00","dateModified":"2014-02-20T03:28:46+00:00","breadcrumb":{"@id":"https:\/\/www.notibras.com\/site\/acao-de-justiceiros-pode-virar-epidemia-diz-antropologa\/#breadcrumb"},"inLanguage":"pt-BR","potentialAction":[{"@type":"ReadAction","target":["https:\/\/www.notibras.com\/site\/acao-de-justiceiros-pode-virar-epidemia-diz-antropologa\/"]}]},{"@type":"ImageObject","inLanguage":"pt-BR","@id":"https:\/\/www.notibras.com\/site\/acao-de-justiceiros-pode-virar-epidemia-diz-antropologa\/#primaryimage","url":"https:\/\/www.notibras.com\/site\/wp-content\/uploads\/2014\/02\/br113.jpg","contentUrl":"https:\/\/www.notibras.com\/site\/wp-content\/uploads\/2014\/02\/br113.jpg","width":619,"height":464},{"@type":"BreadcrumbList","@id":"https:\/\/www.notibras.com\/site\/acao-de-justiceiros-pode-virar-epidemia-diz-antropologa\/#breadcrumb","itemListElement":[{"@type":"ListItem","position":1,"name":"In\u00edcio","item":"https:\/\/www.notibras.com\/site\/"},{"@type":"ListItem","position":2,"name":"A\u00e7\u00e3o de justiceiros pode virar uma epidemia em todo o Brasil, avalia antrop\u00f3loga"}]},{"@type":"WebSite","@id":"https:\/\/www.notibras.com\/site\/#website","url":"https:\/\/www.notibras.com\/site\/","name":"Notibras","description":"Not\u00edcias de Bras\u00edlia, do Brasil e do Mundo","publisher":{"@id":"https:\/\/www.notibras.com\/site\/#organization"},"potentialAction":[{"@type":"SearchAction","target":{"@type":"EntryPoint","urlTemplate":"https:\/\/www.notibras.com\/site\/?s={search_term_string}"},"query-input":{"@type":"PropertyValueSpecification","valueRequired":true,"valueName":"search_term_string"}}],"inLanguage":"pt-BR"},{"@type":"Organization","@id":"https:\/\/www.notibras.com\/site\/#organization","name":"Grupo Notibras de Comunica\u00e7\u00e3o","url":"https:\/\/www.notibras.com\/site\/","logo":{"@type":"ImageObject","inLanguage":"pt-BR","@id":"https:\/\/www.notibras.com\/site\/#\/schema\/logo\/image\/","url":"https:\/\/www.notibras.com\/site\/wp-content\/uploads\/2023\/01\/notibras23.png","contentUrl":"https:\/\/www.notibras.com\/site\/wp-content\/uploads\/2023\/01\/notibras23.png","width":350,"height":87,"caption":"Grupo Notibras de Comunica\u00e7\u00e3o"},"image":{"@id":"https:\/\/www.notibras.com\/site\/#\/schema\/logo\/image\/"},"sameAs":["https:\/\/www.facebook.com\/notibras\/","https:\/\/x.com\/Notibras","https:\/\/www.instagram.com\/notibras\/"]},{"@type":"Person","@id":"https:\/\/www.notibras.com\/site\/#\/schema\/person\/36ab0979449956132d3e5b517ea76ac8","name":"Reda\u00e7\u00e3o","image":{"@type":"ImageObject","inLanguage":"pt-BR","@id":"https:\/\/secure.gravatar.com\/avatar\/e0a867bdedb85fd243eadf09663511f96fc81e0720a4a42581f334ad4303aa6b?s=96&d=mm&r=g","url":"https:\/\/secure.gravatar.com\/avatar\/e0a867bdedb85fd243eadf09663511f96fc81e0720a4a42581f334ad4303aa6b?s=96&d=mm&r=g","contentUrl":"https:\/\/secure.gravatar.com\/avatar\/e0a867bdedb85fd243eadf09663511f96fc81e0720a4a42581f334ad4303aa6b?s=96&d=mm&r=g","caption":"Reda\u00e7\u00e3o"}}]}},"amp_enabled":true,"_links":{"self":[{"href":"https:\/\/www.notibras.com\/site\/wp-json\/wp\/v2\/posts\/2220","targetHints":{"allow":["GET"]}}],"collection":[{"href":"https:\/\/www.notibras.com\/site\/wp-json\/wp\/v2\/posts"}],"about":[{"href":"https:\/\/www.notibras.com\/site\/wp-json\/wp\/v2\/types\/post"}],"author":[{"embeddable":true,"href":"https:\/\/www.notibras.com\/site\/wp-json\/wp\/v2\/users\/2"}],"replies":[{"embeddable":true,"href":"https:\/\/www.notibras.com\/site\/wp-json\/wp\/v2\/comments?post=2220"}],"version-history":[{"count":0,"href":"https:\/\/www.notibras.com\/site\/wp-json\/wp\/v2\/posts\/2220\/revisions"}],"wp:featuredmedia":[{"embeddable":true,"href":"https:\/\/www.notibras.com\/site\/wp-json\/wp\/v2\/media\/2221"}],"wp:attachment":[{"href":"https:\/\/www.notibras.com\/site\/wp-json\/wp\/v2\/media?parent=2220"}],"wp:term":[{"taxonomy":"category","embeddable":true,"href":"https:\/\/www.notibras.com\/site\/wp-json\/wp\/v2\/categories?post=2220"},{"taxonomy":"post_tag","embeddable":true,"href":"https:\/\/www.notibras.com\/site\/wp-json\/wp\/v2\/tags?post=2220"}],"curies":[{"name":"wp","href":"https:\/\/api.w.org\/{rel}","templated":true}]}}