{"id":22209,"date":"2014-09-14T15:54:35","date_gmt":"2014-09-14T18:54:35","guid":{"rendered":"http:\/\/www.notibras.com\/site\/?p=22209"},"modified":"2014-09-14T15:54:35","modified_gmt":"2014-09-14T18:54:35","slug":"tom-politico-marca-a-missa-de-30-dias-da-morte-de-eduardo-campos","status":"publish","type":"post","link":"https:\/\/www.notibras.com\/site\/tom-politico-marca-a-missa-de-30-dias-da-morte-de-eduardo-campos\/","title":{"rendered":"Tom pol\u00edtico marca a missa de 30 dias da morte de Eduardo Campos"},"content":{"rendered":"<p>O tom pol\u00edtico foi a \u00eanfase da missa de 30\u00ba dia do ex-governador de Pernambuco Eduardo Campos, falecido em um acidente a\u00e9reo na cidade de Santos, no litoral de S\u00e3o Paulo. A ex-primeira-dama Renata Campos foi acompanhada por todos os cinco filhos do casal; pela m\u00e3e de Eduardo, Ana Arraes; e pelo irm\u00e3o do ex-governador, Ant\u00f4nio Campos.<\/p>\n<p>Todos vestiam branco, cor que Campos vestia em disputas pol\u00edticas. A cerim\u00f4nia aconteceu na Igreja Matriz de Casa Forte, na Zona Norte do Recife.<\/p>\n<p>Dentre as principais figuras pol\u00edticas, marcaram presen\u00e7a o prefeito do Recife, Geraldo Julio; o candidato a governador Paulo C\u00e2mara; e o governador Jo\u00e3o Lyra Neto, que chegou com 40 minutos de atraso. C\u00e2mara passou toda a missa ao lado do deputado federal Mendon\u00e7a Filho (DEM), que concorreu com Eduardo nas elei\u00e7\u00f5es de 2006.<\/p>\n<p>O tom pol\u00edtico, por\u00e9m, ficou por parte dos sacerdotes que celebraram a missa: o bispo em\u00e9rito de Palmares, Dom Genival, e o p\u00e1roco de Casa Forte, o padre Edwaldo Gomes. A igreja estava lotada; inclusive com integrantes do Governo de Pernambuco e da Prefeitura do Recife.<\/p>\n<blockquote><p>\u201cA morte aconteceu em pleno processo eleitoral. As causas do acidente, ainda n\u00e3o totalmente esclarecidas ou divulgadas, interromperam sua carreira pol\u00edtica\u201d, afirmou Dom Genival, que falou sobre a import\u00e2ncia do \u201chomem p\u00fablico\u201d na homilia.<\/p><\/blockquote>\n<p>J\u00e1 o padre Edwaldo falou ao final da missa e criticou a compra de votos e a omiss\u00e3o pol\u00edtica. \u201cN\u00e3o botem l\u00e1 em cima quem n\u00e3o presta\u201d, pediu aos fi\u00e9is.<\/p>\n","protected":false},"excerpt":{"rendered":"<p>O tom pol\u00edtico foi a \u00eanfase da missa de 30\u00ba dia do ex-governador de Pernambuco Eduardo Campos, falecido em um acidente a\u00e9reo na cidade de Santos, no litoral de S\u00e3o Paulo. A ex-primeira-dama Renata Campos foi acompanhada por todos os cinco filhos do casal; pela m\u00e3e de Eduardo, Ana Arraes; e pelo irm\u00e3o do ex-governador, [&hellip;]<\/p>\n","protected":false},"author":2,"featured_media":22210,"comment_status":"open","ping_status":"closed","sticky":false,"template":"","format":"standard","meta":{"_acf_changed":false,"footnotes":""},"categories":[33],"tags":[],"class_list":["post-22209","post","type-post","status-publish","format-standard","has-post-thumbnail","hentry","category-eleicoes-2014"],"acf":[],"_links":{"self":[{"href":"https:\/\/www.notibras.com\/site\/wp-json\/wp\/v2\/posts\/22209","targetHints":{"allow":["GET"]}}],"collection":[{"href":"https:\/\/www.notibras.com\/site\/wp-json\/wp\/v2\/posts"}],"about":[{"href":"https:\/\/www.notibras.com\/site\/wp-json\/wp\/v2\/types\/post"}],"author":[{"embeddable":true,"href":"https:\/\/www.notibras.com\/site\/wp-json\/wp\/v2\/users\/2"}],"replies":[{"embeddable":true,"href":"https:\/\/www.notibras.com\/site\/wp-json\/wp\/v2\/comments?post=22209"}],"version-history":[{"count":0,"href":"https:\/\/www.notibras.com\/site\/wp-json\/wp\/v2\/posts\/22209\/revisions"}],"wp:featuredmedia":[{"embeddable":true,"href":"https:\/\/www.notibras.com\/site\/wp-json\/wp\/v2\/media\/22210"}],"wp:attachment":[{"href":"https:\/\/www.notibras.com\/site\/wp-json\/wp\/v2\/media?parent=22209"}],"wp:term":[{"taxonomy":"category","embeddable":true,"href":"https:\/\/www.notibras.com\/site\/wp-json\/wp\/v2\/categories?post=22209"},{"taxonomy":"post_tag","embeddable":true,"href":"https:\/\/www.notibras.com\/site\/wp-json\/wp\/v2\/tags?post=22209"}],"curies":[{"name":"wp","href":"https:\/\/api.w.org\/{rel}","templated":true}]}}