{"id":22212,"date":"2014-09-14T16:01:17","date_gmt":"2014-09-14T19:01:17","guid":{"rendered":"http:\/\/www.notibras.com\/site\/?p=22212"},"modified":"2014-09-14T16:02:07","modified_gmt":"2014-09-14T19:02:07","slug":"tucano-joga-capoeira-com-ronaldo-e-critica-politica-de-ocupacao-de-favelas","status":"publish","type":"post","link":"https:\/\/www.notibras.com\/site\/tucano-joga-capoeira-com-ronaldo-e-critica-politica-de-ocupacao-de-favelas\/","title":{"rendered":"Tucano joga capoeira com Ronaldo e critica pol\u00edtica de ocupar favelas"},"content":{"rendered":"<p>A\u00e9cio Neves esteve na manh\u00e3 deste domingo, dia 14, na sede da Central \u00danica das Favelas (CUFA), em Madureira, no Rio de Janeiro, para prestigiar o lan\u00e7amento do livro &#8220;Um Pa\u00eds Chamado Favela&#8221;.<\/p>\n<p>A obra \u00e9 assinada por Renato Meirelles, presidente do instituto de pesquisas Data Popular, e e Celso Athayde, criador da CUFA.<\/p>\n<p>O livro tra\u00e7a a radiografia de 63 favelas brasileiras a partir de visitas e entrevistas com 2 mil moradores.<\/p>\n<p>O candidato \u00e0 Presid\u00eancia da Rep\u00fablica pelo PSDB chegou ao local acompanhado de Ronaldo Fen\u00f4meno, com quem assistiu \u00e0 uma apresenta\u00e7\u00e3o de dan\u00e7a e ensaiou alguns passos de capoeira.<\/p>\n<p>A\u00e9cio fez cr\u00edticas duras \u00e0 pol\u00edtica de ocupa\u00e7\u00e3o das favelas, dizendo que falta sensibilidade ao governo para tratar do assunto.<\/p>\n<p>&#8220;Eu e A\u00e9cio Neves acreditamos na criatividade da favela para mudar o Brasil&#8221;, escreveu o ex-jogador em seu perfil no Twitter.<\/p>\n","protected":false},"excerpt":{"rendered":"<p>A\u00e9cio Neves esteve na manh\u00e3 deste domingo, dia 14, na sede da Central \u00danica das Favelas (CUFA), em Madureira, no Rio de Janeiro, para prestigiar o lan\u00e7amento do livro &#8220;Um Pa\u00eds Chamado Favela&#8221;. A obra \u00e9 assinada por Renato Meirelles, presidente do instituto de pesquisas Data Popular, e e Celso Athayde, criador da CUFA. O [&hellip;]<\/p>\n","protected":false},"author":2,"featured_media":22213,"comment_status":"open","ping_status":"closed","sticky":false,"template":"","format":"standard","meta":{"_acf_changed":false,"footnotes":""},"categories":[33],"tags":[],"class_list":["post-22212","post","type-post","status-publish","format-standard","has-post-thumbnail","hentry","category-eleicoes-2014"],"acf":[],"_links":{"self":[{"href":"https:\/\/www.notibras.com\/site\/wp-json\/wp\/v2\/posts\/22212","targetHints":{"allow":["GET"]}}],"collection":[{"href":"https:\/\/www.notibras.com\/site\/wp-json\/wp\/v2\/posts"}],"about":[{"href":"https:\/\/www.notibras.com\/site\/wp-json\/wp\/v2\/types\/post"}],"author":[{"embeddable":true,"href":"https:\/\/www.notibras.com\/site\/wp-json\/wp\/v2\/users\/2"}],"replies":[{"embeddable":true,"href":"https:\/\/www.notibras.com\/site\/wp-json\/wp\/v2\/comments?post=22212"}],"version-history":[{"count":0,"href":"https:\/\/www.notibras.com\/site\/wp-json\/wp\/v2\/posts\/22212\/revisions"}],"wp:featuredmedia":[{"embeddable":true,"href":"https:\/\/www.notibras.com\/site\/wp-json\/wp\/v2\/media\/22213"}],"wp:attachment":[{"href":"https:\/\/www.notibras.com\/site\/wp-json\/wp\/v2\/media?parent=22212"}],"wp:term":[{"taxonomy":"category","embeddable":true,"href":"https:\/\/www.notibras.com\/site\/wp-json\/wp\/v2\/categories?post=22212"},{"taxonomy":"post_tag","embeddable":true,"href":"https:\/\/www.notibras.com\/site\/wp-json\/wp\/v2\/tags?post=22212"}],"curies":[{"name":"wp","href":"https:\/\/api.w.org\/{rel}","templated":true}]}}