{"id":22227,"date":"2014-09-14T17:05:58","date_gmt":"2014-09-14T20:05:58","guid":{"rendered":"http:\/\/www.notibras.com\/site\/?p=22227"},"modified":"2014-09-14T18:16:16","modified_gmt":"2014-09-14T21:16:16","slug":"inter-supera-botafogo-por-2x0-enterra-crise-e-volta-ao-g-4","status":"publish","type":"post","link":"https:\/\/www.notibras.com\/site\/inter-supera-botafogo-por-2x0-enterra-crise-e-volta-ao-g-4\/","title":{"rendered":"Inter supera Botafogo por 2&#215;0, enterra crise e volta ao G-4"},"content":{"rendered":"<p>O Internacional espantou a crise. Neste domingo, o time vermelho contou com um gola\u00e7o e uma assist\u00eancia de Alex para vencer Botafogo por 2 a 0 pela segunda rodada do returno do Brasileir\u00e3o, no Beira-Rio. Assim, assegurou a perman\u00eancia de Abel Braga e retomou posto no G-4 que havia sido perdido no dia anterior.<\/p>\n<p>O Colorado rompeu s\u00e9rie negativa de tr\u00eas jogos em casa. Venceu, chegou a 37 pontos e acalmou a torcida que realizou dois protestos na semana passada. Enquanto isso, o Botafogo segue beirando a zona de rebaixamento com 22 pontos.<\/p>\n<p>O gol do Inter que abriu o placar ocorreu aos 40 do primeiro tempo. Alex recebeu de D&#8217;Alessandro fora da \u00e1rea e bateu forte de p\u00e9 esquerdo. A bola foi alta e Jefferson estava adiantado. Foi o primeiro do jogo. No segundo, o meia cobrou escanteio com perfei\u00e7\u00e3o para Eduardo Sasha colocar na rede.<\/p>\n<p>Na pr\u00f3xima rodada, o time vermelho pega o Sport, em Pernambuco, quarta-feira \u00e0s 21h. J\u00e1 o Botafogo ter\u00e1 pela frente o Bahia, em casa, no mesmo dia, \u00e0s 22h.<\/p>\n<blockquote><p>O Inter tentou colocar-se ofensivamente. Precisando do resultado e em casa, a equipe de Abel Braga adiantou as linhas e buscou\u00a0 pressionar. Mas n\u00e3o conseguiu. Pelo contr\u00e1rio, viu o Botafogo suportar qualquer investida e criar as melhores chances no princ\u00edpio. Utilizando espa\u00e7os deixados \u00e0s costas dos laterais Diogo e Alan Ruschel, o time carioca quase marcou com Wallyson, aos 20. Aos 25, Zeballos perdeu a segunda oportunidade e aos 27, Muriel defendeu evitando mais uma vez que o Borafogo abrisse o placar.<\/p><\/blockquote>\n<p>Percebendo o momento tenso, Abel Braga trocou ainda no primeiro tempo. Eduardo Sasha entrou na vaga de Jorge Henrique, lesionado. A desordem do Inter contrastava com a boa partida feita pelo Botafogo. O time carioca dificilmente foi acuado por a\u00e7\u00f5es do oponente.<\/p>\n<p>Mas quando era inferior no jogo, o Inter conseguiu abrir o placar. D&#8217;Alessandro rolou para Alex ainda fora da \u00e1rea, o meia bateu forte de perna esquerda e contou com o goleiro Jefferson adiantado para marcar 1 a 0 aos 40 minutos da etapa inicial. A vit\u00f3ria parcial local levou todos para o intervalo.<\/p>\n<p>No segundo tempo, em vez de recuar o Inter se manteve com postura ofensiva. Aos 13 minutos, Eduardo Sasha fez o segundo. Em escanteio, o jovem marcou o gol. O time vermelho seguiu em cima. Aos 27, D&#8217;Alessandro quase fez o terceiro. Enquanto isso, o Botafogo, a partir da entrada de Tanque Ferreyra, passou a levantar bolas para \u00e1rea do oponente insistentemente.<\/p>\n<p>Aos 29 minutos, Yuri Mamute entrou pela esquerda e cruzou. Ferreyra chegaria para marcar, mas Alan Rushel impediu. A resposta foi aos 35 mitos. D&#8217;Alessandro driblou dois marcadores e, dentro da \u00e1rea chutou colocado mas acertou a trave. E com o Inter sempre perto de fazer o terceiro, o jogo foi encerrado.<\/p>\n","protected":false},"excerpt":{"rendered":"<p>O Internacional espantou a crise. Neste domingo, o time vermelho contou com um gola\u00e7o e uma assist\u00eancia de Alex para vencer Botafogo por 2 a 0 pela segunda rodada do returno do Brasileir\u00e3o, no Beira-Rio. Assim, assegurou a perman\u00eancia de Abel Braga e retomou posto no G-4 que havia sido perdido no dia anterior. O [&hellip;]<\/p>\n","protected":false},"author":2,"featured_media":22228,"comment_status":"open","ping_status":"closed","sticky":false,"template":"","format":"standard","meta":{"_acf_changed":false,"footnotes":""},"categories":[19,29],"tags":[],"class_list":["post-22227","post","type-post","status-publish","format-standard","has-post-thumbnail","hentry","category-esportes","category-futebol"],"acf":[],"yoast_head":"<!-- This site is optimized with the Yoast SEO plugin v27.2 - https:\/\/yoast.com\/product\/yoast-seo-wordpress\/ -->\n<title>Inter supera Botafogo por 2x0, enterra crise e volta ao G-4 - Notibras<\/title>\n<meta name=\"robots\" content=\"index, follow, max-snippet:-1, max-image-preview:large, max-video-preview:-1\" \/>\n<link rel=\"canonical\" href=\"https:\/\/www.notibras.com\/site\/inter-supera-botafogo-por-2x0-enterra-crise-e-volta-ao-g-4\/\" \/>\n<meta property=\"og:locale\" content=\"pt_BR\" \/>\n<meta property=\"og:type\" content=\"article\" \/>\n<meta property=\"og:title\" content=\"Inter supera Botafogo por 2x0, enterra crise e volta ao G-4 - Notibras\" \/>\n<meta property=\"og:description\" content=\"O Internacional espantou a crise. Neste domingo, o time vermelho contou com um gola\u00e7o e uma assist\u00eancia de Alex para vencer Botafogo por 2 a 0 pela segunda rodada do returno do Brasileir\u00e3o, no Beira-Rio. Assim, assegurou a perman\u00eancia de Abel Braga e retomou posto no G-4 que havia sido perdido no dia anterior. O [&hellip;]\" \/>\n<meta property=\"og:url\" content=\"https:\/\/www.notibras.com\/site\/inter-supera-botafogo-por-2x0-enterra-crise-e-volta-ao-g-4\/\" \/>\n<meta property=\"og:site_name\" content=\"Notibras\" \/>\n<meta property=\"article:publisher\" content=\"https:\/\/www.facebook.com\/notibras\/\" \/>\n<meta property=\"article:published_time\" content=\"2014-09-14T20:05:58+00:00\" \/>\n<meta property=\"article:modified_time\" content=\"2014-09-14T21:16:16+00:00\" \/>\n<meta property=\"og:image\" content=\"https:\/\/www.notibras.com\/site\/wp-content\/uploads\/2014\/09\/ale.jpg\" \/>\n\t<meta property=\"og:image:width\" content=\"700\" \/>\n\t<meta property=\"og:image:height\" content=\"518\" \/>\n\t<meta property=\"og:image:type\" content=\"image\/jpeg\" \/>\n<meta name=\"author\" content=\"Reda\u00e7\u00e3o\" \/>\n<meta name=\"twitter:card\" content=\"summary_large_image\" \/>\n<meta name=\"twitter:creator\" content=\"@Notibras\" \/>\n<meta name=\"twitter:site\" content=\"@Notibras\" \/>\n<meta name=\"twitter:label1\" content=\"Escrito por\" \/>\n\t<meta name=\"twitter:data1\" content=\"Reda\u00e7\u00e3o\" \/>\n\t<meta name=\"twitter:label2\" content=\"Est. tempo de leitura\" \/>\n\t<meta name=\"twitter:data2\" content=\"2 minutos\" \/>\n<script type=\"application\/ld+json\" class=\"yoast-schema-graph\">{\"@context\":\"https:\/\/schema.org\",\"@graph\":[{\"@type\":\"Article\",\"@id\":\"https:\/\/www.notibras.com\/site\/inter-supera-botafogo-por-2x0-enterra-crise-e-volta-ao-g-4\/#article\",\"isPartOf\":{\"@id\":\"https:\/\/www.notibras.com\/site\/inter-supera-botafogo-por-2x0-enterra-crise-e-volta-ao-g-4\/\"},\"author\":{\"name\":\"Reda\u00e7\u00e3o\",\"@id\":\"https:\/\/www.notibras.com\/site\/#\/schema\/person\/36ab0979449956132d3e5b517ea76ac8\"},\"headline\":\"Inter supera Botafogo por 2&#215;0, enterra crise e volta ao G-4\",\"datePublished\":\"2014-09-14T20:05:58+00:00\",\"dateModified\":\"2014-09-14T21:16:16+00:00\",\"mainEntityOfPage\":{\"@id\":\"https:\/\/www.notibras.com\/site\/inter-supera-botafogo-por-2x0-enterra-crise-e-volta-ao-g-4\/\"},\"wordCount\":478,\"commentCount\":0,\"publisher\":{\"@id\":\"https:\/\/www.notibras.com\/site\/#organization\"},\"image\":{\"@id\":\"https:\/\/www.notibras.com\/site\/inter-supera-botafogo-por-2x0-enterra-crise-e-volta-ao-g-4\/#primaryimage\"},\"thumbnailUrl\":\"https:\/\/www.notibras.com\/site\/wp-content\/uploads\/2014\/09\/ale.jpg\",\"articleSection\":[\"Esportes\",\"Futebol\"],\"inLanguage\":\"pt-BR\",\"potentialAction\":[{\"@type\":\"CommentAction\",\"name\":\"Comment\",\"target\":[\"https:\/\/www.notibras.com\/site\/inter-supera-botafogo-por-2x0-enterra-crise-e-volta-ao-g-4\/#respond\"]}]},{\"@type\":\"WebPage\",\"@id\":\"https:\/\/www.notibras.com\/site\/inter-supera-botafogo-por-2x0-enterra-crise-e-volta-ao-g-4\/\",\"url\":\"https:\/\/www.notibras.com\/site\/inter-supera-botafogo-por-2x0-enterra-crise-e-volta-ao-g-4\/\",\"name\":\"Inter supera Botafogo por 2x0, enterra crise e volta ao G-4 - Notibras\",\"isPartOf\":{\"@id\":\"https:\/\/www.notibras.com\/site\/#website\"},\"primaryImageOfPage\":{\"@id\":\"https:\/\/www.notibras.com\/site\/inter-supera-botafogo-por-2x0-enterra-crise-e-volta-ao-g-4\/#primaryimage\"},\"image\":{\"@id\":\"https:\/\/www.notibras.com\/site\/inter-supera-botafogo-por-2x0-enterra-crise-e-volta-ao-g-4\/#primaryimage\"},\"thumbnailUrl\":\"https:\/\/www.notibras.com\/site\/wp-content\/uploads\/2014\/09\/ale.jpg\",\"datePublished\":\"2014-09-14T20:05:58+00:00\",\"dateModified\":\"2014-09-14T21:16:16+00:00\",\"breadcrumb\":{\"@id\":\"https:\/\/www.notibras.com\/site\/inter-supera-botafogo-por-2x0-enterra-crise-e-volta-ao-g-4\/#breadcrumb\"},\"inLanguage\":\"pt-BR\",\"potentialAction\":[{\"@type\":\"ReadAction\",\"target\":[\"https:\/\/www.notibras.com\/site\/inter-supera-botafogo-por-2x0-enterra-crise-e-volta-ao-g-4\/\"]}]},{\"@type\":\"ImageObject\",\"inLanguage\":\"pt-BR\",\"@id\":\"https:\/\/www.notibras.com\/site\/inter-supera-botafogo-por-2x0-enterra-crise-e-volta-ao-g-4\/#primaryimage\",\"url\":\"https:\/\/www.notibras.com\/site\/wp-content\/uploads\/2014\/09\/ale.jpg\",\"contentUrl\":\"https:\/\/www.notibras.com\/site\/wp-content\/uploads\/2014\/09\/ale.jpg\",\"width\":700,\"height\":518},{\"@type\":\"BreadcrumbList\",\"@id\":\"https:\/\/www.notibras.com\/site\/inter-supera-botafogo-por-2x0-enterra-crise-e-volta-ao-g-4\/#breadcrumb\",\"itemListElement\":[{\"@type\":\"ListItem\",\"position\":1,\"name\":\"In\u00edcio\",\"item\":\"https:\/\/www.notibras.com\/site\/\"},{\"@type\":\"ListItem\",\"position\":2,\"name\":\"Inter supera Botafogo por 2&#215;0, enterra crise e volta ao G-4\"}]},{\"@type\":\"WebSite\",\"@id\":\"https:\/\/www.notibras.com\/site\/#website\",\"url\":\"https:\/\/www.notibras.com\/site\/\",\"name\":\"Notibras\",\"description\":\"Not\u00edcias de Bras\u00edlia, do Brasil e do Mundo\",\"publisher\":{\"@id\":\"https:\/\/www.notibras.com\/site\/#organization\"},\"potentialAction\":[{\"@type\":\"SearchAction\",\"target\":{\"@type\":\"EntryPoint\",\"urlTemplate\":\"https:\/\/www.notibras.com\/site\/?s={search_term_string}\"},\"query-input\":{\"@type\":\"PropertyValueSpecification\",\"valueRequired\":true,\"valueName\":\"search_term_string\"}}],\"inLanguage\":\"pt-BR\"},{\"@type\":\"Organization\",\"@id\":\"https:\/\/www.notibras.com\/site\/#organization\",\"name\":\"Grupo Notibras de Comunica\u00e7\u00e3o\",\"url\":\"https:\/\/www.notibras.com\/site\/\",\"logo\":{\"@type\":\"ImageObject\",\"inLanguage\":\"pt-BR\",\"@id\":\"https:\/\/www.notibras.com\/site\/#\/schema\/logo\/image\/\",\"url\":\"https:\/\/www.notibras.com\/site\/wp-content\/uploads\/2023\/01\/notibras23.png\",\"contentUrl\":\"https:\/\/www.notibras.com\/site\/wp-content\/uploads\/2023\/01\/notibras23.png\",\"width\":350,\"height\":87,\"caption\":\"Grupo Notibras de Comunica\u00e7\u00e3o\"},\"image\":{\"@id\":\"https:\/\/www.notibras.com\/site\/#\/schema\/logo\/image\/\"},\"sameAs\":[\"https:\/\/www.facebook.com\/notibras\/\",\"https:\/\/x.com\/Notibras\",\"https:\/\/www.instagram.com\/notibras\/\"]},{\"@type\":\"Person\",\"@id\":\"https:\/\/www.notibras.com\/site\/#\/schema\/person\/36ab0979449956132d3e5b517ea76ac8\",\"name\":\"Reda\u00e7\u00e3o\",\"image\":{\"@type\":\"ImageObject\",\"inLanguage\":\"pt-BR\",\"@id\":\"https:\/\/secure.gravatar.com\/avatar\/e0a867bdedb85fd243eadf09663511f96fc81e0720a4a42581f334ad4303aa6b?s=96&d=mm&r=g\",\"url\":\"https:\/\/secure.gravatar.com\/avatar\/e0a867bdedb85fd243eadf09663511f96fc81e0720a4a42581f334ad4303aa6b?s=96&d=mm&r=g\",\"contentUrl\":\"https:\/\/secure.gravatar.com\/avatar\/e0a867bdedb85fd243eadf09663511f96fc81e0720a4a42581f334ad4303aa6b?s=96&d=mm&r=g\",\"caption\":\"Reda\u00e7\u00e3o\"}}]}<\/script>\n<!-- \/ Yoast SEO plugin. -->","yoast_head_json":{"title":"Inter supera Botafogo por 2x0, enterra crise e volta ao G-4 - Notibras","robots":{"index":"index","follow":"follow","max-snippet":"max-snippet:-1","max-image-preview":"max-image-preview:large","max-video-preview":"max-video-preview:-1"},"canonical":"https:\/\/www.notibras.com\/site\/inter-supera-botafogo-por-2x0-enterra-crise-e-volta-ao-g-4\/","og_locale":"pt_BR","og_type":"article","og_title":"Inter supera Botafogo por 2x0, enterra crise e volta ao G-4 - Notibras","og_description":"O Internacional espantou a crise. Neste domingo, o time vermelho contou com um gola\u00e7o e uma assist\u00eancia de Alex para vencer Botafogo por 2 a 0 pela segunda rodada do returno do Brasileir\u00e3o, no Beira-Rio. Assim, assegurou a perman\u00eancia de Abel Braga e retomou posto no G-4 que havia sido perdido no dia anterior. O [&hellip;]","og_url":"https:\/\/www.notibras.com\/site\/inter-supera-botafogo-por-2x0-enterra-crise-e-volta-ao-g-4\/","og_site_name":"Notibras","article_publisher":"https:\/\/www.facebook.com\/notibras\/","article_published_time":"2014-09-14T20:05:58+00:00","article_modified_time":"2014-09-14T21:16:16+00:00","og_image":[{"width":700,"height":518,"url":"https:\/\/www.notibras.com\/site\/wp-content\/uploads\/2014\/09\/ale.jpg","type":"image\/jpeg"}],"author":"Reda\u00e7\u00e3o","twitter_card":"summary_large_image","twitter_creator":"@Notibras","twitter_site":"@Notibras","twitter_misc":{"Escrito por":"Reda\u00e7\u00e3o","Est. tempo de leitura":"2 minutos"},"schema":{"@context":"https:\/\/schema.org","@graph":[{"@type":"Article","@id":"https:\/\/www.notibras.com\/site\/inter-supera-botafogo-por-2x0-enterra-crise-e-volta-ao-g-4\/#article","isPartOf":{"@id":"https:\/\/www.notibras.com\/site\/inter-supera-botafogo-por-2x0-enterra-crise-e-volta-ao-g-4\/"},"author":{"name":"Reda\u00e7\u00e3o","@id":"https:\/\/www.notibras.com\/site\/#\/schema\/person\/36ab0979449956132d3e5b517ea76ac8"},"headline":"Inter supera Botafogo por 2&#215;0, enterra crise e volta ao G-4","datePublished":"2014-09-14T20:05:58+00:00","dateModified":"2014-09-14T21:16:16+00:00","mainEntityOfPage":{"@id":"https:\/\/www.notibras.com\/site\/inter-supera-botafogo-por-2x0-enterra-crise-e-volta-ao-g-4\/"},"wordCount":478,"commentCount":0,"publisher":{"@id":"https:\/\/www.notibras.com\/site\/#organization"},"image":{"@id":"https:\/\/www.notibras.com\/site\/inter-supera-botafogo-por-2x0-enterra-crise-e-volta-ao-g-4\/#primaryimage"},"thumbnailUrl":"https:\/\/www.notibras.com\/site\/wp-content\/uploads\/2014\/09\/ale.jpg","articleSection":["Esportes","Futebol"],"inLanguage":"pt-BR","potentialAction":[{"@type":"CommentAction","name":"Comment","target":["https:\/\/www.notibras.com\/site\/inter-supera-botafogo-por-2x0-enterra-crise-e-volta-ao-g-4\/#respond"]}]},{"@type":"WebPage","@id":"https:\/\/www.notibras.com\/site\/inter-supera-botafogo-por-2x0-enterra-crise-e-volta-ao-g-4\/","url":"https:\/\/www.notibras.com\/site\/inter-supera-botafogo-por-2x0-enterra-crise-e-volta-ao-g-4\/","name":"Inter supera Botafogo por 2x0, enterra crise e volta ao G-4 - Notibras","isPartOf":{"@id":"https:\/\/www.notibras.com\/site\/#website"},"primaryImageOfPage":{"@id":"https:\/\/www.notibras.com\/site\/inter-supera-botafogo-por-2x0-enterra-crise-e-volta-ao-g-4\/#primaryimage"},"image":{"@id":"https:\/\/www.notibras.com\/site\/inter-supera-botafogo-por-2x0-enterra-crise-e-volta-ao-g-4\/#primaryimage"},"thumbnailUrl":"https:\/\/www.notibras.com\/site\/wp-content\/uploads\/2014\/09\/ale.jpg","datePublished":"2014-09-14T20:05:58+00:00","dateModified":"2014-09-14T21:16:16+00:00","breadcrumb":{"@id":"https:\/\/www.notibras.com\/site\/inter-supera-botafogo-por-2x0-enterra-crise-e-volta-ao-g-4\/#breadcrumb"},"inLanguage":"pt-BR","potentialAction":[{"@type":"ReadAction","target":["https:\/\/www.notibras.com\/site\/inter-supera-botafogo-por-2x0-enterra-crise-e-volta-ao-g-4\/"]}]},{"@type":"ImageObject","inLanguage":"pt-BR","@id":"https:\/\/www.notibras.com\/site\/inter-supera-botafogo-por-2x0-enterra-crise-e-volta-ao-g-4\/#primaryimage","url":"https:\/\/www.notibras.com\/site\/wp-content\/uploads\/2014\/09\/ale.jpg","contentUrl":"https:\/\/www.notibras.com\/site\/wp-content\/uploads\/2014\/09\/ale.jpg","width":700,"height":518},{"@type":"BreadcrumbList","@id":"https:\/\/www.notibras.com\/site\/inter-supera-botafogo-por-2x0-enterra-crise-e-volta-ao-g-4\/#breadcrumb","itemListElement":[{"@type":"ListItem","position":1,"name":"In\u00edcio","item":"https:\/\/www.notibras.com\/site\/"},{"@type":"ListItem","position":2,"name":"Inter supera Botafogo por 2&#215;0, enterra crise e volta ao G-4"}]},{"@type":"WebSite","@id":"https:\/\/www.notibras.com\/site\/#website","url":"https:\/\/www.notibras.com\/site\/","name":"Notibras","description":"Not\u00edcias de Bras\u00edlia, do Brasil e do Mundo","publisher":{"@id":"https:\/\/www.notibras.com\/site\/#organization"},"potentialAction":[{"@type":"SearchAction","target":{"@type":"EntryPoint","urlTemplate":"https:\/\/www.notibras.com\/site\/?s={search_term_string}"},"query-input":{"@type":"PropertyValueSpecification","valueRequired":true,"valueName":"search_term_string"}}],"inLanguage":"pt-BR"},{"@type":"Organization","@id":"https:\/\/www.notibras.com\/site\/#organization","name":"Grupo Notibras de Comunica\u00e7\u00e3o","url":"https:\/\/www.notibras.com\/site\/","logo":{"@type":"ImageObject","inLanguage":"pt-BR","@id":"https:\/\/www.notibras.com\/site\/#\/schema\/logo\/image\/","url":"https:\/\/www.notibras.com\/site\/wp-content\/uploads\/2023\/01\/notibras23.png","contentUrl":"https:\/\/www.notibras.com\/site\/wp-content\/uploads\/2023\/01\/notibras23.png","width":350,"height":87,"caption":"Grupo Notibras de Comunica\u00e7\u00e3o"},"image":{"@id":"https:\/\/www.notibras.com\/site\/#\/schema\/logo\/image\/"},"sameAs":["https:\/\/www.facebook.com\/notibras\/","https:\/\/x.com\/Notibras","https:\/\/www.instagram.com\/notibras\/"]},{"@type":"Person","@id":"https:\/\/www.notibras.com\/site\/#\/schema\/person\/36ab0979449956132d3e5b517ea76ac8","name":"Reda\u00e7\u00e3o","image":{"@type":"ImageObject","inLanguage":"pt-BR","@id":"https:\/\/secure.gravatar.com\/avatar\/e0a867bdedb85fd243eadf09663511f96fc81e0720a4a42581f334ad4303aa6b?s=96&d=mm&r=g","url":"https:\/\/secure.gravatar.com\/avatar\/e0a867bdedb85fd243eadf09663511f96fc81e0720a4a42581f334ad4303aa6b?s=96&d=mm&r=g","contentUrl":"https:\/\/secure.gravatar.com\/avatar\/e0a867bdedb85fd243eadf09663511f96fc81e0720a4a42581f334ad4303aa6b?s=96&d=mm&r=g","caption":"Reda\u00e7\u00e3o"}}]}},"amp_enabled":true,"_links":{"self":[{"href":"https:\/\/www.notibras.com\/site\/wp-json\/wp\/v2\/posts\/22227","targetHints":{"allow":["GET"]}}],"collection":[{"href":"https:\/\/www.notibras.com\/site\/wp-json\/wp\/v2\/posts"}],"about":[{"href":"https:\/\/www.notibras.com\/site\/wp-json\/wp\/v2\/types\/post"}],"author":[{"embeddable":true,"href":"https:\/\/www.notibras.com\/site\/wp-json\/wp\/v2\/users\/2"}],"replies":[{"embeddable":true,"href":"https:\/\/www.notibras.com\/site\/wp-json\/wp\/v2\/comments?post=22227"}],"version-history":[{"count":0,"href":"https:\/\/www.notibras.com\/site\/wp-json\/wp\/v2\/posts\/22227\/revisions"}],"wp:featuredmedia":[{"embeddable":true,"href":"https:\/\/www.notibras.com\/site\/wp-json\/wp\/v2\/media\/22228"}],"wp:attachment":[{"href":"https:\/\/www.notibras.com\/site\/wp-json\/wp\/v2\/media?parent=22227"}],"wp:term":[{"taxonomy":"category","embeddable":true,"href":"https:\/\/www.notibras.com\/site\/wp-json\/wp\/v2\/categories?post=22227"},{"taxonomy":"post_tag","embeddable":true,"href":"https:\/\/www.notibras.com\/site\/wp-json\/wp\/v2\/tags?post=22227"}],"curies":[{"name":"wp","href":"https:\/\/api.w.org\/{rel}","templated":true}]}}