{"id":22230,"date":"2014-09-14T19:33:50","date_gmt":"2014-09-14T22:33:50","guid":{"rendered":"http:\/\/www.notibras.com\/site\/?p=22230"},"modified":"2014-09-14T19:34:31","modified_gmt":"2014-09-14T22:34:31","slug":"manifestacao-no-rio-pede-criminalizacao-dos-atos-homofobicos","status":"publish","type":"post","link":"https:\/\/www.notibras.com\/site\/manifestacao-no-rio-pede-criminalizacao-dos-atos-homofobicos\/","title":{"rendered":"Manifesta\u00e7\u00e3o no Rio pede a criminaliza\u00e7\u00e3o dos atos homof\u00f3bicos"},"content":{"rendered":"<p>Convocado pelas redes sociais por Gabriel Fernandes, comovido pela morte de Jo\u00e3o Antonio Donati,\u00a0 jovem homossexual assassinado no \u00faltimo dia 10, em Inhumas, na regi\u00e3o metropolitana de Goi\u00e2nia, uma caminhada feita\u00a0 hoje (14) \u00e0 tarde, na Orla de Copacabana, pede a\u00a0 criminaliza\u00e7\u00e3o da homofobia. Atos\u00a0 semelhantes\u00a0 se repetir\u00e3o em diversas cidades do Brasil, \u201cat\u00e9 o dia em que, se Deus quiser, a homofobia acabar\u201d, disse Fernandes.<\/p>\n<p>O ato, salientou, n\u00e3o se restringia aos <em>gays <\/em>ou l\u00e9sbicas assassinados diariamente em todo mundo. \u201c\u00c9 por todos n\u00f3s, \u00e9 pela mulher, \u00e9 pelo h\u00e9tero, \u00e9 pelo negro, por qualquer pessoa que se sinta discriminada, que seja considerada uma praga pela sociedade\u201d. Os manifestantes querem provar que &#8220;n\u00e3o s\u00e3o pragas&#8221;, mas pessoas com anseios, amores. \u201cA gente s\u00f3 quer poder andar na rua com o nosso parceiro ou parceira\u201d, disse. Fernandes destacou tamb\u00e9m o apoio essencial que deve ser dado ao segmento LGBT (L\u00e9sbicas, Gays, Bissexuais, Travestis, Transexuais e Transg\u00eaneros) pela fam\u00edlia, \u201cporque esse \u00e9 o grande alicerce de todas as pessoas\u201d.<\/p>\n<p>Para a doutora em hist\u00f3ria e pesquisadora Rita Cola\u00e7o, atos como o de hoje s\u00e3o importantes para todas as pessoas comprometidas com os direitos humanos se mobilizarem. \u201cS\u00e3o anos seguidos de \u00edndices aumentando e a gente n\u00e3o v\u00ea uma resposta do Congresso Nacional. A gente percebe que o Congresso est\u00e1 sempre de costas para a rua, para aquilo que as pessoas reivindicam\u201d. Ela lembrou que o Brasil tem leis para reprimir a discrimina\u00e7\u00e3o por motivo religioso e por ra\u00e7a, \u201cmas a discrimina\u00e7\u00e3o aos LGBT continua \u00e0 margem\u201d.<\/p>\n<blockquote><p>Segundo Rita, isso \u00e9 um sinal de que o Congresso entende que essa parcela da popula\u00e7\u00e3o n\u00e3o merece direitos. \u201c\u00c9 o \u00fanico que continua \u00e0 margem da Constitui\u00e7\u00e3o\u201d. Heterossexual, mas com parentes e amigos homossexuais, o desenhista Leslie Fontenelle avaliou que os crimes contra o segmento LGBT traduzem um discurso de \u00f3dio no Brasil. \u201cO que est\u00e1 se discutindo \u00e9 a criminaliza\u00e7\u00e3o do discurso de \u00f3dio, de se pregar o \u00f3dio\u201d. Para Fontenelle, trata-se de uma quest\u00e3o n\u00e3o s\u00f3 homossexual, mas humana. Ele considerou que, no momento em que pessoas de visibilidade pregam \u00f3dio e viol\u00eancia, \u201ca sociedade deve se levantar\u00a0 e dizer que isso n\u00e3o \u00e9 aceit\u00e1vel\u201d.<\/p><\/blockquote>\n<p>O coordenador especial da Diversidade Sexual do Rio de Janeiro, Carlos Tufvesson, ressaltou a import\u00e2ncia de se participar de manifesta\u00e7\u00f5es em prol dos direitos humanos. \u201cA gente s\u00f3 vai construir um pa\u00eds melhor quando os direitos de todos forem respeitados\u201d. Segundo ele, falta solidariedade hoje \u00e0 popula\u00e7\u00e3o. O munic\u00edpio do Rio de Janeiro comemorou na \u00faltima semana os 18 anos da pioneira Lei de Combate \u00e0 Discrimina\u00e7\u00e3o LGBT.<\/p>\n<p>O deputado federal Jean Willys, tamb\u00e9m presente ao ato, observou que as pessoas devem ir para as ruas se manifestar contra crimes que quase sempre passam despercebidos e muitos deles s\u00e3o desqualificados como crimes homof\u00f3bicos pela pr\u00f3pria pol\u00edcia. \u201cMovimentos como esse, espont\u00e2neos, nascidos da sociedade, s\u00e3o importantes por isso\u201d. Ele concordou com Carlos Tufvesson que falta solidariedade \u00e0 popula\u00e7\u00e3o, mas acrescentou que falta a honestidade de \u201cencarar esses\u00a0 crimes e reconhecer a motiva\u00e7\u00e3o homof\u00f3bica deles, porque n\u00e3o adianta olhar o crime, ficar chocado e desqualificar sua motiva\u00e7\u00e3o homof\u00f3bica\u201d.<\/p>\n<p><strong>Alana Gandra, ABr<\/strong><\/p>\n","protected":false},"excerpt":{"rendered":"<p>Convocado pelas redes sociais por Gabriel Fernandes, comovido pela morte de Jo\u00e3o Antonio Donati,\u00a0 jovem homossexual assassinado no \u00faltimo dia 10, em Inhumas, na regi\u00e3o metropolitana de Goi\u00e2nia, uma caminhada feita\u00a0 hoje (14) \u00e0 tarde, na Orla de Copacabana, pede a\u00a0 criminaliza\u00e7\u00e3o da homofobia. Atos\u00a0 semelhantes\u00a0 se repetir\u00e3o em diversas cidades do Brasil, \u201cat\u00e9 o [&hellip;]<\/p>\n","protected":false},"author":2,"featured_media":22231,"comment_status":"open","ping_status":"closed","sticky":false,"template":"","format":"standard","meta":{"_acf_changed":false,"footnotes":""},"categories":[16],"tags":[],"class_list":["post-22230","post","type-post","status-publish","format-standard","has-post-thumbnail","hentry","category-brasil"],"acf":[],"_links":{"self":[{"href":"https:\/\/www.notibras.com\/site\/wp-json\/wp\/v2\/posts\/22230","targetHints":{"allow":["GET"]}}],"collection":[{"href":"https:\/\/www.notibras.com\/site\/wp-json\/wp\/v2\/posts"}],"about":[{"href":"https:\/\/www.notibras.com\/site\/wp-json\/wp\/v2\/types\/post"}],"author":[{"embeddable":true,"href":"https:\/\/www.notibras.com\/site\/wp-json\/wp\/v2\/users\/2"}],"replies":[{"embeddable":true,"href":"https:\/\/www.notibras.com\/site\/wp-json\/wp\/v2\/comments?post=22230"}],"version-history":[{"count":0,"href":"https:\/\/www.notibras.com\/site\/wp-json\/wp\/v2\/posts\/22230\/revisions"}],"wp:featuredmedia":[{"embeddable":true,"href":"https:\/\/www.notibras.com\/site\/wp-json\/wp\/v2\/media\/22231"}],"wp:attachment":[{"href":"https:\/\/www.notibras.com\/site\/wp-json\/wp\/v2\/media?parent=22230"}],"wp:term":[{"taxonomy":"category","embeddable":true,"href":"https:\/\/www.notibras.com\/site\/wp-json\/wp\/v2\/categories?post=22230"},{"taxonomy":"post_tag","embeddable":true,"href":"https:\/\/www.notibras.com\/site\/wp-json\/wp\/v2\/tags?post=22230"}],"curies":[{"name":"wp","href":"https:\/\/api.w.org\/{rel}","templated":true}]}}