{"id":22237,"date":"2014-09-14T18:39:44","date_gmt":"2014-09-14T21:39:44","guid":{"rendered":"http:\/\/www.notibras.com\/site\/?p=22237"},"modified":"2014-09-14T19:44:57","modified_gmt":"2014-09-14T22:44:57","slug":"teatro-de-bonecos-desembarca-em-sao-paulo-para-fazer-todo-mundo-rir","status":"publish","type":"post","link":"https:\/\/www.notibras.com\/site\/teatro-de-bonecos-desembarca-em-sao-paulo-para-fazer-todo-mundo-rir\/","title":{"rendered":"Teatro de Bonecos desembarca em S\u00e3o Paulo para fazer todo mundo rir"},"content":{"rendered":"<div class=\"content\">\n<p>Com companhias nacionais e internacionais, a 4\u00aa Semana Internacional de Teatro de Anima\u00e7\u00e3o do Sobrevento traz artistas que primam pela inova\u00e7\u00e3o. \u201cA gente discute aqui com pessoas que t\u00eam uma postura muito forte como atores\u201d, ressalta o diretor do Sobrevento e curador da mostra Luiz Andr\u00e9 Cherubini sobre o festival que chega na ter\u00e7a-feira (16) \u00e0 capital paulista.<\/p>\n<p>\u201cCriando t\u00e9cnicas novas, inventando coisas, renovando t\u00e9cnicas, recuperando t\u00e9cnicas abandonadas. N\u00f3s vamos ter aqui a nata do teatro mundial de bonecos nas suas especialidades\u201d, acrescenta sobre o festival, que fica at\u00e9 o pr\u00f3ximo dia 28 na Caixa Cultural, na Pra\u00e7a da S\u00e9, com entrada livre.<\/p>\n<p>O Sobrevento \u00e9 um grupo que trabalha h\u00e1 mais de 30 anos com o teatro de bonecos. Ap\u00f3s fazerem curadoria para festivais, os artistas da companhia resolveram criar a pr\u00f3pria mostra. A ideia, explica Cherubini, \u00e9 abordar temas que \u201cinquietam\u201d os integrantes do grupo. \u201cEste ano, a ideia foi trabalhar o tema, o ator e o teatro de anima\u00e7\u00e3o, porque muitas vezes as pessoas acham que o teatro de bonecos n\u00e3o \u00e9 bem teatro, uma coisa que necessite muito bem de um ator. Mas n\u00e3o h\u00e1 marionetista, n\u00e3o h\u00e1 bonequeiro que n\u00e3o seja ator\u201d, comenta.<\/p>\n<p>Um dos destaques do festival \u00e9 o espet\u00e1culo <em>Western<\/em> (Faroeste), dirigido pelo italiano Massimo Schuster. Para contar essa hist\u00f3ria, o artista usa o teatro de papel, popular no final do s\u00e9culo 19, mas que por muito tempo foi abandonado. \u201cO ator anda e grita, d\u00e1 tiros, briga e faz v\u00e1rios personagens. E n\u00f3s estamos vendo o ator por tr\u00e1s da maquete de teatro. A gente v\u00ea todo o movimento, e \u00e9 isso que confere vida ao espet\u00e1culo, que \u00e9 muito pobre de recursos\u201d, explica o curador sobre a t\u00e9cnica que usa pequenas figuras bidimensionais.<\/p>\n<blockquote><p>Baseada na m\u00edmica, a b\u00f3snia In\u00e9s Pasic traz uma t\u00e9cnica ainda mais inusitada. \u201cEla usa partes do pr\u00f3prio corpo para criar os bonecos. Ent\u00e3o, com a barriga dela, com as pernas, ela cria um boneco. Com as m\u00e3os, ela cria o corpo do boneco\u201d, detalha Cherubini sobre o trabalho da companhia Gaia Teatro, fundada em parceria com o peruano Hugo Su\u00e1rez.<\/p><\/blockquote>\n<p><em>S\u00e3o Manuel Bueno, M\u00e1rtir<\/em> \u00e9 a pe\u00e7a a ser apresentada pelo pr\u00f3prio Sobrevento. \u201cUm espet\u00e1culo muito comovente, que fala de uma hist\u00f3ria muito profunda de um padre, que acaba virando santo porque n\u00e3o acredita em Deus. Essa d\u00favida de Deus, que o leva a se tornar um santo\u201d, conta o curador. Para a interpreta\u00e7\u00e3o s\u00e3o usadas figuras de madeira sem articula\u00e7\u00e3o, \u201ccomo se fossem figuras de pres\u00e9pio. Mesmo assim, eles t\u00eam um potencial expressivo muito forte\u201d, ressalta Cherubini.<\/p>\n<p>A programa\u00e7\u00e3o traz ainda oficinas e uma mesa redonda com tr\u00eas artistas.<\/p>\n<header>\n<div class=\"node-info\"><strong>Daniel Mello, ABr<\/strong><\/div>\n<\/header>\n<\/div>\n","protected":false},"excerpt":{"rendered":"<p>Com companhias nacionais e internacionais, a 4\u00aa Semana Internacional de Teatro de Anima\u00e7\u00e3o do Sobrevento traz artistas que primam pela inova\u00e7\u00e3o. \u201cA gente discute aqui com pessoas que t\u00eam uma postura muito forte como atores\u201d, ressalta o diretor do Sobrevento e curador da mostra Luiz Andr\u00e9 Cherubini sobre o festival que chega na ter\u00e7a-feira (16) [&hellip;]<\/p>\n","protected":false},"author":2,"featured_media":22238,"comment_status":"open","ping_status":"closed","sticky":false,"template":"","format":"standard","meta":{"_acf_changed":false,"footnotes":""},"categories":[16],"tags":[],"class_list":["post-22237","post","type-post","status-publish","format-standard","has-post-thumbnail","hentry","category-brasil"],"acf":[],"_links":{"self":[{"href":"https:\/\/www.notibras.com\/site\/wp-json\/wp\/v2\/posts\/22237","targetHints":{"allow":["GET"]}}],"collection":[{"href":"https:\/\/www.notibras.com\/site\/wp-json\/wp\/v2\/posts"}],"about":[{"href":"https:\/\/www.notibras.com\/site\/wp-json\/wp\/v2\/types\/post"}],"author":[{"embeddable":true,"href":"https:\/\/www.notibras.com\/site\/wp-json\/wp\/v2\/users\/2"}],"replies":[{"embeddable":true,"href":"https:\/\/www.notibras.com\/site\/wp-json\/wp\/v2\/comments?post=22237"}],"version-history":[{"count":0,"href":"https:\/\/www.notibras.com\/site\/wp-json\/wp\/v2\/posts\/22237\/revisions"}],"wp:featuredmedia":[{"embeddable":true,"href":"https:\/\/www.notibras.com\/site\/wp-json\/wp\/v2\/media\/22238"}],"wp:attachment":[{"href":"https:\/\/www.notibras.com\/site\/wp-json\/wp\/v2\/media?parent=22237"}],"wp:term":[{"taxonomy":"category","embeddable":true,"href":"https:\/\/www.notibras.com\/site\/wp-json\/wp\/v2\/categories?post=22237"},{"taxonomy":"post_tag","embeddable":true,"href":"https:\/\/www.notibras.com\/site\/wp-json\/wp\/v2\/tags?post=22237"}],"curies":[{"name":"wp","href":"https:\/\/api.w.org\/{rel}","templated":true}]}}