{"id":22242,"date":"2014-09-14T19:58:00","date_gmt":"2014-09-14T22:58:00","guid":{"rendered":"http:\/\/www.notibras.com\/site\/?p=22242"},"modified":"2014-09-14T19:58:52","modified_gmt":"2014-09-14T22:58:52","slug":"marina-pede-a-eleitor-que-reaja-e-mensanet-que-difama-em-redes-sociais","status":"publish","type":"post","link":"https:\/\/www.notibras.com\/site\/marina-pede-a-eleitor-que-reaja-e-mensanet-que-difama-em-redes-sociais\/","title":{"rendered":"Marina pede a eleitor que reaja a &#8216;mensanet&#8217; que difama na web"},"content":{"rendered":"<p>A candidata do PSB ao Pal\u00e1cio do Planalto, Marina Silva, pediu aos eleitores que acompanharam o com\u00edcio que fez em Ceil\u00e2ndia, neste domingo 14, que dedicassem algumas horas do dia para &#8220;esclarecer a verdade&#8221; nas redes sociais. Marina Silva afirmou que h\u00e1 um grupo, que ela chamou de &#8220;mensanet&#8221; que est\u00e1 &#8220;difamando&#8221; pessoas honestas na internet.<\/p>\n<p>&#8220;N\u00f3s vamos fazer uma campanha limpa [&#8230;] Entrem nas redes sociais, nos ajudem a esclarecer a verdade. N\u00e3o deixem que este grupo de &#8216;mensanet&#8217; que est\u00e1 a\u00ed difamando pessoas honestas continuem fazendo o que est\u00e3o fazendo&#8221;, pediu Marina.<\/p>\n<p>Marina tamb\u00e9m disse que n\u00e3o vai &#8220;agredir uma mulher&#8221; durante a campanha eleitoral, numa refer\u00eancia aos ataques que vem sofrendo da presidente Dilma Rousseff, que tenta a reelei\u00e7\u00e3o. A candidata esteve acompanhada do candidato a vice na chapa, Beto Albuquerque, e dos candidatos ao governo do DF, Rodrigo Rollemberg, e ao Senado, Ant\u00f4nio Reguffe.<\/p>\n<p>&#8220;Fique tranquila, presidente [Dilma]. A senhora n\u00e3o vai receber de mim o que a senhora est\u00e1 fazendo comigo. Eu n\u00e3o vou agredir uma mulher, n\u00e3o vou mentir a seu respeito. Eu vou lhe tratar com todo o respeito, mas isso n\u00e3o significa que vou deixar de dizer as verdades&#8221;, afirmou a ex-senadora.<\/p>\n<p>Logo em seguida, Marina Silva voltou a criticar o fato de que foi a \u00fanica entre os tr\u00eas principais candidatos a lan\u00e7ar um programa de governo. Segundo ela, Dilma e A\u00e9cio Neves querem ganhar as elei\u00e7\u00f5es &#8220;com um cheque em branco&#8221;.<\/p>\n<blockquote><p>&#8220;A verdade \u00e9 que n\u00f3s temos um plano de governo [&#8230;] N\u00f3s temos um programa e, infelizmente, nem ela nem o A\u00e9cio t\u00eam. Querem ganhar a Presid\u00eancia com um cheque em branco. N\u00e3o assinem cheque em branco&#8221;, pediu Marina aos eleitores presentes no evento.<\/p><\/blockquote>\n<p>Marina tamb\u00e9m disse que &#8220;eles [os advers\u00e1rios] sabem que est\u00e3o mentindo&#8221; quando dizem que, caso ela seja eleita, acabar\u00e1 com programas sociais do governo federal, como o Bolsa Fam\u00edlia e o Minha Casa, Minha Vida. Segundo ela, por ser de origem pobre e entender a realidade da popula\u00e7\u00e3o, os programas ser\u00e3o &#8220;mantidos e ampliados&#8221;.<\/p>\n","protected":false},"excerpt":{"rendered":"<p>A candidata do PSB ao Pal\u00e1cio do Planalto, Marina Silva, pediu aos eleitores que acompanharam o com\u00edcio que fez em Ceil\u00e2ndia, neste domingo 14, que dedicassem algumas horas do dia para &#8220;esclarecer a verdade&#8221; nas redes sociais. Marina Silva afirmou que h\u00e1 um grupo, que ela chamou de &#8220;mensanet&#8221; que est\u00e1 &#8220;difamando&#8221; pessoas honestas na [&hellip;]<\/p>\n","protected":false},"author":2,"featured_media":22243,"comment_status":"open","ping_status":"closed","sticky":false,"template":"","format":"standard","meta":{"_acf_changed":false,"footnotes":""},"categories":[33],"tags":[],"class_list":["post-22242","post","type-post","status-publish","format-standard","has-post-thumbnail","hentry","category-eleicoes-2014"],"acf":[],"_links":{"self":[{"href":"https:\/\/www.notibras.com\/site\/wp-json\/wp\/v2\/posts\/22242","targetHints":{"allow":["GET"]}}],"collection":[{"href":"https:\/\/www.notibras.com\/site\/wp-json\/wp\/v2\/posts"}],"about":[{"href":"https:\/\/www.notibras.com\/site\/wp-json\/wp\/v2\/types\/post"}],"author":[{"embeddable":true,"href":"https:\/\/www.notibras.com\/site\/wp-json\/wp\/v2\/users\/2"}],"replies":[{"embeddable":true,"href":"https:\/\/www.notibras.com\/site\/wp-json\/wp\/v2\/comments?post=22242"}],"version-history":[{"count":0,"href":"https:\/\/www.notibras.com\/site\/wp-json\/wp\/v2\/posts\/22242\/revisions"}],"wp:featuredmedia":[{"embeddable":true,"href":"https:\/\/www.notibras.com\/site\/wp-json\/wp\/v2\/media\/22243"}],"wp:attachment":[{"href":"https:\/\/www.notibras.com\/site\/wp-json\/wp\/v2\/media?parent=22242"}],"wp:term":[{"taxonomy":"category","embeddable":true,"href":"https:\/\/www.notibras.com\/site\/wp-json\/wp\/v2\/categories?post=22242"},{"taxonomy":"post_tag","embeddable":true,"href":"https:\/\/www.notibras.com\/site\/wp-json\/wp\/v2\/tags?post=22242"}],"curies":[{"name":"wp","href":"https:\/\/api.w.org\/{rel}","templated":true}]}}