{"id":22265,"date":"2014-09-14T21:58:55","date_gmt":"2014-09-15T00:58:55","guid":{"rendered":"http:\/\/www.notibras.com\/site\/?p=22265"},"modified":"2014-09-14T21:58:55","modified_gmt":"2014-09-15T00:58:55","slug":"dilma-alfineta-de-novo-quem-se-sente-coitadinho-nao-pode-governar","status":"publish","type":"post","link":"https:\/\/www.notibras.com\/site\/dilma-alfineta-de-novo-quem-se-sente-coitadinho-nao-pode-governar\/","title":{"rendered":"Dilma alfineta de novo. Quem se sente coitadinho n\u00e3o pode governar"},"content":{"rendered":"<p>A presidente Dilma Rousseff chamou neste domingo (14) a candidata \u00e0 presid\u00eancia da Rep\u00fablica, Marina Silva, de &#8220;coitadinha&#8221; ao ser questionada sobre os recentes embates que tem tido com a advers\u00e1ria. Para Dilma, Marina tem levado para o lado pessoal os questionamentos a seu programa de governo. &#8220;Quem se acha coitadinha n\u00e3o pode ser presidente da Rep\u00fablica&#8221;, afirmou, em entrevista h\u00e1 pouco no Pal\u00e1cio da Alvorada.<\/p>\n<p>A presidente disse ter ficado indignada com as cr\u00edticas de Marina \u00e0 gest\u00e3o do PT na Petrobras e lembrou que a concorrente foi do PT durante 27 anos, dos quais boa parte pertenceu \u00e0 bancada petista no Congresso e \u00e0 equipe de ministros do ex-presidente Lula. &#8220;Ser presidente \u00e9 aguentar cr\u00edticas e press\u00e3o todos os dias. Tem que ter coluna vertebral&#8221;, disse. &#8220;Quem leva cr\u00edticas para o lado pessoal n\u00e3o vai ser boa presidenta&#8221;, alfinetou.<\/p>\n<blockquote><p>Dilma deu as declara\u00e7\u00f5es ap\u00f3s fazer um pronunciamento \u00e0 imprensa sobre o Programa Ci\u00eancia sem Fronteiras. A presidente tem adotado a pr\u00e1tica de conceder entrevistas coletivas, no Alvorada sempre que n\u00e3o tem agenda p\u00fablica de campanha.<\/p><\/blockquote>\n<p>A presidente foi questionada a respeito da situa\u00e7\u00e3o do ministro de Minas e Energia, Edison Lob\u00e3o, que foi citado pelo ex-diretor da Petrobras Paulo Roberto Costa, durante depoimento de dela\u00e7\u00e3o premiada, como um dos beneficiados no esc\u00e2ndalo de pagamento de comiss\u00e3o da estatal. Questionada se ela teria dado apoio nesta semana ao candidato de oposi\u00e7\u00e3o a Lob\u00e3o no Maranh\u00e3o, Fl\u00e1vio Dino (PCdoB), em raz\u00e3o do esc\u00e2ndalo, Dilma explicou que mandou fotografias suas ao lado de Dino porque ele a apoia e n\u00e3o comentou o caso do ministro com a Petrobras. Apesar de Dilma ter confirmado apoio a Fl\u00e1vio Dino na disputa pelo governo do Maranh\u00e3o, o PT entrou formalmente a coliga\u00e7\u00e3o de Lob\u00e3o Filho no Estado e faz oposi\u00e7\u00e3o a Fl\u00e1vio.<\/p>\n<p>Nesta semana, reportagem de O Estado de S.Paulo mostrou que o comit\u00ea de campanha de Fl\u00e1vio Dino em S\u00e3o Lu\u00eds recebeu adesivos estampados com foto da presidente Dilma ao lado do candidato do PCdoB. Segundo a presidente, os adesivos foram enviados porque Dino a apoia.<\/p>\n","protected":false},"excerpt":{"rendered":"<p>A presidente Dilma Rousseff chamou neste domingo (14) a candidata \u00e0 presid\u00eancia da Rep\u00fablica, Marina Silva, de &#8220;coitadinha&#8221; ao ser questionada sobre os recentes embates que tem tido com a advers\u00e1ria. Para Dilma, Marina tem levado para o lado pessoal os questionamentos a seu programa de governo. &#8220;Quem se acha coitadinha n\u00e3o pode ser presidente [&hellip;]<\/p>\n","protected":false},"author":2,"featured_media":22266,"comment_status":"open","ping_status":"closed","sticky":false,"template":"","format":"standard","meta":{"_acf_changed":false,"footnotes":""},"categories":[33],"tags":[],"class_list":["post-22265","post","type-post","status-publish","format-standard","has-post-thumbnail","hentry","category-eleicoes-2014"],"acf":[],"_links":{"self":[{"href":"https:\/\/www.notibras.com\/site\/wp-json\/wp\/v2\/posts\/22265","targetHints":{"allow":["GET"]}}],"collection":[{"href":"https:\/\/www.notibras.com\/site\/wp-json\/wp\/v2\/posts"}],"about":[{"href":"https:\/\/www.notibras.com\/site\/wp-json\/wp\/v2\/types\/post"}],"author":[{"embeddable":true,"href":"https:\/\/www.notibras.com\/site\/wp-json\/wp\/v2\/users\/2"}],"replies":[{"embeddable":true,"href":"https:\/\/www.notibras.com\/site\/wp-json\/wp\/v2\/comments?post=22265"}],"version-history":[{"count":0,"href":"https:\/\/www.notibras.com\/site\/wp-json\/wp\/v2\/posts\/22265\/revisions"}],"wp:featuredmedia":[{"embeddable":true,"href":"https:\/\/www.notibras.com\/site\/wp-json\/wp\/v2\/media\/22266"}],"wp:attachment":[{"href":"https:\/\/www.notibras.com\/site\/wp-json\/wp\/v2\/media?parent=22265"}],"wp:term":[{"taxonomy":"category","embeddable":true,"href":"https:\/\/www.notibras.com\/site\/wp-json\/wp\/v2\/categories?post=22265"},{"taxonomy":"post_tag","embeddable":true,"href":"https:\/\/www.notibras.com\/site\/wp-json\/wp\/v2\/tags?post=22265"}],"curies":[{"name":"wp","href":"https:\/\/api.w.org\/{rel}","templated":true}]}}