{"id":22288,"date":"2014-09-15T12:13:16","date_gmt":"2014-09-15T15:13:16","guid":{"rendered":"http:\/\/www.notibras.com\/site\/?p=22288"},"modified":"2014-09-15T23:07:30","modified_gmt":"2014-09-16T02:07:30","slug":"rio-prende-coronel-corrupto-que-comandava-operacoes-especiais","status":"publish","type":"post","link":"https:\/\/www.notibras.com\/site\/rio-prende-coronel-corrupto-que-comandava-operacoes-especiais\/","title":{"rendered":"Rio prende coronel corrupto chefe de Opera\u00e7\u00f5es Especiais"},"content":{"rendered":"<p>O coronel Alexandre Fontenelle Ribeiro, o terceiro homem na hierarquia da Pol\u00edcia Militar, foi preso na manh\u00e3 desta segunda-feira (15) em uma opera\u00e7\u00e3o contra uma quadrilha de policiais acusados de corrup\u00e7\u00e3o. Fontenelle comandava o Centro de Opera\u00e7\u00f5es Especiais da PM carioca.<\/p>\n<p>Al\u00e9m dele, foram presos tamb\u00e9m o major Carlos Alexandre de Jesus Lucas, subcomandante do COE, e outros 20 PMs e outras duas pessoas est\u00e3o foragidas. Est\u00e3o subordinados ao COE o Bope (Batalh\u00e3o de Opera\u00e7\u00f5es Especiais), o GAM (Grupamento Aeromar\u00edtimo) e o Batalh\u00e3o de Choque.<\/p>\n<p>Eles s\u00e3o suspeitos de participar de um esquema de cobran\u00e7a de propina de comerciantes, mototaxistas, motoristas e cooperativas de vans, al\u00e9m de empresas transportadoras de cargas na \u00e1rea do 14\u00ba Batalh\u00e3o, em Bangu, na zona oeste da capital fluminense.<\/p>\n<p>Segundo o Minist\u00e9rio P\u00fablico do Rio, entre os PMs suspeitos de envolvimento na quadrilha &#8211;havia 25 mandados de pris\u00e3o&#8211;, havia seis oficiais que integravam o 14\u00b0 Batalh\u00e3o: o coronel Alexandre Fontenelle Ribeiro de Oliveira e o ex-subcomandante major Carlos Alexandre de Jesus Lucas, os majores Nilton Jo\u00e3o dos Prazeres Neto (chefe da 3\u00aa Se\u00e7\u00e3o) e Edson Alexandre Pinto de G\u00f3es (coordenador de Opera\u00e7\u00f5es), al\u00e9m dos capit\u00e3es Rodrigo Leit\u00e3o da Silva (chefe da 1\u00aa Se\u00e7\u00e3o) e Walter Colchone Netto (chefe do Servi\u00e7o Reservado). Tamb\u00e9m s\u00e3o acusados de integrar a quadrilha 18 pra\u00e7as e um civil. Procurada, a Pol\u00edcia Militar informou que n\u00e3o se pronunciar\u00e1 sobre o caso.<\/p>\n<blockquote><p>Ainda de acordo com o MP, entre 2012 e o segundo semestre de 2013, os acusados e mais 80 pessoas, entre os quais policiais do 14\u00b0 Batalh\u00e3o, da 34\u00aa DP (Bangu), da DRCPIM (Delegacia Especializada de Repress\u00e3o aos Crimes contra a Propriedade Imaterial), al\u00e9m de PMs reformados, participavam de um esquema de exig\u00eancia de propinas que variavam entre R$ 30 e R$ 2.600 e seriam cobradas di\u00e1ria, semanal ou mensalmente.<\/p><\/blockquote>\n<p>Em troca, a atua\u00e7\u00e3o de mototaxistas, motoristas de vans e kombis n\u00e3o autorizados, o transporte de cargas em situa\u00e7\u00e3o irregular ou a venda de produtos piratas no com\u00e9rcio popular de Bangu n\u00e3o era reprimida. Ainda n\u00e3o h\u00e1 informa\u00e7\u00f5es sobre a estrutura da quadrilha e as fun\u00e7\u00f5es de cada policial no esquema.<\/p>\n<p>De acordo com a den\u00fancia, &#8220;o 14\u00b0 BPM foi transformado em um verdadeiro &#8216;balc\u00e3o de neg\u00f3cios&#8217;, numa verdadeira &#8216;sociedade empres\u00e1ria S\/A&#8217;, em que os &#8216;lucros&#8217; eram provenientes de arrecada\u00e7\u00e3o de propinas por parte de diversas equipes policiais respons\u00e1veis pelo policiamento ostensivo&#8221;.<\/p>\n<p>O Gaeco (Grupo de Atua\u00e7\u00e3o Especial de Combate ao Crime Organizado) do MP trabalha juntamente com a Secretaria de Seguran\u00e7a P\u00fablica e a Corregedoria-Geral da PM em v\u00e1rios pontos do Rio. A den\u00fancia foi encaminhada pelo Gaeco \u00e0 1\u00aa Vara Criminal de Bangu, que expediu tamb\u00e9m 43 mandados de busca e apreens\u00e3o.<\/p>\n<blockquote><p>Os acusados responder\u00e3o na 1\u00aa Vara Criminal de Bangu pelo crime de associa\u00e7\u00e3o criminosa armada, que n\u00e3o consta do C\u00f3digo Penal Militar. A pena \u00e9 de dois a seis anos de pris\u00e3o. Os integrantes da quadrilha tamb\u00e9m ser\u00e3o responsabilizados pelo Minist\u00e9rio P\u00fablico pelos diversos crimes de concuss\u00e3o, que ser\u00e3o apurados pela Auditoria de Justi\u00e7a Militar estadual.<\/p><\/blockquote>\n","protected":false},"excerpt":{"rendered":"<p>O coronel Alexandre Fontenelle Ribeiro, o terceiro homem na hierarquia da Pol\u00edcia Militar, foi preso na manh\u00e3 desta segunda-feira (15) em uma opera\u00e7\u00e3o contra uma quadrilha de policiais acusados de corrup\u00e7\u00e3o. Fontenelle comandava o Centro de Opera\u00e7\u00f5es Especiais da PM carioca. Al\u00e9m dele, foram presos tamb\u00e9m o major Carlos Alexandre de Jesus Lucas, subcomandante do [&hellip;]<\/p>\n","protected":false},"author":2,"featured_media":22293,"comment_status":"open","ping_status":"closed","sticky":false,"template":"","format":"standard","meta":{"_acf_changed":false,"footnotes":""},"categories":[16],"tags":[],"class_list":["post-22288","post","type-post","status-publish","format-standard","has-post-thumbnail","hentry","category-brasil"],"acf":[],"_links":{"self":[{"href":"https:\/\/www.notibras.com\/site\/wp-json\/wp\/v2\/posts\/22288","targetHints":{"allow":["GET"]}}],"collection":[{"href":"https:\/\/www.notibras.com\/site\/wp-json\/wp\/v2\/posts"}],"about":[{"href":"https:\/\/www.notibras.com\/site\/wp-json\/wp\/v2\/types\/post"}],"author":[{"embeddable":true,"href":"https:\/\/www.notibras.com\/site\/wp-json\/wp\/v2\/users\/2"}],"replies":[{"embeddable":true,"href":"https:\/\/www.notibras.com\/site\/wp-json\/wp\/v2\/comments?post=22288"}],"version-history":[{"count":0,"href":"https:\/\/www.notibras.com\/site\/wp-json\/wp\/v2\/posts\/22288\/revisions"}],"wp:featuredmedia":[{"embeddable":true,"href":"https:\/\/www.notibras.com\/site\/wp-json\/wp\/v2\/media\/22293"}],"wp:attachment":[{"href":"https:\/\/www.notibras.com\/site\/wp-json\/wp\/v2\/media?parent=22288"}],"wp:term":[{"taxonomy":"category","embeddable":true,"href":"https:\/\/www.notibras.com\/site\/wp-json\/wp\/v2\/categories?post=22288"},{"taxonomy":"post_tag","embeddable":true,"href":"https:\/\/www.notibras.com\/site\/wp-json\/wp\/v2\/tags?post=22288"}],"curies":[{"name":"wp","href":"https:\/\/api.w.org\/{rel}","templated":true}]}}