{"id":22297,"date":"2014-09-15T10:32:11","date_gmt":"2014-09-15T13:32:11","guid":{"rendered":"http:\/\/www.notibras.com\/site\/?p=22297"},"modified":"2014-09-15T12:39:17","modified_gmt":"2014-09-15T15:39:17","slug":"chacina-na-madrugada-deixa-saldo-de-5-mortos-na-baixa-fluminense","status":"publish","type":"post","link":"https:\/\/www.notibras.com\/site\/chacina-na-madrugada-deixa-saldo-de-5-mortos-na-baixa-fluminense\/","title":{"rendered":"Chacina deixa saldo de cinco mortos na regi\u00e3o da Baixada"},"content":{"rendered":"<p class=\"text\">Cinco pessoas foram encontradas mortas na noite de domingo (14) em uma casa em S\u00e3o Jo\u00e3o de Meriti, na Baixada Fluminense, segundo informa\u00e7\u00f5es da assessoria de imprensa da Pol\u00edcia Civil. A Divis\u00e3o de Homic\u00eddios da regi\u00e3o que investiga o caso ainda n\u00e3o sabe explicar o que motivou a chacina.<\/p>\n<p class=\"text\">Os corpos foram encontrados por policiais que foram chamados \u00e0\u00a0casa, na rua\u00a0Agostinho Porto.\u00a0Eles fizeram per\u00edcia na \u00e1rea e\u00a0recolheram imagens das c\u00e2meras de seguran\u00e7a da regi\u00e3o para analisar os v\u00eddeos. A investiga\u00e7\u00e3o tamb\u00e9m contar\u00e1 com depoimentos dos familiares das v\u00edtimas.<\/p>\n","protected":false},"excerpt":{"rendered":"<p>Cinco pessoas foram encontradas mortas na noite de domingo (14) em uma casa em S\u00e3o Jo\u00e3o de Meriti, na Baixada Fluminense, segundo informa\u00e7\u00f5es da assessoria de imprensa da Pol\u00edcia Civil. A Divis\u00e3o de Homic\u00eddios da regi\u00e3o que investiga o caso ainda n\u00e3o sabe explicar o que motivou a chacina. Os corpos foram encontrados por policiais [&hellip;]<\/p>\n","protected":false},"author":2,"featured_media":22298,"comment_status":"open","ping_status":"closed","sticky":false,"template":"","format":"standard","meta":{"_acf_changed":false,"footnotes":""},"categories":[16],"tags":[],"class_list":["post-22297","post","type-post","status-publish","format-standard","has-post-thumbnail","hentry","category-brasil"],"acf":[],"_links":{"self":[{"href":"https:\/\/www.notibras.com\/site\/wp-json\/wp\/v2\/posts\/22297","targetHints":{"allow":["GET"]}}],"collection":[{"href":"https:\/\/www.notibras.com\/site\/wp-json\/wp\/v2\/posts"}],"about":[{"href":"https:\/\/www.notibras.com\/site\/wp-json\/wp\/v2\/types\/post"}],"author":[{"embeddable":true,"href":"https:\/\/www.notibras.com\/site\/wp-json\/wp\/v2\/users\/2"}],"replies":[{"embeddable":true,"href":"https:\/\/www.notibras.com\/site\/wp-json\/wp\/v2\/comments?post=22297"}],"version-history":[{"count":0,"href":"https:\/\/www.notibras.com\/site\/wp-json\/wp\/v2\/posts\/22297\/revisions"}],"wp:featuredmedia":[{"embeddable":true,"href":"https:\/\/www.notibras.com\/site\/wp-json\/wp\/v2\/media\/22298"}],"wp:attachment":[{"href":"https:\/\/www.notibras.com\/site\/wp-json\/wp\/v2\/media?parent=22297"}],"wp:term":[{"taxonomy":"category","embeddable":true,"href":"https:\/\/www.notibras.com\/site\/wp-json\/wp\/v2\/categories?post=22297"},{"taxonomy":"post_tag","embeddable":true,"href":"https:\/\/www.notibras.com\/site\/wp-json\/wp\/v2\/tags?post=22297"}],"curies":[{"name":"wp","href":"https:\/\/api.w.org\/{rel}","templated":true}]}}