{"id":22302,"date":"2014-09-15T12:43:12","date_gmt":"2014-09-15T15:43:12","guid":{"rendered":"http:\/\/www.notibras.com\/site\/?p=22302"},"modified":"2014-09-15T23:12:52","modified_gmt":"2014-09-16T02:12:52","slug":"juiz-sergio-moro-libera-paulo-roberto-para-dpor-na-cpi-da-petrobras","status":"publish","type":"post","link":"https:\/\/www.notibras.com\/site\/juiz-sergio-moro-libera-paulo-roberto-para-dpor-na-cpi-da-petrobras\/","title":{"rendered":"Juiz S\u00e9rgio Moro libera Paulo Roberto, ex-diretor, para ir depor na CPI da Petrobras"},"content":{"rendered":"<p>O juiz federal S\u00e9rgio Moro, respons\u00e1vel pelo processo da Opera\u00e7\u00e3o Lava Jato na primeira inst\u00e2ncia, autorizou que o ex-diretor da Petrobras Paulo Roberto Costa v\u00e1 depor, na quarta-feira (17), na CPI mista que investiga den\u00fancias de irregularidades na estatal.<\/p>\n<p>No despacho em que deu aval para a ida do ex-dirigente da petroleira ao Congresso Nacional, o magistrado determinou que a Pol\u00edcia Federal (PF) tome as provid\u00eancias necess\u00e1rias para assegurar a escolta de Costa para Bras\u00edlia.<\/p>\n<p>O ministro Teori Zavascki, do Supremo Tribunal Federal (STF), havia ressaltado na \u00faltima sexta (12) que a CPI n\u00e3o precisava de autoriza\u00e7\u00e3o judicial para ouvir o ex-diretor de Refino e Abastecimento da Petrobras. No entanto, o aval de S\u00e9rgio Moro era necess\u00e1rio porque Costa est\u00e1 preso na superintend\u00eancia da Pol\u00edcia Federal em Curitiba e precisa de uma manifesta\u00e7\u00e3o da Justi\u00e7a para deixar a cadeia.<\/p>\n<p>A CPI mista j\u00e1 recebeu a autoirza\u00e7\u00e3o encaminhada pelo juiz federal do Paran\u00e1. Diante da possibilidade de Paulo Roberto Costa se negar a esclarecer aos parlamentares detalhes do suposto esquema de corrup\u00e7\u00e3o montado na Petrobras, integrantes da comiss\u00e3o cogitam negociar uma sess\u00e3o secreta \u2013 fechada \u00e0 imprensa \u2013 para que o ex-diretor possa se sentir mais \u00e0 vontade para responder \u00e0s perguntas do colegiado. Relator da CPI mista, o deputado Marco Maia (PT-RS) disse que essa decis\u00e3o dever\u00e1 ser tomada antes no in\u00edcio da sess\u00e3o, na quarta-feira.<\/p>\n<blockquote><p>\u201cSe houver esse pedido dele [Paulo Roberto Costa] para que o depoimento seja realizado numa sess\u00e3o fechada, onde ele fale o que ele quer falar, n\u00f3s vamos levar em considera\u00e7\u00e3o. Agora, esse \u00e9 um processo que vamos vivenciar ali no momento, na hora de iniciar a sess\u00e3o \u00e9 que deveremos tomar essa decis\u00e3o\u201d, ponderou.<\/p><\/blockquote>\n<p>Desencadeada em mar\u00e7o, a Opera\u00e7\u00e3o Lava Jato investiga um esquema de lavagem de dinheiro e evas\u00e3o de divisas que teria movimentado cerca de R$ 10 bilh\u00f5es. Costa \u00e9 suspeito de integrar a quadrilha, intermediando contratos da Petrobras com empresas de fachada do doleiro Alberto Youssef, apontado como um dos chefes da organiza\u00e7\u00e3o criminosa. Ele est\u00e1 preso desde mar\u00e7o no Paran\u00e1.<\/p>\n","protected":false},"excerpt":{"rendered":"<p>O juiz federal S\u00e9rgio Moro, respons\u00e1vel pelo processo da Opera\u00e7\u00e3o Lava Jato na primeira inst\u00e2ncia, autorizou que o ex-diretor da Petrobras Paulo Roberto Costa v\u00e1 depor, na quarta-feira (17), na CPI mista que investiga den\u00fancias de irregularidades na estatal. No despacho em que deu aval para a ida do ex-dirigente da petroleira ao Congresso Nacional, [&hellip;]<\/p>\n","protected":false},"author":2,"featured_media":22303,"comment_status":"open","ping_status":"closed","sticky":false,"template":"","format":"standard","meta":{"_acf_changed":false,"footnotes":""},"categories":[16],"tags":[],"class_list":["post-22302","post","type-post","status-publish","format-standard","has-post-thumbnail","hentry","category-brasil"],"acf":[],"_links":{"self":[{"href":"https:\/\/www.notibras.com\/site\/wp-json\/wp\/v2\/posts\/22302","targetHints":{"allow":["GET"]}}],"collection":[{"href":"https:\/\/www.notibras.com\/site\/wp-json\/wp\/v2\/posts"}],"about":[{"href":"https:\/\/www.notibras.com\/site\/wp-json\/wp\/v2\/types\/post"}],"author":[{"embeddable":true,"href":"https:\/\/www.notibras.com\/site\/wp-json\/wp\/v2\/users\/2"}],"replies":[{"embeddable":true,"href":"https:\/\/www.notibras.com\/site\/wp-json\/wp\/v2\/comments?post=22302"}],"version-history":[{"count":0,"href":"https:\/\/www.notibras.com\/site\/wp-json\/wp\/v2\/posts\/22302\/revisions"}],"wp:featuredmedia":[{"embeddable":true,"href":"https:\/\/www.notibras.com\/site\/wp-json\/wp\/v2\/media\/22303"}],"wp:attachment":[{"href":"https:\/\/www.notibras.com\/site\/wp-json\/wp\/v2\/media?parent=22302"}],"wp:term":[{"taxonomy":"category","embeddable":true,"href":"https:\/\/www.notibras.com\/site\/wp-json\/wp\/v2\/categories?post=22302"},{"taxonomy":"post_tag","embeddable":true,"href":"https:\/\/www.notibras.com\/site\/wp-json\/wp\/v2\/tags?post=22302"}],"curies":[{"name":"wp","href":"https:\/\/api.w.org\/{rel}","templated":true}]}}