{"id":223313,"date":"2020-01-13T15:18:15","date_gmt":"2020-01-13T18:18:15","guid":{"rendered":"https:\/\/www.notibras.com\/site\/?p=223313"},"modified":"2020-01-13T15:18:15","modified_gmt":"2020-01-13T18:18:15","slug":"evo-quer-usar-milicia-armada-para-tomar-poder","status":"publish","type":"post","link":"https:\/\/www.notibras.com\/site\/evo-quer-usar-milicia-armada-para-tomar-poder\/","title":{"rendered":"Evo quer usar mil\u00edcia armada para tomar poder"},"content":{"rendered":"<p>O ex-presidente da Bol\u00edvia Evo Morales afirmou que, se voltar ao pa\u00eds, ser\u00e1 preciso &#8220;organizar, como na Venezuela, mil\u00edcias armadas do povo&#8221;. Na Venezuela, a mil\u00edcia bolivariana \u00e9 composta por civis e ex-oficiais militares e funciona como uma esp\u00e9cie de tropa de choque do presidente Nicol\u00e1s Maduro.<\/p>\n<p>Morales est\u00e1 asilado na Argentina h\u00e1 um m\u00eas. Ele deixou a Bol\u00edvia no dia 10 de novembro do ano passado, ap\u00f3s renunciar ao cargo de presidente. Depois das elei\u00e7\u00f5es do dia 20 de outubro, nas quais Morales foi anunciado vencedor em primeiro turno, a Bol\u00edvia foi palco de tr\u00eas semanas seguidas de manifesta\u00e7\u00f5es.<\/p>\n<p>Com fortes ind\u00edcios de fraude eleitoral, depois confirmados em uma auditoria da Organiza\u00e7\u00e3o dos Estados Americanos (OEA), Morales viu-se pressionado pelas For\u00e7as Armadas a renunciar. Ele pediu, ent\u00e3o, pediu asilo no M\u00e9xico, onde ficou um m\u00eas, e depois seguiu para a Argentina.<\/p>\n<p>Nesta segunda-feira (13), a presidente interina da Bol\u00edvia, Jeanine \u00c1\u00f1ez, reagiu \u00e0s declara\u00e7\u00f5es de Morales. &#8220;A paz, a reconcilia\u00e7\u00e3o e a democracia nunca foram op\u00e7\u00f5es para ele [Morales]. Diante da inten\u00e7\u00e3o de semear o terror e a viol\u00eancia, apenas encontrar\u00e3o o povo boliviano unido e, frente \u00e0s amea\u00e7as, nossa mais profunda voca\u00e7\u00e3o democr\u00e1tica&#8221;, escreveu Jeanine em mensagem no twitter.<\/p>\n<p>Evo Morales afirmou ainda que seu erro foi n\u00e3o ter um plano alternativo para os conflitos que tomaram conta do pa\u00eds ap\u00f3s as elei\u00e7\u00f5es. &#8220;Est\u00e1vamos muito confiantes. O grande erro foi que n\u00e3o t\u00ednhamos um plano B.&#8221;<\/p>\n<p>Na opini\u00e3o do vice-ministro de Coordena\u00e7\u00e3o e Gest\u00e3o Governamental, Israel Alanoca, as declara\u00e7\u00f5es de Morales buscam semear o confronto entre bolivianos e tornam evidente seu desejo de incentivar a rebeli\u00e3o no pa\u00eds. O Minist\u00e9rio P\u00fablico da Bol\u00edvia emitiu, no m\u00eas passado, um mandado de pris\u00e3o contra Morales pelos crimes de terrorismo e rebeli\u00e3o. &#8220;J\u00e1 existe um processo em andamento e um mandado de pris\u00e3o pelos crimes de rebeli\u00e3o, terrorismo e financiamento do terrorismo contra Morales. O que quer que ele fa\u00e7a ir\u00e1 somar ao processo, e pode at\u00e9 haver fatores agravantes&#8221;, disse Alanoca.<\/p>\n<p>Da Argentina, Morales chefia a campanha de seu partido, o Movimento ao Socialismo (MAS), para as pr\u00f3ximas elei\u00e7\u00f5es, previstas para 3 de maio. Morales n\u00e3o ir\u00e1 concorrer, e o nome do candidato do MAS ainda n\u00e3o foi divulgado.<\/p>\n<p>O representante do Conselho Nacional de Defesa da Democracia (Conade), Waldo Albarrac\u00edn, alertou que a amea\u00e7a de Morales de criar mil\u00edcias armadas na Bol\u00edvia \u00e9 uma maneira de se vitimizar diante da opini\u00e3o p\u00fablica. Parece uma &#8220;crian\u00e7a que faz travessuras e, quando lhe chamam a aten\u00e7\u00e3o, reclama que os outros s\u00e3o maus com ele&#8221;.<\/p>\n<p>Em mensagem no twitter, a chanceler boliviana, Karen Longaric, comentou a declara\u00e7\u00e3o de Morales sobre a cria\u00e7\u00e3o de mil\u00edcias armadas na Bol\u00edvia, como na Venezuela. &#8220;Isso \u00e9 terrorismo, viola\u00e7\u00f5es de direitos humanos, narcotr\u00e1fico. A Bol\u00edvia pede \u00e0 comunidade internacional que repudie essa amea\u00e7a e quem a fez&#8221;, diz o texto.<\/p>\n","protected":false},"excerpt":{"rendered":"<p>O ex-presidente da Bol\u00edvia Evo Morales afirmou que, se voltar ao pa\u00eds, ser\u00e1 preciso &#8220;organizar, como na Venezuela, mil\u00edcias armadas do povo&#8221;. Na Venezuela, a mil\u00edcia bolivariana \u00e9 composta por civis e ex-oficiais militares e funciona como uma esp\u00e9cie de tropa de choque do presidente Nicol\u00e1s Maduro. Morales est\u00e1 asilado na Argentina h\u00e1 um m\u00eas. [&hellip;]<\/p>\n","protected":false},"author":2,"featured_media":218489,"comment_status":"closed","ping_status":"closed","sticky":false,"template":"","format":"standard","meta":{"_acf_changed":false,"footnotes":""},"categories":[17],"tags":[95],"class_list":["post-223313","post","type-post","status-publish","format-standard","has-post-thumbnail","hentry","category-mundo","tag-capa"],"acf":[],"yoast_head":"<!-- This site is optimized with the Yoast SEO plugin v27.2 - https:\/\/yoast.com\/product\/yoast-seo-wordpress\/ -->\n<title>Evo quer usar mil\u00edcia armada para tomar poder - Notibras<\/title>\n<meta name=\"robots\" content=\"index, follow, max-snippet:-1, max-image-preview:large, max-video-preview:-1\" \/>\n<link rel=\"canonical\" href=\"https:\/\/www.notibras.com\/site\/evo-quer-usar-milicia-armada-para-tomar-poder\/\" \/>\n<meta property=\"og:locale\" content=\"pt_BR\" \/>\n<meta property=\"og:type\" content=\"article\" \/>\n<meta property=\"og:title\" content=\"Evo quer usar mil\u00edcia armada para tomar poder - Notibras\" \/>\n<meta property=\"og:description\" content=\"O ex-presidente da Bol\u00edvia Evo Morales afirmou que, se voltar ao pa\u00eds, ser\u00e1 preciso &#8220;organizar, como na Venezuela, mil\u00edcias armadas do povo&#8221;. Na Venezuela, a mil\u00edcia bolivariana \u00e9 composta por civis e ex-oficiais militares e funciona como uma esp\u00e9cie de tropa de choque do presidente Nicol\u00e1s Maduro. Morales est\u00e1 asilado na Argentina h\u00e1 um m\u00eas. [&hellip;]\" \/>\n<meta property=\"og:url\" content=\"https:\/\/www.notibras.com\/site\/evo-quer-usar-milicia-armada-para-tomar-poder\/\" \/>\n<meta property=\"og:site_name\" content=\"Notibras\" \/>\n<meta property=\"article:publisher\" content=\"https:\/\/www.facebook.com\/notibras\/\" \/>\n<meta property=\"article:published_time\" content=\"2020-01-13T18:18:15+00:00\" \/>\n<meta property=\"og:image\" content=\"https:\/\/www.notibras.com\/site\/wp-content\/uploads\/2019\/10\/evo-crise.jpg\" \/>\n\t<meta property=\"og:image:width\" content=\"1000\" \/>\n\t<meta property=\"og:image:height\" content=\"626\" \/>\n\t<meta property=\"og:image:type\" content=\"image\/jpeg\" \/>\n<meta name=\"author\" content=\"Reda\u00e7\u00e3o\" \/>\n<meta name=\"twitter:card\" content=\"summary_large_image\" \/>\n<meta name=\"twitter:creator\" content=\"@Notibras\" \/>\n<meta name=\"twitter:site\" content=\"@Notibras\" \/>\n<meta name=\"twitter:label1\" content=\"Escrito por\" \/>\n\t<meta name=\"twitter:data1\" content=\"Reda\u00e7\u00e3o\" \/>\n\t<meta name=\"twitter:label2\" content=\"Est. tempo de leitura\" \/>\n\t<meta name=\"twitter:data2\" content=\"3 minutos\" \/>\n<script type=\"application\/ld+json\" class=\"yoast-schema-graph\">{\"@context\":\"https:\/\/schema.org\",\"@graph\":[{\"@type\":\"Article\",\"@id\":\"https:\/\/www.notibras.com\/site\/evo-quer-usar-milicia-armada-para-tomar-poder\/#article\",\"isPartOf\":{\"@id\":\"https:\/\/www.notibras.com\/site\/evo-quer-usar-milicia-armada-para-tomar-poder\/\"},\"author\":{\"name\":\"Reda\u00e7\u00e3o\",\"@id\":\"https:\/\/www.notibras.com\/site\/#\/schema\/person\/36ab0979449956132d3e5b517ea76ac8\"},\"headline\":\"Evo quer usar mil\u00edcia armada para tomar poder\",\"datePublished\":\"2020-01-13T18:18:15+00:00\",\"mainEntityOfPage\":{\"@id\":\"https:\/\/www.notibras.com\/site\/evo-quer-usar-milicia-armada-para-tomar-poder\/\"},\"wordCount\":546,\"publisher\":{\"@id\":\"https:\/\/www.notibras.com\/site\/#organization\"},\"image\":{\"@id\":\"https:\/\/www.notibras.com\/site\/evo-quer-usar-milicia-armada-para-tomar-poder\/#primaryimage\"},\"thumbnailUrl\":\"https:\/\/www.notibras.com\/site\/wp-content\/uploads\/2019\/10\/evo-crise.jpg\",\"keywords\":[\"capa\"],\"articleSection\":[\"Mundo\"],\"inLanguage\":\"pt-BR\"},{\"@type\":\"WebPage\",\"@id\":\"https:\/\/www.notibras.com\/site\/evo-quer-usar-milicia-armada-para-tomar-poder\/\",\"url\":\"https:\/\/www.notibras.com\/site\/evo-quer-usar-milicia-armada-para-tomar-poder\/\",\"name\":\"Evo quer usar mil\u00edcia armada para tomar poder - Notibras\",\"isPartOf\":{\"@id\":\"https:\/\/www.notibras.com\/site\/#website\"},\"primaryImageOfPage\":{\"@id\":\"https:\/\/www.notibras.com\/site\/evo-quer-usar-milicia-armada-para-tomar-poder\/#primaryimage\"},\"image\":{\"@id\":\"https:\/\/www.notibras.com\/site\/evo-quer-usar-milicia-armada-para-tomar-poder\/#primaryimage\"},\"thumbnailUrl\":\"https:\/\/www.notibras.com\/site\/wp-content\/uploads\/2019\/10\/evo-crise.jpg\",\"datePublished\":\"2020-01-13T18:18:15+00:00\",\"breadcrumb\":{\"@id\":\"https:\/\/www.notibras.com\/site\/evo-quer-usar-milicia-armada-para-tomar-poder\/#breadcrumb\"},\"inLanguage\":\"pt-BR\",\"potentialAction\":[{\"@type\":\"ReadAction\",\"target\":[\"https:\/\/www.notibras.com\/site\/evo-quer-usar-milicia-armada-para-tomar-poder\/\"]}]},{\"@type\":\"ImageObject\",\"inLanguage\":\"pt-BR\",\"@id\":\"https:\/\/www.notibras.com\/site\/evo-quer-usar-milicia-armada-para-tomar-poder\/#primaryimage\",\"url\":\"https:\/\/www.notibras.com\/site\/wp-content\/uploads\/2019\/10\/evo-crise.jpg\",\"contentUrl\":\"https:\/\/www.notibras.com\/site\/wp-content\/uploads\/2019\/10\/evo-crise.jpg\",\"width\":1000,\"height\":626},{\"@type\":\"BreadcrumbList\",\"@id\":\"https:\/\/www.notibras.com\/site\/evo-quer-usar-milicia-armada-para-tomar-poder\/#breadcrumb\",\"itemListElement\":[{\"@type\":\"ListItem\",\"position\":1,\"name\":\"In\u00edcio\",\"item\":\"https:\/\/www.notibras.com\/site\/\"},{\"@type\":\"ListItem\",\"position\":2,\"name\":\"Evo quer usar mil\u00edcia armada para tomar poder\"}]},{\"@type\":\"WebSite\",\"@id\":\"https:\/\/www.notibras.com\/site\/#website\",\"url\":\"https:\/\/www.notibras.com\/site\/\",\"name\":\"Notibras\",\"description\":\"Not\u00edcias de Bras\u00edlia, do Brasil e do Mundo\",\"publisher\":{\"@id\":\"https:\/\/www.notibras.com\/site\/#organization\"},\"potentialAction\":[{\"@type\":\"SearchAction\",\"target\":{\"@type\":\"EntryPoint\",\"urlTemplate\":\"https:\/\/www.notibras.com\/site\/?s={search_term_string}\"},\"query-input\":{\"@type\":\"PropertyValueSpecification\",\"valueRequired\":true,\"valueName\":\"search_term_string\"}}],\"inLanguage\":\"pt-BR\"},{\"@type\":\"Organization\",\"@id\":\"https:\/\/www.notibras.com\/site\/#organization\",\"name\":\"Grupo Notibras de Comunica\u00e7\u00e3o\",\"url\":\"https:\/\/www.notibras.com\/site\/\",\"logo\":{\"@type\":\"ImageObject\",\"inLanguage\":\"pt-BR\",\"@id\":\"https:\/\/www.notibras.com\/site\/#\/schema\/logo\/image\/\",\"url\":\"https:\/\/www.notibras.com\/site\/wp-content\/uploads\/2023\/01\/notibras23.png\",\"contentUrl\":\"https:\/\/www.notibras.com\/site\/wp-content\/uploads\/2023\/01\/notibras23.png\",\"width\":350,\"height\":87,\"caption\":\"Grupo Notibras de Comunica\u00e7\u00e3o\"},\"image\":{\"@id\":\"https:\/\/www.notibras.com\/site\/#\/schema\/logo\/image\/\"},\"sameAs\":[\"https:\/\/www.facebook.com\/notibras\/\",\"https:\/\/x.com\/Notibras\",\"https:\/\/www.instagram.com\/notibras\/\"]},{\"@type\":\"Person\",\"@id\":\"https:\/\/www.notibras.com\/site\/#\/schema\/person\/36ab0979449956132d3e5b517ea76ac8\",\"name\":\"Reda\u00e7\u00e3o\",\"image\":{\"@type\":\"ImageObject\",\"inLanguage\":\"pt-BR\",\"@id\":\"https:\/\/secure.gravatar.com\/avatar\/e0a867bdedb85fd243eadf09663511f96fc81e0720a4a42581f334ad4303aa6b?s=96&d=mm&r=g\",\"url\":\"https:\/\/secure.gravatar.com\/avatar\/e0a867bdedb85fd243eadf09663511f96fc81e0720a4a42581f334ad4303aa6b?s=96&d=mm&r=g\",\"contentUrl\":\"https:\/\/secure.gravatar.com\/avatar\/e0a867bdedb85fd243eadf09663511f96fc81e0720a4a42581f334ad4303aa6b?s=96&d=mm&r=g\",\"caption\":\"Reda\u00e7\u00e3o\"}}]}<\/script>\n<!-- \/ Yoast SEO plugin. -->","yoast_head_json":{"title":"Evo quer usar mil\u00edcia armada para tomar poder - Notibras","robots":{"index":"index","follow":"follow","max-snippet":"max-snippet:-1","max-image-preview":"max-image-preview:large","max-video-preview":"max-video-preview:-1"},"canonical":"https:\/\/www.notibras.com\/site\/evo-quer-usar-milicia-armada-para-tomar-poder\/","og_locale":"pt_BR","og_type":"article","og_title":"Evo quer usar mil\u00edcia armada para tomar poder - Notibras","og_description":"O ex-presidente da Bol\u00edvia Evo Morales afirmou que, se voltar ao pa\u00eds, ser\u00e1 preciso &#8220;organizar, como na Venezuela, mil\u00edcias armadas do povo&#8221;. Na Venezuela, a mil\u00edcia bolivariana \u00e9 composta por civis e ex-oficiais militares e funciona como uma esp\u00e9cie de tropa de choque do presidente Nicol\u00e1s Maduro. Morales est\u00e1 asilado na Argentina h\u00e1 um m\u00eas. [&hellip;]","og_url":"https:\/\/www.notibras.com\/site\/evo-quer-usar-milicia-armada-para-tomar-poder\/","og_site_name":"Notibras","article_publisher":"https:\/\/www.facebook.com\/notibras\/","article_published_time":"2020-01-13T18:18:15+00:00","og_image":[{"width":1000,"height":626,"url":"https:\/\/www.notibras.com\/site\/wp-content\/uploads\/2019\/10\/evo-crise.jpg","type":"image\/jpeg"}],"author":"Reda\u00e7\u00e3o","twitter_card":"summary_large_image","twitter_creator":"@Notibras","twitter_site":"@Notibras","twitter_misc":{"Escrito por":"Reda\u00e7\u00e3o","Est. tempo de leitura":"3 minutos"},"schema":{"@context":"https:\/\/schema.org","@graph":[{"@type":"Article","@id":"https:\/\/www.notibras.com\/site\/evo-quer-usar-milicia-armada-para-tomar-poder\/#article","isPartOf":{"@id":"https:\/\/www.notibras.com\/site\/evo-quer-usar-milicia-armada-para-tomar-poder\/"},"author":{"name":"Reda\u00e7\u00e3o","@id":"https:\/\/www.notibras.com\/site\/#\/schema\/person\/36ab0979449956132d3e5b517ea76ac8"},"headline":"Evo quer usar mil\u00edcia armada para tomar poder","datePublished":"2020-01-13T18:18:15+00:00","mainEntityOfPage":{"@id":"https:\/\/www.notibras.com\/site\/evo-quer-usar-milicia-armada-para-tomar-poder\/"},"wordCount":546,"publisher":{"@id":"https:\/\/www.notibras.com\/site\/#organization"},"image":{"@id":"https:\/\/www.notibras.com\/site\/evo-quer-usar-milicia-armada-para-tomar-poder\/#primaryimage"},"thumbnailUrl":"https:\/\/www.notibras.com\/site\/wp-content\/uploads\/2019\/10\/evo-crise.jpg","keywords":["capa"],"articleSection":["Mundo"],"inLanguage":"pt-BR"},{"@type":"WebPage","@id":"https:\/\/www.notibras.com\/site\/evo-quer-usar-milicia-armada-para-tomar-poder\/","url":"https:\/\/www.notibras.com\/site\/evo-quer-usar-milicia-armada-para-tomar-poder\/","name":"Evo quer usar mil\u00edcia armada para tomar poder - Notibras","isPartOf":{"@id":"https:\/\/www.notibras.com\/site\/#website"},"primaryImageOfPage":{"@id":"https:\/\/www.notibras.com\/site\/evo-quer-usar-milicia-armada-para-tomar-poder\/#primaryimage"},"image":{"@id":"https:\/\/www.notibras.com\/site\/evo-quer-usar-milicia-armada-para-tomar-poder\/#primaryimage"},"thumbnailUrl":"https:\/\/www.notibras.com\/site\/wp-content\/uploads\/2019\/10\/evo-crise.jpg","datePublished":"2020-01-13T18:18:15+00:00","breadcrumb":{"@id":"https:\/\/www.notibras.com\/site\/evo-quer-usar-milicia-armada-para-tomar-poder\/#breadcrumb"},"inLanguage":"pt-BR","potentialAction":[{"@type":"ReadAction","target":["https:\/\/www.notibras.com\/site\/evo-quer-usar-milicia-armada-para-tomar-poder\/"]}]},{"@type":"ImageObject","inLanguage":"pt-BR","@id":"https:\/\/www.notibras.com\/site\/evo-quer-usar-milicia-armada-para-tomar-poder\/#primaryimage","url":"https:\/\/www.notibras.com\/site\/wp-content\/uploads\/2019\/10\/evo-crise.jpg","contentUrl":"https:\/\/www.notibras.com\/site\/wp-content\/uploads\/2019\/10\/evo-crise.jpg","width":1000,"height":626},{"@type":"BreadcrumbList","@id":"https:\/\/www.notibras.com\/site\/evo-quer-usar-milicia-armada-para-tomar-poder\/#breadcrumb","itemListElement":[{"@type":"ListItem","position":1,"name":"In\u00edcio","item":"https:\/\/www.notibras.com\/site\/"},{"@type":"ListItem","position":2,"name":"Evo quer usar mil\u00edcia armada para tomar poder"}]},{"@type":"WebSite","@id":"https:\/\/www.notibras.com\/site\/#website","url":"https:\/\/www.notibras.com\/site\/","name":"Notibras","description":"Not\u00edcias de Bras\u00edlia, do Brasil e do Mundo","publisher":{"@id":"https:\/\/www.notibras.com\/site\/#organization"},"potentialAction":[{"@type":"SearchAction","target":{"@type":"EntryPoint","urlTemplate":"https:\/\/www.notibras.com\/site\/?s={search_term_string}"},"query-input":{"@type":"PropertyValueSpecification","valueRequired":true,"valueName":"search_term_string"}}],"inLanguage":"pt-BR"},{"@type":"Organization","@id":"https:\/\/www.notibras.com\/site\/#organization","name":"Grupo Notibras de Comunica\u00e7\u00e3o","url":"https:\/\/www.notibras.com\/site\/","logo":{"@type":"ImageObject","inLanguage":"pt-BR","@id":"https:\/\/www.notibras.com\/site\/#\/schema\/logo\/image\/","url":"https:\/\/www.notibras.com\/site\/wp-content\/uploads\/2023\/01\/notibras23.png","contentUrl":"https:\/\/www.notibras.com\/site\/wp-content\/uploads\/2023\/01\/notibras23.png","width":350,"height":87,"caption":"Grupo Notibras de Comunica\u00e7\u00e3o"},"image":{"@id":"https:\/\/www.notibras.com\/site\/#\/schema\/logo\/image\/"},"sameAs":["https:\/\/www.facebook.com\/notibras\/","https:\/\/x.com\/Notibras","https:\/\/www.instagram.com\/notibras\/"]},{"@type":"Person","@id":"https:\/\/www.notibras.com\/site\/#\/schema\/person\/36ab0979449956132d3e5b517ea76ac8","name":"Reda\u00e7\u00e3o","image":{"@type":"ImageObject","inLanguage":"pt-BR","@id":"https:\/\/secure.gravatar.com\/avatar\/e0a867bdedb85fd243eadf09663511f96fc81e0720a4a42581f334ad4303aa6b?s=96&d=mm&r=g","url":"https:\/\/secure.gravatar.com\/avatar\/e0a867bdedb85fd243eadf09663511f96fc81e0720a4a42581f334ad4303aa6b?s=96&d=mm&r=g","contentUrl":"https:\/\/secure.gravatar.com\/avatar\/e0a867bdedb85fd243eadf09663511f96fc81e0720a4a42581f334ad4303aa6b?s=96&d=mm&r=g","caption":"Reda\u00e7\u00e3o"}}]}},"amp_enabled":true,"_links":{"self":[{"href":"https:\/\/www.notibras.com\/site\/wp-json\/wp\/v2\/posts\/223313","targetHints":{"allow":["GET"]}}],"collection":[{"href":"https:\/\/www.notibras.com\/site\/wp-json\/wp\/v2\/posts"}],"about":[{"href":"https:\/\/www.notibras.com\/site\/wp-json\/wp\/v2\/types\/post"}],"author":[{"embeddable":true,"href":"https:\/\/www.notibras.com\/site\/wp-json\/wp\/v2\/users\/2"}],"replies":[{"embeddable":true,"href":"https:\/\/www.notibras.com\/site\/wp-json\/wp\/v2\/comments?post=223313"}],"version-history":[{"count":1,"href":"https:\/\/www.notibras.com\/site\/wp-json\/wp\/v2\/posts\/223313\/revisions"}],"predecessor-version":[{"id":223314,"href":"https:\/\/www.notibras.com\/site\/wp-json\/wp\/v2\/posts\/223313\/revisions\/223314"}],"wp:featuredmedia":[{"embeddable":true,"href":"https:\/\/www.notibras.com\/site\/wp-json\/wp\/v2\/media\/218489"}],"wp:attachment":[{"href":"https:\/\/www.notibras.com\/site\/wp-json\/wp\/v2\/media?parent=223313"}],"wp:term":[{"taxonomy":"category","embeddable":true,"href":"https:\/\/www.notibras.com\/site\/wp-json\/wp\/v2\/categories?post=223313"},{"taxonomy":"post_tag","embeddable":true,"href":"https:\/\/www.notibras.com\/site\/wp-json\/wp\/v2\/tags?post=223313"}],"curies":[{"name":"wp","href":"https:\/\/api.w.org\/{rel}","templated":true}]}}