{"id":22339,"date":"2014-09-15T22:11:16","date_gmt":"2014-09-16T01:11:16","guid":{"rendered":"http:\/\/www.notibras.com\/site\/?p=22339"},"modified":"2014-09-17T23:38:29","modified_gmt":"2014-09-18T02:38:29","slug":"de-um-lado-o-povo-de-outro-candidatos-e-assim-caminha-a-eleicao","status":"publish","type":"post","link":"https:\/\/www.notibras.com\/site\/de-um-lado-o-povo-de-outro-candidatos-e-assim-caminha-a-eleicao\/","title":{"rendered":"De um lado o povo, de outro, candidatos; assim vai a elei\u00e7\u00e3o"},"content":{"rendered":"<p>E os pol\u00edticos v\u00e3o deixando pelas ruas de nosso imenso pa\u00eds o que trazem dentro deles mesmos. Pensam ser as cidades uma extens\u00e3o de seus gabinetes e tomam conta das pra\u00e7as, das avenidas, das \u00e1reas p\u00fablicas. Demonstram, antes de conquistar o poder, o respeito que t\u00eam aos cidad\u00e3os, ao homem comum das ruas, \u00e0 fam\u00edlia brasileira. E v\u00e3o, por todos os cantos, engendrando em toda fresta, lan\u00e7ando proposta ao vento, impressos que v\u00e3o ganhar a sarjeta da hist\u00f3ria.<\/p>\n<p>No Brasil todo \u00e9 o mesmo cen\u00e1rio: a p\u00e1tria invadida e tomada por uma falsa democracia, uma disfar\u00e7ada ditadura de quem pode mais. Do outro lado, cercado e bombardeado pelo o que n\u00e3o existe, pelo que n\u00e3o se conhece, o eleitor fica a assistir, passivamente, o deplor\u00e1vel espet\u00e1culo, enquanto tudo fica mais feio, a face exposta de nossa pobre pol\u00edtica brasileira.<\/p>\n<p>S\u00e3o quase todos candidatos n\u00e3o pelo que podem fazer, pelo que um mandato pode realizar. Mas pelo que podem ter, conquistar, usufruir e utilizar. S\u00e3o candidatos de si mesmos, dos mesmos grupos, dos interesses menores, piores, dos sentimentos privados. \u00c9 um desejo descontrolado de se apropriar do p\u00fablico para uso bem pequeno, do tamanho da dignidade deles. Uma pena!<\/p>\n<p>Com os cora\u00e7\u00f5es sujos, n\u00e3o lembram em nada a origem da pol\u00edtica e da palavra candidato, que deriva de c\u00e2ndido; puro, limpo. Candidato vem do latim, candidatus, que em sua ess\u00eancia \u00e9 candidus. Na antig\u00fcidade, aquele que era candidato a um cargo p\u00fablico, tinha que conquistar votos, se mostrar limpo para a sociedade, se revelar. Vestiam-se de branco e saiam pelas ruas falando de sua ess\u00eancia, seu ideal de vida, seus valores, suas cren\u00e7as. Expunham-se, em contato direto com o eleitor. Havia um sentido de pensar a vida, uma voca\u00e7\u00e3o para servir, um sentimento limpo, direto, aberto, franco, sem maquiagem, sem falsas verdades.<\/p>\n<blockquote><p>Hoje, guardados por Deus, os candidatos vivem em seus gabinetes, distante de tudo e de todos, contando e distribuindo o vil metal. Institu\u00edram o cabo eleitoral, lideran\u00e7as populares, como liga\u00e7\u00e3o direta e oficial com o eleitor. S\u00e3o, na verdade, os atravessadores de votos, que leiloam a esperan\u00e7a do povo e o futuro de nosso pa\u00eds. Contratados e pagos a peso de outro, os cabos eleitorais revelam como \u00e9 prim\u00e1rio o processo pol\u00edtico brasileiro.<\/p><\/blockquote>\n<p>De um lado est\u00e1 o povo. Do outro, os candidatos. E o que era para ser o espa\u00e7o do debate, das id\u00e9ias, das propostas, transformou-se em um lament\u00e1vel big brother eleitoral, revelando como s\u00e3o med\u00edocres os nossos atores, como s\u00e3o pequenos os seus prop\u00f3sitos. N\u00e3o tem candidatura, mas sim a imposi\u00e7\u00e3o de grupos pol\u00edticos. N\u00e3o tem propostas, mas sim uma coa\u00e7\u00e3o ideol\u00f3gica. N\u00e3o se fala do futuro, mas do passado, o que n\u00e3o ser\u00e1. N\u00e3o vota9mos naquilo em que acreditamos, mas naquele que n\u00e3o queremos. N\u00e3o votamos para a vit\u00f3ria, mas pela derrota. Infelizmente.<\/p>\n<p>Enquanto isso, milh\u00f5es de panfletos e cartazes invadem as ruas de nosso Brasil, mostrando que nossa pol\u00edtica \u00e9 assim, um monte de papeis que v\u00e3o e vem, para l\u00e1 e para c\u00e1, ao sabor dos ventos.<\/p>\n<p><strong>Petr\u00f4nio Souza Gon\u00e7alves<\/strong>, jornalista e escritor<\/p>\n","protected":false},"excerpt":{"rendered":"<p>E os pol\u00edticos v\u00e3o deixando pelas ruas de nosso imenso pa\u00eds o que trazem dentro deles mesmos. Pensam ser as cidades uma extens\u00e3o de seus gabinetes e tomam conta das pra\u00e7as, das avenidas, das \u00e1reas p\u00fablicas. Demonstram, antes de conquistar o poder, o respeito que t\u00eam aos cidad\u00e3os, ao homem comum das ruas, \u00e0 fam\u00edlia [&hellip;]<\/p>\n","protected":false},"author":2,"featured_media":22340,"comment_status":"open","ping_status":"closed","sticky":false,"template":"","format":"standard","meta":{"_acf_changed":false,"footnotes":""},"categories":[25],"tags":[],"class_list":["post-22339","post","type-post","status-publish","format-standard","has-post-thumbnail","hentry","category-opina-ai"],"acf":[],"yoast_head":"<!-- This site is optimized with the Yoast SEO plugin v27.5 - https:\/\/yoast.com\/product\/yoast-seo-wordpress\/ -->\n<title>De um lado o povo, de outro, candidatos; assim vai a elei\u00e7\u00e3o - Notibras<\/title>\n<meta name=\"robots\" content=\"index, follow, max-snippet:-1, max-image-preview:large, max-video-preview:-1\" \/>\n<link rel=\"canonical\" href=\"https:\/\/www.notibras.com\/site\/de-um-lado-o-povo-de-outro-candidatos-e-assim-caminha-a-eleicao\/\" \/>\n<meta property=\"og:locale\" content=\"pt_BR\" \/>\n<meta property=\"og:type\" content=\"article\" \/>\n<meta property=\"og:title\" content=\"De um lado o povo, de outro, candidatos; assim vai a elei\u00e7\u00e3o - Notibras\" \/>\n<meta property=\"og:description\" content=\"E os pol\u00edticos v\u00e3o deixando pelas ruas de nosso imenso pa\u00eds o que trazem dentro deles mesmos. Pensam ser as cidades uma extens\u00e3o de seus gabinetes e tomam conta das pra\u00e7as, das avenidas, das \u00e1reas p\u00fablicas. Demonstram, antes de conquistar o poder, o respeito que t\u00eam aos cidad\u00e3os, ao homem comum das ruas, \u00e0 fam\u00edlia [&hellip;]\" \/>\n<meta property=\"og:url\" content=\"https:\/\/www.notibras.com\/site\/de-um-lado-o-povo-de-outro-candidatos-e-assim-caminha-a-eleicao\/\" \/>\n<meta property=\"og:site_name\" content=\"Notibras\" \/>\n<meta property=\"article:publisher\" content=\"https:\/\/www.facebook.com\/notibras\/\" \/>\n<meta property=\"article:published_time\" content=\"2014-09-16T01:11:16+00:00\" \/>\n<meta property=\"article:modified_time\" content=\"2014-09-18T02:38:29+00:00\" \/>\n<meta property=\"og:image\" content=\"https:\/\/www.notibras.com\/site\/wp-content\/uploads\/2014\/09\/233839.jpg\" \/>\n\t<meta property=\"og:image:width\" content=\"640\" \/>\n\t<meta property=\"og:image:height\" content=\"480\" \/>\n\t<meta property=\"og:image:type\" content=\"image\/jpeg\" \/>\n<meta name=\"author\" content=\"Reda\u00e7\u00e3o\" \/>\n<meta name=\"twitter:card\" content=\"summary_large_image\" \/>\n<meta name=\"twitter:creator\" content=\"@Notibras\" \/>\n<meta name=\"twitter:site\" content=\"@Notibras\" \/>\n<meta name=\"twitter:label1\" content=\"Escrito por\" \/>\n\t<meta name=\"twitter:data1\" content=\"Reda\u00e7\u00e3o\" \/>\n\t<meta name=\"twitter:label2\" content=\"Est. tempo de leitura\" \/>\n\t<meta name=\"twitter:data2\" content=\"3 minutos\" \/>\n<script type=\"application\/ld+json\" class=\"yoast-schema-graph\">{\"@context\":\"https:\\\/\\\/schema.org\",\"@graph\":[{\"@type\":\"Article\",\"@id\":\"https:\\\/\\\/www.notibras.com\\\/site\\\/de-um-lado-o-povo-de-outro-candidatos-e-assim-caminha-a-eleicao\\\/#article\",\"isPartOf\":{\"@id\":\"https:\\\/\\\/www.notibras.com\\\/site\\\/de-um-lado-o-povo-de-outro-candidatos-e-assim-caminha-a-eleicao\\\/\"},\"author\":{\"name\":\"Reda\u00e7\u00e3o\",\"@id\":\"https:\\\/\\\/www.notibras.com\\\/site\\\/#\\\/schema\\\/person\\\/36ab0979449956132d3e5b517ea76ac8\"},\"headline\":\"De um lado o povo, de outro, candidatos; assim vai a elei\u00e7\u00e3o\",\"datePublished\":\"2014-09-16T01:11:16+00:00\",\"dateModified\":\"2014-09-18T02:38:29+00:00\",\"mainEntityOfPage\":{\"@id\":\"https:\\\/\\\/www.notibras.com\\\/site\\\/de-um-lado-o-povo-de-outro-candidatos-e-assim-caminha-a-eleicao\\\/\"},\"wordCount\":585,\"commentCount\":0,\"publisher\":{\"@id\":\"https:\\\/\\\/www.notibras.com\\\/site\\\/#organization\"},\"image\":{\"@id\":\"https:\\\/\\\/www.notibras.com\\\/site\\\/de-um-lado-o-povo-de-outro-candidatos-e-assim-caminha-a-eleicao\\\/#primaryimage\"},\"thumbnailUrl\":\"https:\\\/\\\/www.notibras.com\\\/site\\\/wp-content\\\/uploads\\\/2014\\\/09\\\/233839.jpg\",\"articleSection\":[\"Opina a\u00ed\"],\"inLanguage\":\"pt-BR\",\"potentialAction\":[{\"@type\":\"CommentAction\",\"name\":\"Comment\",\"target\":[\"https:\\\/\\\/www.notibras.com\\\/site\\\/de-um-lado-o-povo-de-outro-candidatos-e-assim-caminha-a-eleicao\\\/#respond\"]}]},{\"@type\":\"WebPage\",\"@id\":\"https:\\\/\\\/www.notibras.com\\\/site\\\/de-um-lado-o-povo-de-outro-candidatos-e-assim-caminha-a-eleicao\\\/\",\"url\":\"https:\\\/\\\/www.notibras.com\\\/site\\\/de-um-lado-o-povo-de-outro-candidatos-e-assim-caminha-a-eleicao\\\/\",\"name\":\"De um lado o povo, de outro, candidatos; assim vai a elei\u00e7\u00e3o - Notibras\",\"isPartOf\":{\"@id\":\"https:\\\/\\\/www.notibras.com\\\/site\\\/#website\"},\"primaryImageOfPage\":{\"@id\":\"https:\\\/\\\/www.notibras.com\\\/site\\\/de-um-lado-o-povo-de-outro-candidatos-e-assim-caminha-a-eleicao\\\/#primaryimage\"},\"image\":{\"@id\":\"https:\\\/\\\/www.notibras.com\\\/site\\\/de-um-lado-o-povo-de-outro-candidatos-e-assim-caminha-a-eleicao\\\/#primaryimage\"},\"thumbnailUrl\":\"https:\\\/\\\/www.notibras.com\\\/site\\\/wp-content\\\/uploads\\\/2014\\\/09\\\/233839.jpg\",\"datePublished\":\"2014-09-16T01:11:16+00:00\",\"dateModified\":\"2014-09-18T02:38:29+00:00\",\"breadcrumb\":{\"@id\":\"https:\\\/\\\/www.notibras.com\\\/site\\\/de-um-lado-o-povo-de-outro-candidatos-e-assim-caminha-a-eleicao\\\/#breadcrumb\"},\"inLanguage\":\"pt-BR\",\"potentialAction\":[{\"@type\":\"ReadAction\",\"target\":[\"https:\\\/\\\/www.notibras.com\\\/site\\\/de-um-lado-o-povo-de-outro-candidatos-e-assim-caminha-a-eleicao\\\/\"]}]},{\"@type\":\"ImageObject\",\"inLanguage\":\"pt-BR\",\"@id\":\"https:\\\/\\\/www.notibras.com\\\/site\\\/de-um-lado-o-povo-de-outro-candidatos-e-assim-caminha-a-eleicao\\\/#primaryimage\",\"url\":\"https:\\\/\\\/www.notibras.com\\\/site\\\/wp-content\\\/uploads\\\/2014\\\/09\\\/233839.jpg\",\"contentUrl\":\"https:\\\/\\\/www.notibras.com\\\/site\\\/wp-content\\\/uploads\\\/2014\\\/09\\\/233839.jpg\",\"width\":640,\"height\":480},{\"@type\":\"BreadcrumbList\",\"@id\":\"https:\\\/\\\/www.notibras.com\\\/site\\\/de-um-lado-o-povo-de-outro-candidatos-e-assim-caminha-a-eleicao\\\/#breadcrumb\",\"itemListElement\":[{\"@type\":\"ListItem\",\"position\":1,\"name\":\"In\u00edcio\",\"item\":\"https:\\\/\\\/www.notibras.com\\\/site\\\/\"},{\"@type\":\"ListItem\",\"position\":2,\"name\":\"De um lado o povo, de outro, candidatos; assim vai a elei\u00e7\u00e3o\"}]},{\"@type\":\"WebSite\",\"@id\":\"https:\\\/\\\/www.notibras.com\\\/site\\\/#website\",\"url\":\"https:\\\/\\\/www.notibras.com\\\/site\\\/\",\"name\":\"Notibras\",\"description\":\"Not\u00edcias de Bras\u00edlia, do Brasil e do Mundo\",\"publisher\":{\"@id\":\"https:\\\/\\\/www.notibras.com\\\/site\\\/#organization\"},\"potentialAction\":[{\"@type\":\"SearchAction\",\"target\":{\"@type\":\"EntryPoint\",\"urlTemplate\":\"https:\\\/\\\/www.notibras.com\\\/site\\\/?s={search_term_string}\"},\"query-input\":{\"@type\":\"PropertyValueSpecification\",\"valueRequired\":true,\"valueName\":\"search_term_string\"}}],\"inLanguage\":\"pt-BR\"},{\"@type\":\"Organization\",\"@id\":\"https:\\\/\\\/www.notibras.com\\\/site\\\/#organization\",\"name\":\"Grupo Notibras de Comunica\u00e7\u00e3o\",\"url\":\"https:\\\/\\\/www.notibras.com\\\/site\\\/\",\"logo\":{\"@type\":\"ImageObject\",\"inLanguage\":\"pt-BR\",\"@id\":\"https:\\\/\\\/www.notibras.com\\\/site\\\/#\\\/schema\\\/logo\\\/image\\\/\",\"url\":\"https:\\\/\\\/www.notibras.com\\\/site\\\/wp-content\\\/uploads\\\/2023\\\/01\\\/notibras23.png\",\"contentUrl\":\"https:\\\/\\\/www.notibras.com\\\/site\\\/wp-content\\\/uploads\\\/2023\\\/01\\\/notibras23.png\",\"width\":350,\"height\":87,\"caption\":\"Grupo Notibras de Comunica\u00e7\u00e3o\"},\"image\":{\"@id\":\"https:\\\/\\\/www.notibras.com\\\/site\\\/#\\\/schema\\\/logo\\\/image\\\/\"},\"sameAs\":[\"https:\\\/\\\/www.facebook.com\\\/notibras\\\/\",\"https:\\\/\\\/x.com\\\/Notibras\",\"https:\\\/\\\/www.instagram.com\\\/notibras\\\/\"]},{\"@type\":\"Person\",\"@id\":\"https:\\\/\\\/www.notibras.com\\\/site\\\/#\\\/schema\\\/person\\\/36ab0979449956132d3e5b517ea76ac8\",\"name\":\"Reda\u00e7\u00e3o\",\"image\":{\"@type\":\"ImageObject\",\"inLanguage\":\"pt-BR\",\"@id\":\"https:\\\/\\\/secure.gravatar.com\\\/avatar\\\/e0a867bdedb85fd243eadf09663511f96fc81e0720a4a42581f334ad4303aa6b?s=96&d=mm&r=g\",\"url\":\"https:\\\/\\\/secure.gravatar.com\\\/avatar\\\/e0a867bdedb85fd243eadf09663511f96fc81e0720a4a42581f334ad4303aa6b?s=96&d=mm&r=g\",\"contentUrl\":\"https:\\\/\\\/secure.gravatar.com\\\/avatar\\\/e0a867bdedb85fd243eadf09663511f96fc81e0720a4a42581f334ad4303aa6b?s=96&d=mm&r=g\",\"caption\":\"Reda\u00e7\u00e3o\"}}]}<\/script>\n<!-- \/ Yoast SEO plugin. -->","yoast_head_json":{"title":"De um lado o povo, de outro, candidatos; assim vai a elei\u00e7\u00e3o - Notibras","robots":{"index":"index","follow":"follow","max-snippet":"max-snippet:-1","max-image-preview":"max-image-preview:large","max-video-preview":"max-video-preview:-1"},"canonical":"https:\/\/www.notibras.com\/site\/de-um-lado-o-povo-de-outro-candidatos-e-assim-caminha-a-eleicao\/","og_locale":"pt_BR","og_type":"article","og_title":"De um lado o povo, de outro, candidatos; assim vai a elei\u00e7\u00e3o - Notibras","og_description":"E os pol\u00edticos v\u00e3o deixando pelas ruas de nosso imenso pa\u00eds o que trazem dentro deles mesmos. Pensam ser as cidades uma extens\u00e3o de seus gabinetes e tomam conta das pra\u00e7as, das avenidas, das \u00e1reas p\u00fablicas. Demonstram, antes de conquistar o poder, o respeito que t\u00eam aos cidad\u00e3os, ao homem comum das ruas, \u00e0 fam\u00edlia [&hellip;]","og_url":"https:\/\/www.notibras.com\/site\/de-um-lado-o-povo-de-outro-candidatos-e-assim-caminha-a-eleicao\/","og_site_name":"Notibras","article_publisher":"https:\/\/www.facebook.com\/notibras\/","article_published_time":"2014-09-16T01:11:16+00:00","article_modified_time":"2014-09-18T02:38:29+00:00","og_image":[{"width":640,"height":480,"url":"https:\/\/www.notibras.com\/site\/wp-content\/uploads\/2014\/09\/233839.jpg","type":"image\/jpeg"}],"author":"Reda\u00e7\u00e3o","twitter_card":"summary_large_image","twitter_creator":"@Notibras","twitter_site":"@Notibras","twitter_misc":{"Escrito por":"Reda\u00e7\u00e3o","Est. tempo de leitura":"3 minutos"},"schema":{"@context":"https:\/\/schema.org","@graph":[{"@type":"Article","@id":"https:\/\/www.notibras.com\/site\/de-um-lado-o-povo-de-outro-candidatos-e-assim-caminha-a-eleicao\/#article","isPartOf":{"@id":"https:\/\/www.notibras.com\/site\/de-um-lado-o-povo-de-outro-candidatos-e-assim-caminha-a-eleicao\/"},"author":{"name":"Reda\u00e7\u00e3o","@id":"https:\/\/www.notibras.com\/site\/#\/schema\/person\/36ab0979449956132d3e5b517ea76ac8"},"headline":"De um lado o povo, de outro, candidatos; assim vai a elei\u00e7\u00e3o","datePublished":"2014-09-16T01:11:16+00:00","dateModified":"2014-09-18T02:38:29+00:00","mainEntityOfPage":{"@id":"https:\/\/www.notibras.com\/site\/de-um-lado-o-povo-de-outro-candidatos-e-assim-caminha-a-eleicao\/"},"wordCount":585,"commentCount":0,"publisher":{"@id":"https:\/\/www.notibras.com\/site\/#organization"},"image":{"@id":"https:\/\/www.notibras.com\/site\/de-um-lado-o-povo-de-outro-candidatos-e-assim-caminha-a-eleicao\/#primaryimage"},"thumbnailUrl":"https:\/\/www.notibras.com\/site\/wp-content\/uploads\/2014\/09\/233839.jpg","articleSection":["Opina a\u00ed"],"inLanguage":"pt-BR","potentialAction":[{"@type":"CommentAction","name":"Comment","target":["https:\/\/www.notibras.com\/site\/de-um-lado-o-povo-de-outro-candidatos-e-assim-caminha-a-eleicao\/#respond"]}]},{"@type":"WebPage","@id":"https:\/\/www.notibras.com\/site\/de-um-lado-o-povo-de-outro-candidatos-e-assim-caminha-a-eleicao\/","url":"https:\/\/www.notibras.com\/site\/de-um-lado-o-povo-de-outro-candidatos-e-assim-caminha-a-eleicao\/","name":"De um lado o povo, de outro, candidatos; assim vai a elei\u00e7\u00e3o - Notibras","isPartOf":{"@id":"https:\/\/www.notibras.com\/site\/#website"},"primaryImageOfPage":{"@id":"https:\/\/www.notibras.com\/site\/de-um-lado-o-povo-de-outro-candidatos-e-assim-caminha-a-eleicao\/#primaryimage"},"image":{"@id":"https:\/\/www.notibras.com\/site\/de-um-lado-o-povo-de-outro-candidatos-e-assim-caminha-a-eleicao\/#primaryimage"},"thumbnailUrl":"https:\/\/www.notibras.com\/site\/wp-content\/uploads\/2014\/09\/233839.jpg","datePublished":"2014-09-16T01:11:16+00:00","dateModified":"2014-09-18T02:38:29+00:00","breadcrumb":{"@id":"https:\/\/www.notibras.com\/site\/de-um-lado-o-povo-de-outro-candidatos-e-assim-caminha-a-eleicao\/#breadcrumb"},"inLanguage":"pt-BR","potentialAction":[{"@type":"ReadAction","target":["https:\/\/www.notibras.com\/site\/de-um-lado-o-povo-de-outro-candidatos-e-assim-caminha-a-eleicao\/"]}]},{"@type":"ImageObject","inLanguage":"pt-BR","@id":"https:\/\/www.notibras.com\/site\/de-um-lado-o-povo-de-outro-candidatos-e-assim-caminha-a-eleicao\/#primaryimage","url":"https:\/\/www.notibras.com\/site\/wp-content\/uploads\/2014\/09\/233839.jpg","contentUrl":"https:\/\/www.notibras.com\/site\/wp-content\/uploads\/2014\/09\/233839.jpg","width":640,"height":480},{"@type":"BreadcrumbList","@id":"https:\/\/www.notibras.com\/site\/de-um-lado-o-povo-de-outro-candidatos-e-assim-caminha-a-eleicao\/#breadcrumb","itemListElement":[{"@type":"ListItem","position":1,"name":"In\u00edcio","item":"https:\/\/www.notibras.com\/site\/"},{"@type":"ListItem","position":2,"name":"De um lado o povo, de outro, candidatos; assim vai a elei\u00e7\u00e3o"}]},{"@type":"WebSite","@id":"https:\/\/www.notibras.com\/site\/#website","url":"https:\/\/www.notibras.com\/site\/","name":"Notibras","description":"Not\u00edcias de Bras\u00edlia, do Brasil e do Mundo","publisher":{"@id":"https:\/\/www.notibras.com\/site\/#organization"},"potentialAction":[{"@type":"SearchAction","target":{"@type":"EntryPoint","urlTemplate":"https:\/\/www.notibras.com\/site\/?s={search_term_string}"},"query-input":{"@type":"PropertyValueSpecification","valueRequired":true,"valueName":"search_term_string"}}],"inLanguage":"pt-BR"},{"@type":"Organization","@id":"https:\/\/www.notibras.com\/site\/#organization","name":"Grupo Notibras de Comunica\u00e7\u00e3o","url":"https:\/\/www.notibras.com\/site\/","logo":{"@type":"ImageObject","inLanguage":"pt-BR","@id":"https:\/\/www.notibras.com\/site\/#\/schema\/logo\/image\/","url":"https:\/\/www.notibras.com\/site\/wp-content\/uploads\/2023\/01\/notibras23.png","contentUrl":"https:\/\/www.notibras.com\/site\/wp-content\/uploads\/2023\/01\/notibras23.png","width":350,"height":87,"caption":"Grupo Notibras de Comunica\u00e7\u00e3o"},"image":{"@id":"https:\/\/www.notibras.com\/site\/#\/schema\/logo\/image\/"},"sameAs":["https:\/\/www.facebook.com\/notibras\/","https:\/\/x.com\/Notibras","https:\/\/www.instagram.com\/notibras\/"]},{"@type":"Person","@id":"https:\/\/www.notibras.com\/site\/#\/schema\/person\/36ab0979449956132d3e5b517ea76ac8","name":"Reda\u00e7\u00e3o","image":{"@type":"ImageObject","inLanguage":"pt-BR","@id":"https:\/\/secure.gravatar.com\/avatar\/e0a867bdedb85fd243eadf09663511f96fc81e0720a4a42581f334ad4303aa6b?s=96&d=mm&r=g","url":"https:\/\/secure.gravatar.com\/avatar\/e0a867bdedb85fd243eadf09663511f96fc81e0720a4a42581f334ad4303aa6b?s=96&d=mm&r=g","contentUrl":"https:\/\/secure.gravatar.com\/avatar\/e0a867bdedb85fd243eadf09663511f96fc81e0720a4a42581f334ad4303aa6b?s=96&d=mm&r=g","caption":"Reda\u00e7\u00e3o"}}]}},"amp_enabled":true,"_links":{"self":[{"href":"https:\/\/www.notibras.com\/site\/wp-json\/wp\/v2\/posts\/22339","targetHints":{"allow":["GET"]}}],"collection":[{"href":"https:\/\/www.notibras.com\/site\/wp-json\/wp\/v2\/posts"}],"about":[{"href":"https:\/\/www.notibras.com\/site\/wp-json\/wp\/v2\/types\/post"}],"author":[{"embeddable":true,"href":"https:\/\/www.notibras.com\/site\/wp-json\/wp\/v2\/users\/2"}],"replies":[{"embeddable":true,"href":"https:\/\/www.notibras.com\/site\/wp-json\/wp\/v2\/comments?post=22339"}],"version-history":[{"count":0,"href":"https:\/\/www.notibras.com\/site\/wp-json\/wp\/v2\/posts\/22339\/revisions"}],"wp:featuredmedia":[{"embeddable":true,"href":"https:\/\/www.notibras.com\/site\/wp-json\/wp\/v2\/media\/22340"}],"wp:attachment":[{"href":"https:\/\/www.notibras.com\/site\/wp-json\/wp\/v2\/media?parent=22339"}],"wp:term":[{"taxonomy":"category","embeddable":true,"href":"https:\/\/www.notibras.com\/site\/wp-json\/wp\/v2\/categories?post=22339"},{"taxonomy":"post_tag","embeddable":true,"href":"https:\/\/www.notibras.com\/site\/wp-json\/wp\/v2\/tags?post=22339"}],"curies":[{"name":"wp","href":"https:\/\/api.w.org\/{rel}","templated":true}]}}