{"id":22397,"date":"2014-09-16T17:00:44","date_gmt":"2014-09-16T20:00:44","guid":{"rendered":"http:\/\/www.notibras.com\/site\/?p=22397"},"modified":"2014-09-16T17:00:44","modified_gmt":"2014-09-16T20:00:44","slug":"de-nome-em-nome-a-coligacao-se-esvazia-e-o-gajo-fica-so","status":"publish","type":"post","link":"https:\/\/www.notibras.com\/site\/de-nome-em-nome-a-coligacao-se-esvazia-e-o-gajo-fica-so\/","title":{"rendered":"De nome em nome a coliga\u00e7\u00e3o se esvazia e o gajo fica s\u00f3"},"content":{"rendered":"<p>\u00c9 imensur\u00e1vel o n\u00famero de candidatos a cargos proporcionais, oficialmente na coliga\u00e7\u00e3o do PT, que temem associar seus nomes \u00e0 legenda do governador Agnelo Queiroz. Ali\u00e1s, n\u00e3o s\u00f3 ao partido da estrela vermelha, mas ao pr\u00f3prio candidato que tenta a reelei\u00e7\u00e3o. aliados ao PT. O pior \u00e9 que existem os que debandam de cara lavada, tentando pegar inutilmente carona no caminh\u00e3o de votos de Marina Silva.<\/p>\n","protected":false},"excerpt":{"rendered":"<p>\u00c9 imensur\u00e1vel o n\u00famero de candidatos a cargos proporcionais, oficialmente na coliga\u00e7\u00e3o do PT, que temem associar seus nomes \u00e0 legenda do governador Agnelo Queiroz. Ali\u00e1s, n\u00e3o s\u00f3 ao partido da estrela vermelha, mas ao pr\u00f3prio candidato que tenta a reelei\u00e7\u00e3o. aliados ao PT. O pior \u00e9 que existem os que debandam de cara lavada, [&hellip;]<\/p>\n","protected":false},"author":2,"featured_media":22398,"comment_status":"open","ping_status":"closed","sticky":false,"template":"","format":"standard","meta":{"_acf_changed":false,"footnotes":""},"categories":[26],"tags":[],"class_list":["post-22397","post","type-post","status-publish","format-standard","has-post-thumbnail","hentry","category-eleicoes-2022"],"acf":[],"yoast_head":"<!-- This site is optimized with the Yoast SEO plugin v27.2 - https:\/\/yoast.com\/product\/yoast-seo-wordpress\/ -->\n<title>De nome em nome a coliga\u00e7\u00e3o se esvazia e o gajo fica s\u00f3 - Notibras<\/title>\n<meta name=\"robots\" content=\"index, follow, max-snippet:-1, max-image-preview:large, max-video-preview:-1\" \/>\n<link rel=\"canonical\" href=\"https:\/\/www.notibras.com\/site\/de-nome-em-nome-a-coligacao-se-esvazia-e-o-gajo-fica-so\/\" \/>\n<meta property=\"og:locale\" content=\"pt_BR\" \/>\n<meta property=\"og:type\" content=\"article\" \/>\n<meta property=\"og:title\" content=\"De nome em nome a coliga\u00e7\u00e3o se esvazia e o gajo fica s\u00f3 - Notibras\" \/>\n<meta property=\"og:description\" content=\"\u00c9 imensur\u00e1vel o n\u00famero de candidatos a cargos proporcionais, oficialmente na coliga\u00e7\u00e3o do PT, que temem associar seus nomes \u00e0 legenda do governador Agnelo Queiroz. Ali\u00e1s, n\u00e3o s\u00f3 ao partido da estrela vermelha, mas ao pr\u00f3prio candidato que tenta a reelei\u00e7\u00e3o. aliados ao PT. O pior \u00e9 que existem os que debandam de cara lavada, [&hellip;]\" \/>\n<meta property=\"og:url\" content=\"https:\/\/www.notibras.com\/site\/de-nome-em-nome-a-coligacao-se-esvazia-e-o-gajo-fica-so\/\" \/>\n<meta property=\"og:site_name\" content=\"Notibras\" \/>\n<meta property=\"article:publisher\" content=\"https:\/\/www.facebook.com\/notibras\/\" \/>\n<meta property=\"article:published_time\" content=\"2014-09-16T20:00:44+00:00\" \/>\n<meta property=\"og:image\" content=\"https:\/\/www.notibras.com\/site\/wp-content\/uploads\/2014\/09\/peri34.jpg\" \/>\n\t<meta property=\"og:image:width\" content=\"800\" \/>\n\t<meta property=\"og:image:height\" content=\"597\" \/>\n\t<meta property=\"og:image:type\" content=\"image\/jpeg\" \/>\n<meta name=\"author\" content=\"Reda\u00e7\u00e3o\" \/>\n<meta name=\"twitter:card\" content=\"summary_large_image\" \/>\n<meta name=\"twitter:creator\" content=\"@Notibras\" \/>\n<meta name=\"twitter:site\" content=\"@Notibras\" \/>\n<meta name=\"twitter:label1\" content=\"Escrito por\" \/>\n\t<meta name=\"twitter:data1\" content=\"Reda\u00e7\u00e3o\" \/>\n<script type=\"application\/ld+json\" class=\"yoast-schema-graph\">{\"@context\":\"https:\/\/schema.org\",\"@graph\":[{\"@type\":\"Article\",\"@id\":\"https:\/\/www.notibras.com\/site\/de-nome-em-nome-a-coligacao-se-esvazia-e-o-gajo-fica-so\/#article\",\"isPartOf\":{\"@id\":\"https:\/\/www.notibras.com\/site\/de-nome-em-nome-a-coligacao-se-esvazia-e-o-gajo-fica-so\/\"},\"author\":{\"name\":\"Reda\u00e7\u00e3o\",\"@id\":\"https:\/\/www.notibras.com\/site\/#\/schema\/person\/36ab0979449956132d3e5b517ea76ac8\"},\"headline\":\"De nome em nome a coliga\u00e7\u00e3o se esvazia e o gajo fica s\u00f3\",\"datePublished\":\"2014-09-16T20:00:44+00:00\",\"mainEntityOfPage\":{\"@id\":\"https:\/\/www.notibras.com\/site\/de-nome-em-nome-a-coligacao-se-esvazia-e-o-gajo-fica-so\/\"},\"wordCount\":85,\"commentCount\":0,\"publisher\":{\"@id\":\"https:\/\/www.notibras.com\/site\/#organization\"},\"image\":{\"@id\":\"https:\/\/www.notibras.com\/site\/de-nome-em-nome-a-coligacao-se-esvazia-e-o-gajo-fica-so\/#primaryimage\"},\"thumbnailUrl\":\"https:\/\/www.notibras.com\/site\/wp-content\/uploads\/2014\/09\/peri34.jpg\",\"articleSection\":[\"Elei\u00e7\u00f5es 2022\"],\"inLanguage\":\"pt-BR\",\"potentialAction\":[{\"@type\":\"CommentAction\",\"name\":\"Comment\",\"target\":[\"https:\/\/www.notibras.com\/site\/de-nome-em-nome-a-coligacao-se-esvazia-e-o-gajo-fica-so\/#respond\"]}]},{\"@type\":\"WebPage\",\"@id\":\"https:\/\/www.notibras.com\/site\/de-nome-em-nome-a-coligacao-se-esvazia-e-o-gajo-fica-so\/\",\"url\":\"https:\/\/www.notibras.com\/site\/de-nome-em-nome-a-coligacao-se-esvazia-e-o-gajo-fica-so\/\",\"name\":\"De nome em nome a coliga\u00e7\u00e3o se esvazia e o gajo fica s\u00f3 - Notibras\",\"isPartOf\":{\"@id\":\"https:\/\/www.notibras.com\/site\/#website\"},\"primaryImageOfPage\":{\"@id\":\"https:\/\/www.notibras.com\/site\/de-nome-em-nome-a-coligacao-se-esvazia-e-o-gajo-fica-so\/#primaryimage\"},\"image\":{\"@id\":\"https:\/\/www.notibras.com\/site\/de-nome-em-nome-a-coligacao-se-esvazia-e-o-gajo-fica-so\/#primaryimage\"},\"thumbnailUrl\":\"https:\/\/www.notibras.com\/site\/wp-content\/uploads\/2014\/09\/peri34.jpg\",\"datePublished\":\"2014-09-16T20:00:44+00:00\",\"breadcrumb\":{\"@id\":\"https:\/\/www.notibras.com\/site\/de-nome-em-nome-a-coligacao-se-esvazia-e-o-gajo-fica-so\/#breadcrumb\"},\"inLanguage\":\"pt-BR\",\"potentialAction\":[{\"@type\":\"ReadAction\",\"target\":[\"https:\/\/www.notibras.com\/site\/de-nome-em-nome-a-coligacao-se-esvazia-e-o-gajo-fica-so\/\"]}]},{\"@type\":\"ImageObject\",\"inLanguage\":\"pt-BR\",\"@id\":\"https:\/\/www.notibras.com\/site\/de-nome-em-nome-a-coligacao-se-esvazia-e-o-gajo-fica-so\/#primaryimage\",\"url\":\"https:\/\/www.notibras.com\/site\/wp-content\/uploads\/2014\/09\/peri34.jpg\",\"contentUrl\":\"https:\/\/www.notibras.com\/site\/wp-content\/uploads\/2014\/09\/peri34.jpg\",\"width\":800,\"height\":597},{\"@type\":\"BreadcrumbList\",\"@id\":\"https:\/\/www.notibras.com\/site\/de-nome-em-nome-a-coligacao-se-esvazia-e-o-gajo-fica-so\/#breadcrumb\",\"itemListElement\":[{\"@type\":\"ListItem\",\"position\":1,\"name\":\"In\u00edcio\",\"item\":\"https:\/\/www.notibras.com\/site\/\"},{\"@type\":\"ListItem\",\"position\":2,\"name\":\"De nome em nome a coliga\u00e7\u00e3o se esvazia e o gajo fica s\u00f3\"}]},{\"@type\":\"WebSite\",\"@id\":\"https:\/\/www.notibras.com\/site\/#website\",\"url\":\"https:\/\/www.notibras.com\/site\/\",\"name\":\"Notibras\",\"description\":\"Not\u00edcias de Bras\u00edlia, do Brasil e do Mundo\",\"publisher\":{\"@id\":\"https:\/\/www.notibras.com\/site\/#organization\"},\"potentialAction\":[{\"@type\":\"SearchAction\",\"target\":{\"@type\":\"EntryPoint\",\"urlTemplate\":\"https:\/\/www.notibras.com\/site\/?s={search_term_string}\"},\"query-input\":{\"@type\":\"PropertyValueSpecification\",\"valueRequired\":true,\"valueName\":\"search_term_string\"}}],\"inLanguage\":\"pt-BR\"},{\"@type\":\"Organization\",\"@id\":\"https:\/\/www.notibras.com\/site\/#organization\",\"name\":\"Grupo Notibras de Comunica\u00e7\u00e3o\",\"url\":\"https:\/\/www.notibras.com\/site\/\",\"logo\":{\"@type\":\"ImageObject\",\"inLanguage\":\"pt-BR\",\"@id\":\"https:\/\/www.notibras.com\/site\/#\/schema\/logo\/image\/\",\"url\":\"https:\/\/www.notibras.com\/site\/wp-content\/uploads\/2023\/01\/notibras23.png\",\"contentUrl\":\"https:\/\/www.notibras.com\/site\/wp-content\/uploads\/2023\/01\/notibras23.png\",\"width\":350,\"height\":87,\"caption\":\"Grupo Notibras de Comunica\u00e7\u00e3o\"},\"image\":{\"@id\":\"https:\/\/www.notibras.com\/site\/#\/schema\/logo\/image\/\"},\"sameAs\":[\"https:\/\/www.facebook.com\/notibras\/\",\"https:\/\/x.com\/Notibras\",\"https:\/\/www.instagram.com\/notibras\/\"]},{\"@type\":\"Person\",\"@id\":\"https:\/\/www.notibras.com\/site\/#\/schema\/person\/36ab0979449956132d3e5b517ea76ac8\",\"name\":\"Reda\u00e7\u00e3o\",\"image\":{\"@type\":\"ImageObject\",\"inLanguage\":\"pt-BR\",\"@id\":\"https:\/\/secure.gravatar.com\/avatar\/e0a867bdedb85fd243eadf09663511f96fc81e0720a4a42581f334ad4303aa6b?s=96&d=mm&r=g\",\"url\":\"https:\/\/secure.gravatar.com\/avatar\/e0a867bdedb85fd243eadf09663511f96fc81e0720a4a42581f334ad4303aa6b?s=96&d=mm&r=g\",\"contentUrl\":\"https:\/\/secure.gravatar.com\/avatar\/e0a867bdedb85fd243eadf09663511f96fc81e0720a4a42581f334ad4303aa6b?s=96&d=mm&r=g\",\"caption\":\"Reda\u00e7\u00e3o\"}}]}<\/script>\n<!-- \/ Yoast SEO plugin. -->","yoast_head_json":{"title":"De nome em nome a coliga\u00e7\u00e3o se esvazia e o gajo fica s\u00f3 - Notibras","robots":{"index":"index","follow":"follow","max-snippet":"max-snippet:-1","max-image-preview":"max-image-preview:large","max-video-preview":"max-video-preview:-1"},"canonical":"https:\/\/www.notibras.com\/site\/de-nome-em-nome-a-coligacao-se-esvazia-e-o-gajo-fica-so\/","og_locale":"pt_BR","og_type":"article","og_title":"De nome em nome a coliga\u00e7\u00e3o se esvazia e o gajo fica s\u00f3 - Notibras","og_description":"\u00c9 imensur\u00e1vel o n\u00famero de candidatos a cargos proporcionais, oficialmente na coliga\u00e7\u00e3o do PT, que temem associar seus nomes \u00e0 legenda do governador Agnelo Queiroz. Ali\u00e1s, n\u00e3o s\u00f3 ao partido da estrela vermelha, mas ao pr\u00f3prio candidato que tenta a reelei\u00e7\u00e3o. aliados ao PT. O pior \u00e9 que existem os que debandam de cara lavada, [&hellip;]","og_url":"https:\/\/www.notibras.com\/site\/de-nome-em-nome-a-coligacao-se-esvazia-e-o-gajo-fica-so\/","og_site_name":"Notibras","article_publisher":"https:\/\/www.facebook.com\/notibras\/","article_published_time":"2014-09-16T20:00:44+00:00","og_image":[{"width":800,"height":597,"url":"https:\/\/www.notibras.com\/site\/wp-content\/uploads\/2014\/09\/peri34.jpg","type":"image\/jpeg"}],"author":"Reda\u00e7\u00e3o","twitter_card":"summary_large_image","twitter_creator":"@Notibras","twitter_site":"@Notibras","twitter_misc":{"Escrito por":"Reda\u00e7\u00e3o"},"schema":{"@context":"https:\/\/schema.org","@graph":[{"@type":"Article","@id":"https:\/\/www.notibras.com\/site\/de-nome-em-nome-a-coligacao-se-esvazia-e-o-gajo-fica-so\/#article","isPartOf":{"@id":"https:\/\/www.notibras.com\/site\/de-nome-em-nome-a-coligacao-se-esvazia-e-o-gajo-fica-so\/"},"author":{"name":"Reda\u00e7\u00e3o","@id":"https:\/\/www.notibras.com\/site\/#\/schema\/person\/36ab0979449956132d3e5b517ea76ac8"},"headline":"De nome em nome a coliga\u00e7\u00e3o se esvazia e o gajo fica s\u00f3","datePublished":"2014-09-16T20:00:44+00:00","mainEntityOfPage":{"@id":"https:\/\/www.notibras.com\/site\/de-nome-em-nome-a-coligacao-se-esvazia-e-o-gajo-fica-so\/"},"wordCount":85,"commentCount":0,"publisher":{"@id":"https:\/\/www.notibras.com\/site\/#organization"},"image":{"@id":"https:\/\/www.notibras.com\/site\/de-nome-em-nome-a-coligacao-se-esvazia-e-o-gajo-fica-so\/#primaryimage"},"thumbnailUrl":"https:\/\/www.notibras.com\/site\/wp-content\/uploads\/2014\/09\/peri34.jpg","articleSection":["Elei\u00e7\u00f5es 2022"],"inLanguage":"pt-BR","potentialAction":[{"@type":"CommentAction","name":"Comment","target":["https:\/\/www.notibras.com\/site\/de-nome-em-nome-a-coligacao-se-esvazia-e-o-gajo-fica-so\/#respond"]}]},{"@type":"WebPage","@id":"https:\/\/www.notibras.com\/site\/de-nome-em-nome-a-coligacao-se-esvazia-e-o-gajo-fica-so\/","url":"https:\/\/www.notibras.com\/site\/de-nome-em-nome-a-coligacao-se-esvazia-e-o-gajo-fica-so\/","name":"De nome em nome a coliga\u00e7\u00e3o se esvazia e o gajo fica s\u00f3 - Notibras","isPartOf":{"@id":"https:\/\/www.notibras.com\/site\/#website"},"primaryImageOfPage":{"@id":"https:\/\/www.notibras.com\/site\/de-nome-em-nome-a-coligacao-se-esvazia-e-o-gajo-fica-so\/#primaryimage"},"image":{"@id":"https:\/\/www.notibras.com\/site\/de-nome-em-nome-a-coligacao-se-esvazia-e-o-gajo-fica-so\/#primaryimage"},"thumbnailUrl":"https:\/\/www.notibras.com\/site\/wp-content\/uploads\/2014\/09\/peri34.jpg","datePublished":"2014-09-16T20:00:44+00:00","breadcrumb":{"@id":"https:\/\/www.notibras.com\/site\/de-nome-em-nome-a-coligacao-se-esvazia-e-o-gajo-fica-so\/#breadcrumb"},"inLanguage":"pt-BR","potentialAction":[{"@type":"ReadAction","target":["https:\/\/www.notibras.com\/site\/de-nome-em-nome-a-coligacao-se-esvazia-e-o-gajo-fica-so\/"]}]},{"@type":"ImageObject","inLanguage":"pt-BR","@id":"https:\/\/www.notibras.com\/site\/de-nome-em-nome-a-coligacao-se-esvazia-e-o-gajo-fica-so\/#primaryimage","url":"https:\/\/www.notibras.com\/site\/wp-content\/uploads\/2014\/09\/peri34.jpg","contentUrl":"https:\/\/www.notibras.com\/site\/wp-content\/uploads\/2014\/09\/peri34.jpg","width":800,"height":597},{"@type":"BreadcrumbList","@id":"https:\/\/www.notibras.com\/site\/de-nome-em-nome-a-coligacao-se-esvazia-e-o-gajo-fica-so\/#breadcrumb","itemListElement":[{"@type":"ListItem","position":1,"name":"In\u00edcio","item":"https:\/\/www.notibras.com\/site\/"},{"@type":"ListItem","position":2,"name":"De nome em nome a coliga\u00e7\u00e3o se esvazia e o gajo fica s\u00f3"}]},{"@type":"WebSite","@id":"https:\/\/www.notibras.com\/site\/#website","url":"https:\/\/www.notibras.com\/site\/","name":"Notibras","description":"Not\u00edcias de Bras\u00edlia, do Brasil e do Mundo","publisher":{"@id":"https:\/\/www.notibras.com\/site\/#organization"},"potentialAction":[{"@type":"SearchAction","target":{"@type":"EntryPoint","urlTemplate":"https:\/\/www.notibras.com\/site\/?s={search_term_string}"},"query-input":{"@type":"PropertyValueSpecification","valueRequired":true,"valueName":"search_term_string"}}],"inLanguage":"pt-BR"},{"@type":"Organization","@id":"https:\/\/www.notibras.com\/site\/#organization","name":"Grupo Notibras de Comunica\u00e7\u00e3o","url":"https:\/\/www.notibras.com\/site\/","logo":{"@type":"ImageObject","inLanguage":"pt-BR","@id":"https:\/\/www.notibras.com\/site\/#\/schema\/logo\/image\/","url":"https:\/\/www.notibras.com\/site\/wp-content\/uploads\/2023\/01\/notibras23.png","contentUrl":"https:\/\/www.notibras.com\/site\/wp-content\/uploads\/2023\/01\/notibras23.png","width":350,"height":87,"caption":"Grupo Notibras de Comunica\u00e7\u00e3o"},"image":{"@id":"https:\/\/www.notibras.com\/site\/#\/schema\/logo\/image\/"},"sameAs":["https:\/\/www.facebook.com\/notibras\/","https:\/\/x.com\/Notibras","https:\/\/www.instagram.com\/notibras\/"]},{"@type":"Person","@id":"https:\/\/www.notibras.com\/site\/#\/schema\/person\/36ab0979449956132d3e5b517ea76ac8","name":"Reda\u00e7\u00e3o","image":{"@type":"ImageObject","inLanguage":"pt-BR","@id":"https:\/\/secure.gravatar.com\/avatar\/e0a867bdedb85fd243eadf09663511f96fc81e0720a4a42581f334ad4303aa6b?s=96&d=mm&r=g","url":"https:\/\/secure.gravatar.com\/avatar\/e0a867bdedb85fd243eadf09663511f96fc81e0720a4a42581f334ad4303aa6b?s=96&d=mm&r=g","contentUrl":"https:\/\/secure.gravatar.com\/avatar\/e0a867bdedb85fd243eadf09663511f96fc81e0720a4a42581f334ad4303aa6b?s=96&d=mm&r=g","caption":"Reda\u00e7\u00e3o"}}]}},"amp_enabled":true,"_links":{"self":[{"href":"https:\/\/www.notibras.com\/site\/wp-json\/wp\/v2\/posts\/22397","targetHints":{"allow":["GET"]}}],"collection":[{"href":"https:\/\/www.notibras.com\/site\/wp-json\/wp\/v2\/posts"}],"about":[{"href":"https:\/\/www.notibras.com\/site\/wp-json\/wp\/v2\/types\/post"}],"author":[{"embeddable":true,"href":"https:\/\/www.notibras.com\/site\/wp-json\/wp\/v2\/users\/2"}],"replies":[{"embeddable":true,"href":"https:\/\/www.notibras.com\/site\/wp-json\/wp\/v2\/comments?post=22397"}],"version-history":[{"count":0,"href":"https:\/\/www.notibras.com\/site\/wp-json\/wp\/v2\/posts\/22397\/revisions"}],"wp:featuredmedia":[{"embeddable":true,"href":"https:\/\/www.notibras.com\/site\/wp-json\/wp\/v2\/media\/22398"}],"wp:attachment":[{"href":"https:\/\/www.notibras.com\/site\/wp-json\/wp\/v2\/media?parent=22397"}],"wp:term":[{"taxonomy":"category","embeddable":true,"href":"https:\/\/www.notibras.com\/site\/wp-json\/wp\/v2\/categories?post=22397"},{"taxonomy":"post_tag","embeddable":true,"href":"https:\/\/www.notibras.com\/site\/wp-json\/wp\/v2\/tags?post=22397"}],"curies":[{"name":"wp","href":"https:\/\/api.w.org\/{rel}","templated":true}]}}