{"id":22456,"date":"2014-09-16T22:03:27","date_gmt":"2014-09-17T01:03:27","guid":{"rendered":"http:\/\/www.notibras.com\/site\/?p=22456"},"modified":"2014-09-16T22:03:27","modified_gmt":"2014-09-17T01:03:27","slug":"bragantino-faz-2-a-0-e-joga-america-mg-para-a-lanterna","status":"publish","type":"post","link":"https:\/\/www.notibras.com\/site\/bragantino-faz-2-a-0-e-joga-america-mg-para-a-lanterna\/","title":{"rendered":"Bragantino faz 2 a 0 e joga Am\u00e9rica-MG para a lanterna"},"content":{"rendered":"<p>Depois de um bom in\u00edcio de S\u00e9rie B, o Am\u00e9rica-MG vem em queda livre dentro de campo e n\u00e3o tem conseguido os resultados positivos, nem mesmo quando tem o mando de campo. Nesta ter\u00e7a-feira, o time recebeu o Bragantino no Independ\u00eancia, e acabou derrotado por 2 a 0, causando indigna\u00e7\u00e3o nos poucos torcedores que foram ao Horto.<\/p>\n<p>Os gols da partida foram marcados por Sandro em cobran\u00e7a de falta e Cesinha. Boa parte da revolta dos americanos \u00e9 por conta da perda de 21 pontos, fruto da escala\u00e7\u00e3o irregular do lateral Eduardo, situa\u00e7\u00e3o que deixa o Am\u00e9rica-MG na lanterna da S\u00e9rie B. O rev\u00e9s contra o Bragantino complica ainda mais a vida dos mineiros, que se antes lutavam pelo acesso agora brigam para evitar a degola. O Am\u00e9rica-MG tem apenas 12 pontos, contra 26 do Bragantino.<\/p>\n<p>Na sequ\u00eancia da S\u00e9rie B do Brasileiro, o Am\u00e9rica-MG ter\u00e1 compromisso contra o Villa Nova, s\u00e1bado, no est\u00e1dio Serra Dourada. J\u00e1 o Bragantino jogar\u00e1 no mesmo dia, s\u00f3 que com o mando de campo, recebendo o Luverdense, no Nabi Abi Chedid.<\/p>\n<p>O duelo no Independ\u00eancia come\u00e7ou de forma morna, com as duas equipes se estudando bastante e tocando a bola no meio-campo. Aos poucos o Am\u00e9rica-MG foi imprimindo um ritmo mais acelerado, for\u00e7ando o Massa Bruta a recuar as linhas de marca\u00e7\u00e3o. Com isso, as chances de gol em favor do Coelho come\u00e7aram a aparecer.<\/p>\n<p>Aos 11, Mancini cobrou escanteio no primeiro pau, a zaga desviou e a bola sobrou para Renan Oliveira, que errou o alvo na hora de concluir a jogada. Pressionando a sa\u00edda de bola do Bragantino, o Am\u00e9rica-MG conseguiu for\u00e7ar alguns erros, mas o Coelho falhou muito na hora dos arremates finais.<\/p>\n<p>Aparentemente a puni\u00e7\u00e3o com a perda de 21 pontos foi sentida pelos atletas americanos em campo. Mesmo tendo mais posse de bola, o Am\u00e9rica-MG n\u00e3o conseguiu mostrar efici\u00eancia para chegar ao gol e acabou sendo castigado por isso. Aos 29, Sandro cobrou falta com perfei\u00e7\u00e3o, o goleiro Jo\u00e3o Ricardo apenas observou a bola entrar no \u00e2ngulo direito, com o time de Bragan\u00e7a Paulista abrindo o placar.<\/p>\n<p>O gol deu confian\u00e7a para o Massa Bruta, que n\u00e3o demorou muito para criar nova chance de marcar com Robertinho, que tentou um toque para encobrir Jo\u00e3o Ricardo, o goleiro americano se recuperou na jogada e conseguiu espalmar para escanteio. Aos 42, Willians perdeu grande chance para deixar tudo igual no marcador. O jogador apareceu bem na \u00e1rea, na posi\u00e7\u00e3o de centroavante, mas furou no momento de completar para as redes.<\/p>\n<p>Com vantagem, o Bragantino voltou para o segundo tempo com mais cuidados defensivo e tentando explorar os erros do Am\u00e9rica-MG para sair nos contra-ataques. Diante desta postura dos visitantes, o Coelho n\u00e3o conseguiu exercer press\u00e3o, amea\u00e7ando nos lances de bola parada e nos tiros de longa e media dist\u00e2ncia.<\/p>\n<p>Valorizando a posse de bola, o Massa Bruta conduziu a partida da forma como quis, irritando os atletas da equipe mineira e a torcida diminuta que prestigiou o Coelho. Coincid\u00eancia ou n\u00e3o, a queda de rendimento do Am\u00e9rica-MG acontece no mesmo per\u00edodo que os problemas extracampo complicam a situa\u00e7\u00e3o do clube na tabela de classifica\u00e7\u00e3o da S\u00e9rie B.<\/p>\n<p>O que j\u00e1 era ruim ficou ainda pior para o Am\u00e9rica-MG quando aos 31, Samuel foi bem \u00e0 linha de fundo e cruzou na medida para Cesinha, que livre dentro da \u00e1rea, cabeceou para o fundo das redes, dilatando o marcador para o Bragantino. Os donos da casa ainda tentaram esbo\u00e7ar uma rea\u00e7\u00e3o, mas sem sucesso.<\/p>\n","protected":false},"excerpt":{"rendered":"<p>Depois de um bom in\u00edcio de S\u00e9rie B, o Am\u00e9rica-MG vem em queda livre dentro de campo e n\u00e3o tem conseguido os resultados positivos, nem mesmo quando tem o mando de campo. Nesta ter\u00e7a-feira, o time recebeu o Bragantino no Independ\u00eancia, e acabou derrotado por 2 a 0, causando indigna\u00e7\u00e3o nos poucos torcedores que foram [&hellip;]<\/p>\n","protected":false},"author":2,"featured_media":22457,"comment_status":"open","ping_status":"closed","sticky":false,"template":"","format":"standard","meta":{"_acf_changed":false,"footnotes":""},"categories":[19,29],"tags":[],"class_list":["post-22456","post","type-post","status-publish","format-standard","has-post-thumbnail","hentry","category-esportes","category-futebol"],"acf":[],"yoast_head":"<!-- This site is optimized with the Yoast SEO plugin v27.2 - https:\/\/yoast.com\/product\/yoast-seo-wordpress\/ -->\n<title>Bragantino faz 2 a 0 e joga Am\u00e9rica-MG para a lanterna - Notibras<\/title>\n<meta name=\"robots\" content=\"index, follow, max-snippet:-1, max-image-preview:large, max-video-preview:-1\" \/>\n<link rel=\"canonical\" href=\"https:\/\/www.notibras.com\/site\/bragantino-faz-2-a-0-e-joga-america-mg-para-a-lanterna\/\" \/>\n<meta property=\"og:locale\" content=\"pt_BR\" \/>\n<meta property=\"og:type\" content=\"article\" \/>\n<meta property=\"og:title\" content=\"Bragantino faz 2 a 0 e joga Am\u00e9rica-MG para a lanterna - Notibras\" \/>\n<meta property=\"og:description\" content=\"Depois de um bom in\u00edcio de S\u00e9rie B, o Am\u00e9rica-MG vem em queda livre dentro de campo e n\u00e3o tem conseguido os resultados positivos, nem mesmo quando tem o mando de campo. Nesta ter\u00e7a-feira, o time recebeu o Bragantino no Independ\u00eancia, e acabou derrotado por 2 a 0, causando indigna\u00e7\u00e3o nos poucos torcedores que foram [&hellip;]\" \/>\n<meta property=\"og:url\" content=\"https:\/\/www.notibras.com\/site\/bragantino-faz-2-a-0-e-joga-america-mg-para-a-lanterna\/\" \/>\n<meta property=\"og:site_name\" content=\"Notibras\" \/>\n<meta property=\"article:publisher\" content=\"https:\/\/www.facebook.com\/notibras\/\" \/>\n<meta property=\"article:published_time\" content=\"2014-09-17T01:03:27+00:00\" \/>\n<meta property=\"og:image\" content=\"https:\/\/www.notibras.com\/site\/wp-content\/uploads\/2014\/09\/Leandro_001_640.jpg\" \/>\n\t<meta property=\"og:image:width\" content=\"640\" \/>\n\t<meta property=\"og:image:height\" content=\"309\" \/>\n\t<meta property=\"og:image:type\" content=\"image\/jpeg\" \/>\n<meta name=\"author\" content=\"Reda\u00e7\u00e3o\" \/>\n<meta name=\"twitter:card\" content=\"summary_large_image\" \/>\n<meta name=\"twitter:creator\" content=\"@Notibras\" \/>\n<meta name=\"twitter:site\" content=\"@Notibras\" \/>\n<meta name=\"twitter:label1\" content=\"Escrito por\" \/>\n\t<meta name=\"twitter:data1\" content=\"Reda\u00e7\u00e3o\" \/>\n\t<meta name=\"twitter:label2\" content=\"Est. tempo de leitura\" \/>\n\t<meta name=\"twitter:data2\" content=\"3 minutos\" \/>\n<script type=\"application\/ld+json\" class=\"yoast-schema-graph\">{\"@context\":\"https:\/\/schema.org\",\"@graph\":[{\"@type\":\"Article\",\"@id\":\"https:\/\/www.notibras.com\/site\/bragantino-faz-2-a-0-e-joga-america-mg-para-a-lanterna\/#article\",\"isPartOf\":{\"@id\":\"https:\/\/www.notibras.com\/site\/bragantino-faz-2-a-0-e-joga-america-mg-para-a-lanterna\/\"},\"author\":{\"name\":\"Reda\u00e7\u00e3o\",\"@id\":\"https:\/\/www.notibras.com\/site\/#\/schema\/person\/36ab0979449956132d3e5b517ea76ac8\"},\"headline\":\"Bragantino faz 2 a 0 e joga Am\u00e9rica-MG para a lanterna\",\"datePublished\":\"2014-09-17T01:03:27+00:00\",\"mainEntityOfPage\":{\"@id\":\"https:\/\/www.notibras.com\/site\/bragantino-faz-2-a-0-e-joga-america-mg-para-a-lanterna\/\"},\"wordCount\":634,\"commentCount\":0,\"publisher\":{\"@id\":\"https:\/\/www.notibras.com\/site\/#organization\"},\"image\":{\"@id\":\"https:\/\/www.notibras.com\/site\/bragantino-faz-2-a-0-e-joga-america-mg-para-a-lanterna\/#primaryimage\"},\"thumbnailUrl\":\"https:\/\/www.notibras.com\/site\/wp-content\/uploads\/2014\/09\/Leandro_001_640.jpg\",\"articleSection\":[\"Esportes\",\"Futebol\"],\"inLanguage\":\"pt-BR\",\"potentialAction\":[{\"@type\":\"CommentAction\",\"name\":\"Comment\",\"target\":[\"https:\/\/www.notibras.com\/site\/bragantino-faz-2-a-0-e-joga-america-mg-para-a-lanterna\/#respond\"]}]},{\"@type\":\"WebPage\",\"@id\":\"https:\/\/www.notibras.com\/site\/bragantino-faz-2-a-0-e-joga-america-mg-para-a-lanterna\/\",\"url\":\"https:\/\/www.notibras.com\/site\/bragantino-faz-2-a-0-e-joga-america-mg-para-a-lanterna\/\",\"name\":\"Bragantino faz 2 a 0 e joga Am\u00e9rica-MG para a lanterna - Notibras\",\"isPartOf\":{\"@id\":\"https:\/\/www.notibras.com\/site\/#website\"},\"primaryImageOfPage\":{\"@id\":\"https:\/\/www.notibras.com\/site\/bragantino-faz-2-a-0-e-joga-america-mg-para-a-lanterna\/#primaryimage\"},\"image\":{\"@id\":\"https:\/\/www.notibras.com\/site\/bragantino-faz-2-a-0-e-joga-america-mg-para-a-lanterna\/#primaryimage\"},\"thumbnailUrl\":\"https:\/\/www.notibras.com\/site\/wp-content\/uploads\/2014\/09\/Leandro_001_640.jpg\",\"datePublished\":\"2014-09-17T01:03:27+00:00\",\"breadcrumb\":{\"@id\":\"https:\/\/www.notibras.com\/site\/bragantino-faz-2-a-0-e-joga-america-mg-para-a-lanterna\/#breadcrumb\"},\"inLanguage\":\"pt-BR\",\"potentialAction\":[{\"@type\":\"ReadAction\",\"target\":[\"https:\/\/www.notibras.com\/site\/bragantino-faz-2-a-0-e-joga-america-mg-para-a-lanterna\/\"]}]},{\"@type\":\"ImageObject\",\"inLanguage\":\"pt-BR\",\"@id\":\"https:\/\/www.notibras.com\/site\/bragantino-faz-2-a-0-e-joga-america-mg-para-a-lanterna\/#primaryimage\",\"url\":\"https:\/\/www.notibras.com\/site\/wp-content\/uploads\/2014\/09\/Leandro_001_640.jpg\",\"contentUrl\":\"https:\/\/www.notibras.com\/site\/wp-content\/uploads\/2014\/09\/Leandro_001_640.jpg\",\"width\":640,\"height\":309},{\"@type\":\"BreadcrumbList\",\"@id\":\"https:\/\/www.notibras.com\/site\/bragantino-faz-2-a-0-e-joga-america-mg-para-a-lanterna\/#breadcrumb\",\"itemListElement\":[{\"@type\":\"ListItem\",\"position\":1,\"name\":\"In\u00edcio\",\"item\":\"https:\/\/www.notibras.com\/site\/\"},{\"@type\":\"ListItem\",\"position\":2,\"name\":\"Bragantino faz 2 a 0 e joga Am\u00e9rica-MG para a lanterna\"}]},{\"@type\":\"WebSite\",\"@id\":\"https:\/\/www.notibras.com\/site\/#website\",\"url\":\"https:\/\/www.notibras.com\/site\/\",\"name\":\"Notibras\",\"description\":\"Not\u00edcias de Bras\u00edlia, do Brasil e do Mundo\",\"publisher\":{\"@id\":\"https:\/\/www.notibras.com\/site\/#organization\"},\"potentialAction\":[{\"@type\":\"SearchAction\",\"target\":{\"@type\":\"EntryPoint\",\"urlTemplate\":\"https:\/\/www.notibras.com\/site\/?s={search_term_string}\"},\"query-input\":{\"@type\":\"PropertyValueSpecification\",\"valueRequired\":true,\"valueName\":\"search_term_string\"}}],\"inLanguage\":\"pt-BR\"},{\"@type\":\"Organization\",\"@id\":\"https:\/\/www.notibras.com\/site\/#organization\",\"name\":\"Grupo Notibras de Comunica\u00e7\u00e3o\",\"url\":\"https:\/\/www.notibras.com\/site\/\",\"logo\":{\"@type\":\"ImageObject\",\"inLanguage\":\"pt-BR\",\"@id\":\"https:\/\/www.notibras.com\/site\/#\/schema\/logo\/image\/\",\"url\":\"https:\/\/www.notibras.com\/site\/wp-content\/uploads\/2023\/01\/notibras23.png\",\"contentUrl\":\"https:\/\/www.notibras.com\/site\/wp-content\/uploads\/2023\/01\/notibras23.png\",\"width\":350,\"height\":87,\"caption\":\"Grupo Notibras de Comunica\u00e7\u00e3o\"},\"image\":{\"@id\":\"https:\/\/www.notibras.com\/site\/#\/schema\/logo\/image\/\"},\"sameAs\":[\"https:\/\/www.facebook.com\/notibras\/\",\"https:\/\/x.com\/Notibras\",\"https:\/\/www.instagram.com\/notibras\/\"]},{\"@type\":\"Person\",\"@id\":\"https:\/\/www.notibras.com\/site\/#\/schema\/person\/36ab0979449956132d3e5b517ea76ac8\",\"name\":\"Reda\u00e7\u00e3o\",\"image\":{\"@type\":\"ImageObject\",\"inLanguage\":\"pt-BR\",\"@id\":\"https:\/\/secure.gravatar.com\/avatar\/e0a867bdedb85fd243eadf09663511f96fc81e0720a4a42581f334ad4303aa6b?s=96&d=mm&r=g\",\"url\":\"https:\/\/secure.gravatar.com\/avatar\/e0a867bdedb85fd243eadf09663511f96fc81e0720a4a42581f334ad4303aa6b?s=96&d=mm&r=g\",\"contentUrl\":\"https:\/\/secure.gravatar.com\/avatar\/e0a867bdedb85fd243eadf09663511f96fc81e0720a4a42581f334ad4303aa6b?s=96&d=mm&r=g\",\"caption\":\"Reda\u00e7\u00e3o\"}}]}<\/script>\n<!-- \/ Yoast SEO plugin. -->","yoast_head_json":{"title":"Bragantino faz 2 a 0 e joga Am\u00e9rica-MG para a lanterna - Notibras","robots":{"index":"index","follow":"follow","max-snippet":"max-snippet:-1","max-image-preview":"max-image-preview:large","max-video-preview":"max-video-preview:-1"},"canonical":"https:\/\/www.notibras.com\/site\/bragantino-faz-2-a-0-e-joga-america-mg-para-a-lanterna\/","og_locale":"pt_BR","og_type":"article","og_title":"Bragantino faz 2 a 0 e joga Am\u00e9rica-MG para a lanterna - Notibras","og_description":"Depois de um bom in\u00edcio de S\u00e9rie B, o Am\u00e9rica-MG vem em queda livre dentro de campo e n\u00e3o tem conseguido os resultados positivos, nem mesmo quando tem o mando de campo. Nesta ter\u00e7a-feira, o time recebeu o Bragantino no Independ\u00eancia, e acabou derrotado por 2 a 0, causando indigna\u00e7\u00e3o nos poucos torcedores que foram [&hellip;]","og_url":"https:\/\/www.notibras.com\/site\/bragantino-faz-2-a-0-e-joga-america-mg-para-a-lanterna\/","og_site_name":"Notibras","article_publisher":"https:\/\/www.facebook.com\/notibras\/","article_published_time":"2014-09-17T01:03:27+00:00","og_image":[{"width":640,"height":309,"url":"https:\/\/www.notibras.com\/site\/wp-content\/uploads\/2014\/09\/Leandro_001_640.jpg","type":"image\/jpeg"}],"author":"Reda\u00e7\u00e3o","twitter_card":"summary_large_image","twitter_creator":"@Notibras","twitter_site":"@Notibras","twitter_misc":{"Escrito por":"Reda\u00e7\u00e3o","Est. tempo de leitura":"3 minutos"},"schema":{"@context":"https:\/\/schema.org","@graph":[{"@type":"Article","@id":"https:\/\/www.notibras.com\/site\/bragantino-faz-2-a-0-e-joga-america-mg-para-a-lanterna\/#article","isPartOf":{"@id":"https:\/\/www.notibras.com\/site\/bragantino-faz-2-a-0-e-joga-america-mg-para-a-lanterna\/"},"author":{"name":"Reda\u00e7\u00e3o","@id":"https:\/\/www.notibras.com\/site\/#\/schema\/person\/36ab0979449956132d3e5b517ea76ac8"},"headline":"Bragantino faz 2 a 0 e joga Am\u00e9rica-MG para a lanterna","datePublished":"2014-09-17T01:03:27+00:00","mainEntityOfPage":{"@id":"https:\/\/www.notibras.com\/site\/bragantino-faz-2-a-0-e-joga-america-mg-para-a-lanterna\/"},"wordCount":634,"commentCount":0,"publisher":{"@id":"https:\/\/www.notibras.com\/site\/#organization"},"image":{"@id":"https:\/\/www.notibras.com\/site\/bragantino-faz-2-a-0-e-joga-america-mg-para-a-lanterna\/#primaryimage"},"thumbnailUrl":"https:\/\/www.notibras.com\/site\/wp-content\/uploads\/2014\/09\/Leandro_001_640.jpg","articleSection":["Esportes","Futebol"],"inLanguage":"pt-BR","potentialAction":[{"@type":"CommentAction","name":"Comment","target":["https:\/\/www.notibras.com\/site\/bragantino-faz-2-a-0-e-joga-america-mg-para-a-lanterna\/#respond"]}]},{"@type":"WebPage","@id":"https:\/\/www.notibras.com\/site\/bragantino-faz-2-a-0-e-joga-america-mg-para-a-lanterna\/","url":"https:\/\/www.notibras.com\/site\/bragantino-faz-2-a-0-e-joga-america-mg-para-a-lanterna\/","name":"Bragantino faz 2 a 0 e joga Am\u00e9rica-MG para a lanterna - Notibras","isPartOf":{"@id":"https:\/\/www.notibras.com\/site\/#website"},"primaryImageOfPage":{"@id":"https:\/\/www.notibras.com\/site\/bragantino-faz-2-a-0-e-joga-america-mg-para-a-lanterna\/#primaryimage"},"image":{"@id":"https:\/\/www.notibras.com\/site\/bragantino-faz-2-a-0-e-joga-america-mg-para-a-lanterna\/#primaryimage"},"thumbnailUrl":"https:\/\/www.notibras.com\/site\/wp-content\/uploads\/2014\/09\/Leandro_001_640.jpg","datePublished":"2014-09-17T01:03:27+00:00","breadcrumb":{"@id":"https:\/\/www.notibras.com\/site\/bragantino-faz-2-a-0-e-joga-america-mg-para-a-lanterna\/#breadcrumb"},"inLanguage":"pt-BR","potentialAction":[{"@type":"ReadAction","target":["https:\/\/www.notibras.com\/site\/bragantino-faz-2-a-0-e-joga-america-mg-para-a-lanterna\/"]}]},{"@type":"ImageObject","inLanguage":"pt-BR","@id":"https:\/\/www.notibras.com\/site\/bragantino-faz-2-a-0-e-joga-america-mg-para-a-lanterna\/#primaryimage","url":"https:\/\/www.notibras.com\/site\/wp-content\/uploads\/2014\/09\/Leandro_001_640.jpg","contentUrl":"https:\/\/www.notibras.com\/site\/wp-content\/uploads\/2014\/09\/Leandro_001_640.jpg","width":640,"height":309},{"@type":"BreadcrumbList","@id":"https:\/\/www.notibras.com\/site\/bragantino-faz-2-a-0-e-joga-america-mg-para-a-lanterna\/#breadcrumb","itemListElement":[{"@type":"ListItem","position":1,"name":"In\u00edcio","item":"https:\/\/www.notibras.com\/site\/"},{"@type":"ListItem","position":2,"name":"Bragantino faz 2 a 0 e joga Am\u00e9rica-MG para a lanterna"}]},{"@type":"WebSite","@id":"https:\/\/www.notibras.com\/site\/#website","url":"https:\/\/www.notibras.com\/site\/","name":"Notibras","description":"Not\u00edcias de Bras\u00edlia, do Brasil e do Mundo","publisher":{"@id":"https:\/\/www.notibras.com\/site\/#organization"},"potentialAction":[{"@type":"SearchAction","target":{"@type":"EntryPoint","urlTemplate":"https:\/\/www.notibras.com\/site\/?s={search_term_string}"},"query-input":{"@type":"PropertyValueSpecification","valueRequired":true,"valueName":"search_term_string"}}],"inLanguage":"pt-BR"},{"@type":"Organization","@id":"https:\/\/www.notibras.com\/site\/#organization","name":"Grupo Notibras de Comunica\u00e7\u00e3o","url":"https:\/\/www.notibras.com\/site\/","logo":{"@type":"ImageObject","inLanguage":"pt-BR","@id":"https:\/\/www.notibras.com\/site\/#\/schema\/logo\/image\/","url":"https:\/\/www.notibras.com\/site\/wp-content\/uploads\/2023\/01\/notibras23.png","contentUrl":"https:\/\/www.notibras.com\/site\/wp-content\/uploads\/2023\/01\/notibras23.png","width":350,"height":87,"caption":"Grupo Notibras de Comunica\u00e7\u00e3o"},"image":{"@id":"https:\/\/www.notibras.com\/site\/#\/schema\/logo\/image\/"},"sameAs":["https:\/\/www.facebook.com\/notibras\/","https:\/\/x.com\/Notibras","https:\/\/www.instagram.com\/notibras\/"]},{"@type":"Person","@id":"https:\/\/www.notibras.com\/site\/#\/schema\/person\/36ab0979449956132d3e5b517ea76ac8","name":"Reda\u00e7\u00e3o","image":{"@type":"ImageObject","inLanguage":"pt-BR","@id":"https:\/\/secure.gravatar.com\/avatar\/e0a867bdedb85fd243eadf09663511f96fc81e0720a4a42581f334ad4303aa6b?s=96&d=mm&r=g","url":"https:\/\/secure.gravatar.com\/avatar\/e0a867bdedb85fd243eadf09663511f96fc81e0720a4a42581f334ad4303aa6b?s=96&d=mm&r=g","contentUrl":"https:\/\/secure.gravatar.com\/avatar\/e0a867bdedb85fd243eadf09663511f96fc81e0720a4a42581f334ad4303aa6b?s=96&d=mm&r=g","caption":"Reda\u00e7\u00e3o"}}]}},"amp_enabled":true,"_links":{"self":[{"href":"https:\/\/www.notibras.com\/site\/wp-json\/wp\/v2\/posts\/22456","targetHints":{"allow":["GET"]}}],"collection":[{"href":"https:\/\/www.notibras.com\/site\/wp-json\/wp\/v2\/posts"}],"about":[{"href":"https:\/\/www.notibras.com\/site\/wp-json\/wp\/v2\/types\/post"}],"author":[{"embeddable":true,"href":"https:\/\/www.notibras.com\/site\/wp-json\/wp\/v2\/users\/2"}],"replies":[{"embeddable":true,"href":"https:\/\/www.notibras.com\/site\/wp-json\/wp\/v2\/comments?post=22456"}],"version-history":[{"count":0,"href":"https:\/\/www.notibras.com\/site\/wp-json\/wp\/v2\/posts\/22456\/revisions"}],"wp:featuredmedia":[{"embeddable":true,"href":"https:\/\/www.notibras.com\/site\/wp-json\/wp\/v2\/media\/22457"}],"wp:attachment":[{"href":"https:\/\/www.notibras.com\/site\/wp-json\/wp\/v2\/media?parent=22456"}],"wp:term":[{"taxonomy":"category","embeddable":true,"href":"https:\/\/www.notibras.com\/site\/wp-json\/wp\/v2\/categories?post=22456"},{"taxonomy":"post_tag","embeddable":true,"href":"https:\/\/www.notibras.com\/site\/wp-json\/wp\/v2\/tags?post=22456"}],"curies":[{"name":"wp","href":"https:\/\/api.w.org\/{rel}","templated":true}]}}